{"id":2767,"date":"2025-03-24T23:28:15","date_gmt":"2025-03-25T02:28:15","guid":{"rendered":"https:\/\/www.enorsai.com\/noticias\/?p=2767"},"modified":"2025-03-24T23:28:15","modified_gmt":"2025-03-25T02:28:15","slug":"victoria-donda-ver-el-video-del-gobierno-es-una-forma-de-escupirnos-en-la-cara-a-los-que-sobrevivimos-al-horror","status":"publish","type":"post","link":"https:\/\/www.enorsai.com\/noticias\/sociedad\/victoria-donda-ver-el-video-del-gobierno-es-una-forma-de-escupirnos-en-la-cara-a-los-que-sobrevivimos-al-horror\/","title":{"rendered":"Victoria Donda: \u00abVer el video del gobierno es una forma de escupirnos en la cara a los que sobrevivimos al horror\u00bb"},"content":{"rendered":"\n<p><strong>Por Redacci\u00f3n | Delta 90.3 &#8211; Coworking<\/strong><\/p>\n\n\n\n<p>El 24 de marzo es un d\u00eda de memoria, verdad y justicia. Sin embargo, el gobierno de Javier Milei decidi\u00f3 aprovechar la fecha para publicar un video negacionista, minimizando los cr\u00edmenes de la dictadura militar. Para Victoria Donda, exdiputada nacional y parlamentaria del Parlasur, se trata de una afrenta directa a los sobrevivientes del terrorismo de Estado. \u00abVer el video es una forma de escupirnos en la cara a todos aquellos que sobrevivimos al horror\u00bb, denunci\u00f3.<\/p>\n\n\n\n<p><strong>Memoria personal, memoria colectiva<\/strong><\/p>\n\n\n\n<p>Donda carga con la historia en su propia piel. Su madre fue secuestrada y torturada con ella en el vientre. Su hermana est\u00e1 desaparecida. Sus padres fueron v\u00edctimas del terrorismo de Estado. Para ella, el 24 de marzo no es una efem\u00e9ride m\u00e1s: \u00abEs un d\u00eda muy triste para m\u00ed. Este proceso hist\u00f3rico me impidi\u00f3 crecer con mi mam\u00e1 y con mi pap\u00e1. Me impidi\u00f3 decirle a mi hija d\u00f3nde puede llevarle una flor a mis padres\u00bb.<\/p>\n\n\n\n<p>Ante la consulta sobre el video publicado por el gobierno nacional, la parlamentaria del Parlasur fue tajante: \u00abNo lo vi, pero s\u00e9 lo que dice. No es m\u00e1s que la misma estrategia de siempre del fascismo: minimizar los hechos, poner en duda las cifras y correr el eje del debate\u00bb.<\/p>\n\n\n\n<p><strong>El negacionismo como pol\u00edtica de Estado<\/strong><\/p>\n\n\n\n<p>La estrategia del oficialismo es clara: relativizar los cr\u00edmenes de la dictadura, cuestionar el n\u00famero de desaparecidos y poner en la misma balanza los cr\u00edmenes del Estado con los delitos de civiles. \u00abSe trata de hacer un paralelo entre los cr\u00edmenes cometidos por la dictadura y los delitos cometidos por grupos de civiles. No los niego, debieron haber existido, pero no se puede igualar. Cuando no hab\u00eda clandestinidad, esos cr\u00edmenes se juzgaron y muchos exmontoneros estuvieron presos. No eran el Estado desapareciendo sistem\u00e1ticamente a un grupo de personas\u00bb.<\/p>\n\n\n\n<p>Para Donda, esta confusi\u00f3n es intencional y forma parte de una ofensiva pol\u00edtica mayor. \u00abEl terrorismo de Estado gener\u00f3 clandestinidad, impidi\u00f3 saber con precisi\u00f3n qu\u00e9 pas\u00f3. Y ahora usan esa falta de certezas para relativizar el horror\u00bb.<\/p>\n\n\n\n<p><strong>El caso Firmenich y la manipulaci\u00f3n del pasado<\/strong><\/p>\n\n\n\n<p>En su intento por reescribir la historia, el gobierno tambi\u00e9n reintrodujo en el debate p\u00fablico figuras como Mario Firmenich, exl\u00edder de Montoneros. Pero para Donda, este intento de equiparar responsabilidades es falaz: \u00abFirmenich no tiene trascendencia en la pol\u00edtica actual. Puede hablar como cualquiera porque fue juzgado, condenado e indultado, al igual que los militares. La diferencia es que los cr\u00edmenes de la dictadura son de lesa humanidad y no prescriben\u00bb.<\/p>\n\n\n\n<p>La insistencia del gobierno en reflotar viejas discusiones es parte de una estrategia para desviar la atenci\u00f3n de los problemas reales. \u00abMientras debaten si fueron 30.000 o menos, est\u00e1n vendiendo nuestros recursos naturales y llevando adelante un ajuste brutal\u00bb, denunci\u00f3 Donda.<\/p>\n\n\n\n<p><strong>Fuerzas Armadas y la sombra del pasado<\/strong><\/p>\n\n\n\n<p>Sobre el rol de las Fuerzas Armadas, la exdiputada destac\u00f3 que existe una disputa interna en la instituci\u00f3n. \u00abNo se puede achacar a todos los miembros actuales los delitos del pasado, pero s\u00ed hay una tradici\u00f3n autoritaria que persiste\u00bb. Seg\u00fan Donda, la pol\u00edtica debe encarar un debate serio sobre qu\u00e9 tipo de fuerzas armadas necesita el pa\u00eds: \u00abTenemos que recuperar unas Fuerzas Armadas que defiendan nuestros recursos naturales, a nuestro pueblo y a nuestra tierra\u00bb.<\/p>\n\n\n\n<p><strong>Milei y el servilismo al poder extranjero<\/strong><\/p>\n\n\n\n<p>Donda tambi\u00e9n apunt\u00f3 contra la pol\u00edtica econ\u00f3mica del gobierno y su alineamiento con los intereses de Estados Unidos. \u00abActualmente tenemos a un presidente imputado por delitos de estafa, perseguido internacionalmente por esto, y que se la pasa viajando a Estados Unidos para ver qu\u00e9 m\u00e1s le puede regalar a los dem\u00e1s. Y lo que est\u00e1 regalando son nuestros recursos naturales\u00bb.<\/p>\n\n\n\n<p>En ese sentido, diferenci\u00f3 el nacionalismo popular del nacionalismo fascista. \u00abNosotros defendemos a los hombres y mujeres que pisan nuestra tierra, no a la burgues\u00eda que se hace rica con los recursos del pa\u00eds\u00bb.<\/p>\n\n\n\n<p><strong>Memoria y resistencia<\/strong><\/p>\n\n\n\n<p>El intento del gobierno de relativizar el pasado no es un hecho aislado. Forma parte de un proyecto pol\u00edtico que busca reconfigurar la democracia argentina. Pero si algo demostr\u00f3 el 24 de marzo es que la memoria sigue viva en el pueblo. \u00abNo podr\u00e1n borrar la historia. No podr\u00e1n borrar a los 30.000. No podr\u00e1n borrar el Nunca M\u00e1s\u00bb, sentenci\u00f3 Donda.<\/p>\n\n\n\n<hr class=\"wp-block-separator has-alpha-channel-opacity\"\/>\n","protected":false},"excerpt":{"rendered":"<p>Por Redacci\u00f3n | Delta 90.3 &#8211; Coworking El 24 de marzo es un d\u00eda de memoria, verdad y justicia. Sin embargo, el gobierno de Javier Milei decidi\u00f3 aprovechar la fecha para publicar un video negacionista, minimizando los cr\u00edmenes de la dictadura militar. Para Victoria Donda, exdiputada nacional y parlamentaria del Parlasur, se trata de una&#8230;<\/p>\n","protected":false},"author":4,"featured_media":2768,"comment_status":"open","ping_status":"open","sticky":false,"template":"","format":"standard","meta":{"_monsterinsights_skip_tracking":false,"_monsterinsights_sitenote_active":false,"_monsterinsights_sitenote_note":"","_monsterinsights_sitenote_category":0,"footnotes":"","jetpack_publicize_message":"","jetpack_publicize_feature_enabled":true,"jetpack_social_post_already_shared":true,"jetpack_social_options":{"image_generator_settings":{"template":"highway","default_image_id":0,"font":"","enabled":false},"version":2}},"categories":[4],"tags":[1030,1026,1031,1033,1032],"class_list":["post-2767","post","type-post","status-publish","format-standard","has-post-thumbnail","hentry","category-sociedad","tag-derechos-humanos-en-argentina","tag-dictadura-militar-argentina","tag-negacionismo-en-el-gobierno-de-milei","tag-terrorismo-de-estado-y-memoria-historica","tag-victoria-donda-24-de-marzo"],"jetpack_publicize_connections":[],"_links":{"self":[{"href":"https:\/\/www.enorsai.com\/noticias\/wp-json\/wp\/v2\/posts\/2767","targetHints":{"allow":["GET"]}}],"collection":[{"href":"https:\/\/www.enorsai.com\/noticias\/wp-json\/wp\/v2\/posts"}],"about":[{"href":"https:\/\/www.enorsai.com\/noticias\/wp-json\/wp\/v2\/types\/post"}],"author":[{"embeddable":true,"href":"https:\/\/www.enorsai.com\/noticias\/wp-json\/wp\/v2\/users\/4"}],"replies":[{"embeddable":true,"href":"https:\/\/www.enorsai.com\/noticias\/wp-json\/wp\/v2\/comments?post=2767"}],"version-history":[{"count":1,"href":"https:\/\/www.enorsai.com\/noticias\/wp-json\/wp\/v2\/posts\/2767\/revisions"}],"predecessor-version":[{"id":2769,"href":"https:\/\/www.enorsai.com\/noticias\/wp-json\/wp\/v2\/posts\/2767\/revisions\/2769"}],"wp:featuredmedia":[{"embeddable":true,"href":"https:\/\/www.enorsai.com\/noticias\/wp-json\/wp\/v2\/media\/2768"}],"wp:attachment":[{"href":"https:\/\/www.enorsai.com\/noticias\/wp-json\/wp\/v2\/media?parent=2767"}],"wp:term":[{"taxonomy":"category","embeddable":true,"href":"https:\/\/www.enorsai.com\/noticias\/wp-json\/wp\/v2\/categories?post=2767"},{"taxonomy":"post_tag","embeddable":true,"href":"https:\/\/www.enorsai.com\/noticias\/wp-json\/wp\/v2\/tags?post=2767"}],"curies":[{"name":"wp","href":"https:\/\/api.w.org\/{rel}","templated":true}]}}