{"id":2764,"date":"2025-03-24T22:16:05","date_gmt":"2025-03-25T01:16:05","guid":{"rendered":"https:\/\/www.enorsai.com\/noticias\/?p=2764"},"modified":"2025-03-24T22:16:05","modified_gmt":"2025-03-25T01:16:05","slug":"kicillof-y-el-24-de-marzo-el-modelo-de-milei-es-el-de-la-dictadura","status":"publish","type":"post","link":"https:\/\/www.enorsai.com\/noticias\/politica\/kicillof-y-el-24-de-marzo-el-modelo-de-milei-es-el-de-la-dictadura\/","title":{"rendered":"Kicillof y el 24 de marzo: &#8216;El modelo de Milei es el de la dictadura&#8217;"},"content":{"rendered":"\n<p><strong>Por Redacci\u00f3n | AM 530 &#8211; Somos Radio<\/strong><\/p>\n\n\n\n<p>Este 24 de marzo, como cada a\u00f1o, miles de argentinos se congregaron en la Plaza de Mayo para reafirmar el compromiso con la memoria, la verdad y la justicia. En un contexto marcado por la ofensiva del gobierno de Javier Milei contra los consensos democr\u00e1ticos construidos en las \u00faltimas d\u00e9cadas, la jornada adquiri\u00f3 un car\u00e1cter de resistencia y reafirmaci\u00f3n de los derechos humanos.<\/p>\n\n\n\n<p>El gobernador de la provincia de Buenos Aires, Axel Kicillof, estuvo desde temprano en la Casa de las Madres de Plaza de Mayo, donde dialog\u00f3 con AM 530. En una entrevista exclusiva, el mandatario provincial cuestion\u00f3 la actitud provocadora del gobierno nacional y denunci\u00f3 las similitudes entre el modelo econ\u00f3mico de Milei y el que instaur\u00f3 la dictadura militar.<\/p>\n\n\n\n<p><strong>Provocaciones desde el poder<\/strong><\/p>\n\n\n\n<p>En la ma\u00f1ana del 24 de marzo, el gobierno de Javier Milei public\u00f3 un video en el que relativiza los cr\u00edmenes de la \u00faltima dictadura militar y los reinterpreta desde una visi\u00f3n negacionista. Kicillof no dud\u00f3 en calificar la maniobra como una \u00abarenga a su p\u00fablico\u00bb y un intento de provocar a los millones de argentinos que cada a\u00f1o se movilizan en memoria de los 30.000 desaparecidos.<\/p>\n\n\n\n<p>\u00abQue Milei haya sacado hoy un video como acto de provocaci\u00f3n demuestra su falta de respeto por la historia y por el pueblo argentino\u00bb, sostuvo el gobernador. \u00abNo es una discusi\u00f3n historiogr\u00e1fica, es el hecho pol\u00edtico m\u00e1s importante de la vuelta de la democracia. Hoy estamos aqu\u00ed para reafirmar que fueron 30.000, que seguimos luchando por la memoria, la verdad y la justicia\u00bb.<\/p>\n\n\n\n<p>Las calles de Buenos Aires fueron testigo de una multitudinaria movilizaci\u00f3n que reafirm\u00f3 el rechazo a cualquier intento de reinterpretar la historia en clave negacionista. \u00abLo que hace el gobierno nacional es de una liviandad peligrosa. Hablan con impunidad sobre lo que fue un genocidio\u00bb, advirti\u00f3 Kicillof.<\/p>\n\n\n\n<p><strong>Un modelo econ\u00f3mico al servicio del poder<\/strong><\/p>\n\n\n\n<p>El gobernador tambi\u00e9n vincul\u00f3 las pol\u00edticas econ\u00f3micas de Javier Milei con las que implement\u00f3 la dictadura entre 1976 y 1983. \u00abQuieren reducir la discusi\u00f3n a una cuesti\u00f3n de n\u00fameros o de enfrentamientos armados, pero lo que estamos discutiendo aqu\u00ed es qu\u00e9 pa\u00eds queremos\u00bb, afirm\u00f3.<\/p>\n\n\n\n<p>Seg\u00fan Kicillof, la vuelta al Fondo Monetario Internacional, el endeudamiento acelerado y las pol\u00edticas de ajuste ejecutadas por el ministro de Econom\u00eda, Luis Caputo, son una reedici\u00f3n del plan econ\u00f3mico de Jos\u00e9 Alfredo Mart\u00ednez de Hoz, el principal ide\u00f3logo de la pol\u00edtica neoliberal durante la dictadura. \u00abSi hay algo con lo que se asemeja lo que est\u00e1 haciendo Milei, es con el modelo econ\u00f3mico de la dictadura\u00bb, remarc\u00f3 el mandatario.<\/p>\n\n\n\n<p>La referencia de Kicillof a Mart\u00ednez de Hoz no es casual: el exministro de Econom\u00eda de Videla instaur\u00f3 un sistema de endeudamiento externo, desindustrializaci\u00f3n y apertura econ\u00f3mica que benefici\u00f3 a los grandes grupos econ\u00f3micos en detrimento de la mayor\u00eda de la poblaci\u00f3n. \u00abLa &#8216;tablita&#8217; de Mart\u00ednez de Hoz es la antecesora de las pol\u00edticas que hoy lleva adelante Caputo\u00bb, denunci\u00f3 Kicillof. \u00abEs la misma receta de siempre: ajuste brutal para el pueblo y negociados para unos pocos\u00bb.<\/p>\n\n\n\n<p><strong>Nunca M\u00e1s: memoria y resistencia<\/strong><\/p>\n\n\n\n<p>La consigna \u00abNunca M\u00e1s\u00bb reson\u00f3 con fuerza en toda la movilizaci\u00f3n, y Kicillof destac\u00f3 la importancia de sostener la memoria hist\u00f3rica frente a un gobierno que pretende retroceder en derechos conquistados. Adem\u00e1s, valor\u00f3 la consigna \u00abNunca M\u00e1s al FMI\u00bb, que cobr\u00f3 relevancia en el contexto actual de ajuste y endeudamiento.<\/p>\n\n\n\n<p>\u00abEl 24 de marzo no es solo recordar a las v\u00edctimas del genocidio, sino tambi\u00e9n entender para qu\u00e9 se hizo. Y se hizo para instaurar un modelo econ\u00f3mico que hoy Milei pretende revivir. Por eso decimos Nunca M\u00e1s\u00bb, enfatiz\u00f3 el gobernador.<\/p>\n\n\n\n<p>A pesar de los intentos del gobierno de Milei por correr el eje del debate y deslegitimar las luchas por los derechos humanos, la respuesta en las calles fue contundente. Decenas de miles de personas marcharon una vez m\u00e1s a la Plaza de Mayo para reafirmar que la memoria no se negocia y que la democracia no se toca.<\/p>\n\n\n\n<p>\u00abAcompa\u00f1ar a las Madres y Abuelas de Plaza de Mayo en un d\u00eda como hoy no es un gesto, es un compromiso de todos los que creemos en la democracia\u00bb, concluy\u00f3 Kicillof.<\/p>\n\n\n\n<hr class=\"wp-block-separator has-alpha-channel-opacity\"\/>\n\n\n\n<p><\/p>\n","protected":false},"excerpt":{"rendered":"<p>Por Redacci\u00f3n | AM 530 &#8211; Somos Radio Este 24 de marzo, como cada a\u00f1o, miles de argentinos se congregaron en la Plaza de Mayo para reafirmar el compromiso con la memoria, la verdad y la justicia. En un contexto marcado por la ofensiva del gobierno de Javier Milei contra los consensos democr\u00e1ticos construidos en&#8230;<\/p>\n","protected":false},"author":4,"featured_media":2765,"comment_status":"open","ping_status":"open","sticky":false,"template":"","format":"standard","meta":{"_monsterinsights_skip_tracking":false,"_monsterinsights_sitenote_active":false,"_monsterinsights_sitenote_note":"","_monsterinsights_sitenote_category":0,"footnotes":"","jetpack_publicize_message":"","jetpack_publicize_feature_enabled":true,"jetpack_social_post_already_shared":true,"jetpack_social_options":{"image_generator_settings":{"template":"highway","default_image_id":0,"font":"","enabled":false},"version":2}},"categories":[2,4],"tags":[1028,1030,1026,1029,1027],"class_list":["post-2764","post","type-post","status-publish","format-standard","has-post-thumbnail","hentry","category-politica","category-sociedad","tag-axel-kicillof-24-de-marzo","tag-derechos-humanos-en-argentina","tag-dictadura-militar-argentina","tag-fmi-y-ajuste-en-argentina","tag-javier-milei-politica-economica"],"jetpack_publicize_connections":[],"_links":{"self":[{"href":"https:\/\/www.enorsai.com\/noticias\/wp-json\/wp\/v2\/posts\/2764","targetHints":{"allow":["GET"]}}],"collection":[{"href":"https:\/\/www.enorsai.com\/noticias\/wp-json\/wp\/v2\/posts"}],"about":[{"href":"https:\/\/www.enorsai.com\/noticias\/wp-json\/wp\/v2\/types\/post"}],"author":[{"embeddable":true,"href":"https:\/\/www.enorsai.com\/noticias\/wp-json\/wp\/v2\/users\/4"}],"replies":[{"embeddable":true,"href":"https:\/\/www.enorsai.com\/noticias\/wp-json\/wp\/v2\/comments?post=2764"}],"version-history":[{"count":1,"href":"https:\/\/www.enorsai.com\/noticias\/wp-json\/wp\/v2\/posts\/2764\/revisions"}],"predecessor-version":[{"id":2766,"href":"https:\/\/www.enorsai.com\/noticias\/wp-json\/wp\/v2\/posts\/2764\/revisions\/2766"}],"wp:featuredmedia":[{"embeddable":true,"href":"https:\/\/www.enorsai.com\/noticias\/wp-json\/wp\/v2\/media\/2765"}],"wp:attachment":[{"href":"https:\/\/www.enorsai.com\/noticias\/wp-json\/wp\/v2\/media?parent=2764"}],"wp:term":[{"taxonomy":"category","embeddable":true,"href":"https:\/\/www.enorsai.com\/noticias\/wp-json\/wp\/v2\/categories?post=2764"},{"taxonomy":"post_tag","embeddable":true,"href":"https:\/\/www.enorsai.com\/noticias\/wp-json\/wp\/v2\/tags?post=2764"}],"curies":[{"name":"wp","href":"https:\/\/api.w.org\/{rel}","templated":true}]}}