{"id":2761,"date":"2025-03-24T12:30:07","date_gmt":"2025-03-24T15:30:07","guid":{"rendered":"https:\/\/www.enorsai.com\/noticias\/?p=2761"},"modified":"2025-03-24T12:30:07","modified_gmt":"2025-03-24T15:30:07","slug":"historiador-destruyo-a-agustin-laje-las-manipulaciones-del-gobierno-de-milei-sobre-el-24-de-marzo","status":"publish","type":"post","link":"https:\/\/www.enorsai.com\/noticias\/politica\/historiador-destruyo-a-agustin-laje-las-manipulaciones-del-gobierno-de-milei-sobre-el-24-de-marzo\/","title":{"rendered":"Historiador destruy\u00f3 a Agust\u00edn Laje: Las manipulaciones del gobierno de Milei sobre el 24 de marzo"},"content":{"rendered":"\n<p><em>El pol\u00e9mico video de Laje, promovido por el oficialismo, tergiversa la historia de la dictadura. Omite el terrorismo de Estado, exagera el rol de la guerrilla y borra a los empresarios c\u00f3mplices.<\/em> <em>Mientras Milei y su c\u00edrculo intentan reescribir el pasado, el historiador Pablo Borda desnuda las falacias de Laje: desde cifras infladas hasta el ocultamiento del rol de EE.UU. y las dictaduras previas. La verdad inc\u00f3moda que el libertarismo no quiere contar.<\/em><\/p>\n\n\n\n<p><\/p>\n\n\n\n<h3 class=\"wp-block-heading\"><strong>LAJE, EL \u00abHISTORIADOR\u00bb SIN HISTORIA<\/strong><\/h3>\n\n\n\n<p>Agust\u00edn Laje, el autoproclamado&nbsp;<em>intelectual<\/em>&nbsp;libertario que jam\u00e1s pis\u00f3 una facultad de Historia, acaba de protagonizar un video oficialista para el 24 de marzo. Su relato, plagado de omisiones y mentiras, es un manual de negacionismo:&nbsp;<strong>la guerrilla fue una \u00abinvasi\u00f3n castrista\u00bb, los militares solo \u00abrespondieron\u00bb, y los 30.000 desaparecidos son un \u00abinvento kirchnerista\u00bb<\/strong>. Nada m\u00e1s lejos de la realidad.<\/p>\n\n\n\n<p>El problema no es solo su ignorancia, sino su&nbsp;<strong>deliberada manipulaci\u00f3n<\/strong>. Laje repite como loro los argumentos de la dictadura: habla de \u00abguerra revolucionaria\u00bb para justificar el terrorismo de Estado, pero&nbsp;<strong>omite que las Fuerzas Armadas ya planeaban la represi\u00f3n masiva desde 1957<\/strong>, entrenadas por EE.UU. en la Escuela de las Am\u00e9ricas. Tampoco menciona que la Triple A \u2014creada por el peronismo derechista\u2014 asesin\u00f3 a 500 personas antes del golpe.<\/p>\n\n\n\n<figure class=\"wp-block-embed is-type-video is-provider-youtube wp-block-embed-youtube wp-embed-aspect-16-9 wp-has-aspect-ratio\"><div class=\"wp-block-embed__wrapper\">\n<iframe loading=\"lazy\" title=\"HISTORIADOR RESPONDE A AGUSTIN LAJE - EL 24 DE MARZO, LA DICTADURA Y EL DISCURSO DE JAVIER MILEI\" width=\"640\" height=\"360\" src=\"https:\/\/www.youtube.com\/embed\/yhkaU7e__1M?start=34&#038;feature=oembed\" frameborder=\"0\" allow=\"accelerometer; autoplay; clipboard-write; encrypted-media; gyroscope; picture-in-picture; web-share\" referrerpolicy=\"strict-origin-when-cross-origin\" allowfullscreen><\/iframe>\n<\/div><\/figure>\n\n\n\n<p><\/p>\n\n\n\n<h3 class=\"wp-block-heading\"><strong>LAS TRAMPAS DE LAJE: GUERRILLA S\u00cd, DICTADURA NO<\/strong><\/h3>\n\n\n\n<ol start=\"1\" class=\"wp-block-list\">\n<li><strong>\u00abCuba financi\u00f3 todo\u00bb (mentira)<\/strong><br>Laje insiste en que la guerrilla fue un \u00abataque extranjero\u00bb. Pero montoneros y el ERP surgieron\u00a0<strong>en respuesta a la dictadura de Ongan\u00eda<\/strong>, que prohibi\u00f3 partidos, censur\u00f3 universidades y reprimi\u00f3 obreros. Cuba dio apoyo log\u00edstico, pero no dirigi\u00f3 nada. \u00bfPor qu\u00e9 Laje no dice que EE.UU. entren\u00f3 a los militares argentinos en tortura?<\/li>\n\n\n\n<li><strong>\u00abHubo 15.000 guerrilleros\u00bb (exageraci\u00f3n rid\u00edcula)<\/strong><br>Las propias Fuerzas Armadas reconoc\u00edan, antes del golpe, que la guerrilla no superaba los\u00a0<strong>2.000 miembros<\/strong>. Tras 1976, inflaron las cifras para justificar el exterminio. Si hubieran sido 15.000, Argentina habr\u00eda sido\u00a0<strong>un Vietnam<\/strong>.<\/li>\n\n\n\n<li><strong>\u00abLos 30.000 son un invento\u00bb (negacionismo)<\/strong><br>Laje usa el informe de la CONADEP (8.961 desaparecidos) para desacreditar la cifra simb\u00f3lica de 30.000. Pero\u00a0<strong>omite que ese informe era preliminar<\/strong>: hoy hay\u00a0<strong>9.000 nombres confirmados<\/strong>, y se siguen encontrando fosas. Adem\u00e1s, \u00bfacaso 8.961 no bastan para decir \u00abNunca M\u00e1s\u00bb?<\/li>\n<\/ol>\n\n\n\n<hr class=\"wp-block-separator has-alpha-channel-opacity\"\/>\n\n\n\n<h3 class=\"wp-block-heading\"><strong>LO QUE LAJE CALLA: LOS EMPRESARIOS C\u00d3MPLICES Y EL PLAN CONDOR<\/strong><\/h3>\n\n\n\n<ul class=\"wp-block-list\">\n<li><strong>Ford, Acindar y Ledesma<\/strong>\u00a0tienen condenas por cr\u00edmenes de lesa humanidad. Sus f\u00e1bricas fueron centros clandestinos.<\/li>\n\n\n\n<li><strong>EE.UU. no solo aval\u00f3 la dictadura<\/strong>: la CIA ayud\u00f3 a coordinar el Plan C\u00f3ndor. Laje, que estudi\u00f3 \u00abcontraterrorismo\u00bb en Washington, lo sabe.<\/li>\n\n\n\n<li><strong>La violencia empez\u00f3 en 1955<\/strong>: con el bombardeo a Plaza de Mayo y los fusilamientos de Jos\u00e9 Le\u00f3n Su\u00e1rez. La guerrilla fue una\u00a0<strong>consecuencia<\/strong>, no la causa.<\/li>\n<\/ul>\n\n\n\n<hr class=\"wp-block-separator has-alpha-channel-opacity\"\/>\n\n\n\n<h3 class=\"wp-block-heading\"><strong>MILEI Y LAJE: REESCRIBIR LA HISTORIA PARA BLANQUEAR EL PASADO<\/strong><\/h3>\n\n\n\n<p>El video de Laje no es casual:&nbsp;<strong>el gobierno de Milei necesita borrar el terrorismo de Estado para imponer su relato libertario<\/strong>. Si la dictadura fue \u00abuna guerra necesaria\u00bb, entonces los militares fueron \u00abh\u00e9roes\u00bb. Y si los desaparecidos \u00abno fueron tantos\u00bb, el Nunca M\u00e1s pierde sentido.<\/p>\n\n\n\n<p>Pero la historia no se tapa con&nbsp;<em>fake news<\/em>. Los archivos desclasificados de EE.UU., los juicios a genocidas y las Abuelas de Plaza de Mayo&nbsp;<strong>ya desmontaron este revisionismo<\/strong>. Laje y Milei pueden mentir, pero los huesos de las fosas comunes no.<\/p>\n\n\n\n<hr class=\"wp-block-separator has-alpha-channel-opacity\"\/>\n\n\n\n<h3 class=\"wp-block-heading\"><strong>CONCLUSI\u00d3N: LA VERDAD NO SE NEGOCIA<\/strong><\/h3>\n\n\n\n<p>Agust\u00edn Laje no es un historiador: es un&nbsp;<strong>propagandista<\/strong>. Su video es un panfleto que omite lo esencial:<\/p>\n\n\n\n<p>\u2705&nbsp;<strong>La dictadura secuestr\u00f3, tortur\u00f3 y mat\u00f3 a miles de inocentes<\/strong>.<br>\u2705&nbsp;<strong>Los empresarios y EE.UU. fueron c\u00f3mplices<\/strong>.<br>\u2705&nbsp;<strong>El Nunca M\u00e1s no es \u00abideolog\u00eda\u00bb: es justicia<\/strong>.<\/p>\n\n\n\n<p>Milei, que llama \u00abzurdos\u00bb a las v\u00edctimas, deber\u00eda recordar algo:&nbsp;<strong>la historia no se escribe con tuits, sino con memoria<\/strong>. Y esa memoria ya lo juzg\u00f3.<\/p>\n","protected":false},"excerpt":{"rendered":"<p>Agust\u00edn Laje, el \u00abhistoriador\u00bb sin formaci\u00f3n, minti\u00f3 en su video oficialista: exager\u00f3 la guerrilla, omiti\u00f3 el terrorismo de Estado y borr\u00f3 a los empresarios c\u00f3mplices. Milei usa este relato para blanquear la dictadura. Pero los archivos y los juicios ya desmontaron sus falacias.<\/p>\n","protected":false},"author":1,"featured_media":2762,"comment_status":"open","ping_status":"open","sticky":false,"template":"","format":"standard","meta":{"_monsterinsights_skip_tracking":false,"_monsterinsights_sitenote_active":false,"_monsterinsights_sitenote_note":"","_monsterinsights_sitenote_category":0,"footnotes":"","jetpack_publicize_message":"","jetpack_publicize_feature_enabled":true,"jetpack_social_post_already_shared":false,"jetpack_social_options":{"image_generator_settings":{"template":"highway","enabled":false},"version":2}},"categories":[17,2],"tags":[1022,207,90,1025,70,1024,97,45,801,1023],"class_list":["post-2761","post","type-post","status-publish","format-standard","has-post-thumbnail","hentry","category-opinion","category-politica","tag-24marzo","tag-dictadura","tag-fmi","tag-guerrilla","tag-justicia","tag-laje","tag-memoria","tag-milei","tag-negacionismo","tag-verdad"],"jetpack_publicize_connections":[],"_links":{"self":[{"href":"https:\/\/www.enorsai.com\/noticias\/wp-json\/wp\/v2\/posts\/2761","targetHints":{"allow":["GET"]}}],"collection":[{"href":"https:\/\/www.enorsai.com\/noticias\/wp-json\/wp\/v2\/posts"}],"about":[{"href":"https:\/\/www.enorsai.com\/noticias\/wp-json\/wp\/v2\/types\/post"}],"author":[{"embeddable":true,"href":"https:\/\/www.enorsai.com\/noticias\/wp-json\/wp\/v2\/users\/1"}],"replies":[{"embeddable":true,"href":"https:\/\/www.enorsai.com\/noticias\/wp-json\/wp\/v2\/comments?post=2761"}],"version-history":[{"count":1,"href":"https:\/\/www.enorsai.com\/noticias\/wp-json\/wp\/v2\/posts\/2761\/revisions"}],"predecessor-version":[{"id":2763,"href":"https:\/\/www.enorsai.com\/noticias\/wp-json\/wp\/v2\/posts\/2761\/revisions\/2763"}],"wp:featuredmedia":[{"embeddable":true,"href":"https:\/\/www.enorsai.com\/noticias\/wp-json\/wp\/v2\/media\/2762"}],"wp:attachment":[{"href":"https:\/\/www.enorsai.com\/noticias\/wp-json\/wp\/v2\/media?parent=2761"}],"wp:term":[{"taxonomy":"category","embeddable":true,"href":"https:\/\/www.enorsai.com\/noticias\/wp-json\/wp\/v2\/categories?post=2761"},{"taxonomy":"post_tag","embeddable":true,"href":"https:\/\/www.enorsai.com\/noticias\/wp-json\/wp\/v2\/tags?post=2761"}],"curies":[{"name":"wp","href":"https:\/\/api.w.org\/{rel}","templated":true}]}}