{"id":2754,"date":"2025-03-24T11:07:27","date_gmt":"2025-03-24T14:07:27","guid":{"rendered":"https:\/\/www.enorsai.com\/noticias\/?p=2754"},"modified":"2025-03-24T11:07:27","modified_gmt":"2025-03-24T14:07:27","slug":"salud-vs-negacionismo-kreplak-desarma-las-mentiras-del-gobierno-sobre-la-pandemia","status":"publish","type":"post","link":"https:\/\/www.enorsai.com\/noticias\/sociedad\/salud-vs-negacionismo-kreplak-desarma-las-mentiras-del-gobierno-sobre-la-pandemia\/","title":{"rendered":"Salud vs. Negacionismo: Kreplak desarma las mentiras del gobierno sobre la pandemia"},"content":{"rendered":"\n<p><strong>El exministro de Salud bonaerense defendi\u00f3 la gesti\u00f3n de la pandemia y desminti\u00f3 las falacias del gobierno actual sobre el manejo sanitario en Argentina.<\/strong><\/p>\n\n\n\n<p>El exministro de Salud de la provincia de Buenos Aires, Nicol\u00e1s Kreplak, sali\u00f3 al cruce de las declaraciones del presidente Javier Milei y sus funcionarios sobre la gesti\u00f3n de la pandemia, desmintiendo las afirmaciones negacionistas y reivindicando las decisiones tomadas para proteger la salud p\u00fablica. \u00abSe prioriz\u00f3 mucho el cuidado de la poblaci\u00f3n. Argentina tuvo la mitad de muertos que si se hubiera comportado como Brasil o Estados Unidos\u00bb, sostuvo en una entrevista en Radio 10.<\/p>\n\n\n\n<p>Kreplak apunt\u00f3 contra la desinformaci\u00f3n que el actual gobierno propaga sobre la pandemia y la gesti\u00f3n sanitaria del Estado: \u00abEste presidente dice barbaridades, miente con muchas cosas\u00bb. En este sentido, destac\u00f3 que, a diferencia de otros pa\u00edses, Argentina logr\u00f3 evitar el colapso del sistema sanitario y tuvo una menor tasa de mortalidad. \u00abNunca se lleg\u00f3 a saturar el sistema de salud, aunque perdimos 130 mil personas\u00bb, remarc\u00f3.<\/p>\n\n\n\n<p>El exministro defendi\u00f3 las medidas de aislamiento y restricciones implementadas en la provincia de Buenos Aires, donde se aplic\u00f3 un esquema de fases para adaptar la respuesta a la evoluci\u00f3n del virus. \u00abHay una mirada porte\u00f1oc\u00e9ntrica que invisibiliza lo que se hizo en el interior. En PBA hicimos un esquema como sem\u00e1foro que nos permit\u00eda tener distintas fases seg\u00fan la cantidad de casos y el riesgo en el sistema de salud\u00bb, explic\u00f3. Adem\u00e1s, subray\u00f3 que se construyeron centros de aislamiento que finalmente no fueron utilizados debido a la efectividad de las estrategias de contenci\u00f3n. \u00abNo hubo muchos errores, no hubo desidia. No se sab\u00eda qu\u00e9 iba a pasar, est\u00e1bamos en un escenario sin precedentes\u00bb, aclar\u00f3.<\/p>\n\n\n\n<p>Kreplak enfatiz\u00f3 la importancia de la concientizaci\u00f3n durante la crisis sanitaria: \u00abQuer\u00edamos que la gente entendiera que hab\u00eda que cuidarse, que no saliera de su casa. Hab\u00eda que darle tiempo a la sociedad\u00bb. En esta l\u00ednea, defendi\u00f3 la campa\u00f1a de vacunaci\u00f3n y alert\u00f3 sobre el peligro de las posturas antivacunas que se fortalecieron en la gesti\u00f3n actual. \u00abEl sarampi\u00f3n es mucho m\u00e1s contagioso que el Covid y afecta a todo aquel que no est\u00e9 vacunado\u00bb, advirti\u00f3, insistiendo en la necesidad de mantener altas tasas de inmunizaci\u00f3n en la poblaci\u00f3n.<\/p>\n\n\n\n<p>Tambi\u00e9n explic\u00f3 la efectividad de la vacuna antigripal, desmintiendo versiones que buscan desacreditar la inmunizaci\u00f3n: \u00abPuede ser que no impida el contagio, pero ayuda a que la enfermedad sea m\u00e1s leve\u00bb.<\/p>\n\n\n\n<p>Las declaraciones de Kreplak llegan en un momento cr\u00edtico, en el que el gobierno de Milei desfinancia el sistema de salud, ataca la vacunaci\u00f3n y relativiza el impacto de la pandemia. Frente a este panorama, el exministro reivindic\u00f3 la necesidad de pol\u00edticas sanitarias basadas en la evidencia cient\u00edfica y no en discursos ideol\u00f3gicos o negacionistas.<\/p>\n\n\n\n<hr class=\"wp-block-separator has-alpha-channel-opacity\"\/>\n","protected":false},"excerpt":{"rendered":"<p>El exministro de Salud bonaerense defendi\u00f3 la gesti\u00f3n de la pandemia y desminti\u00f3 las falacias del gobierno actual sobre el manejo sanitario en Argentina. El exministro de Salud de la provincia de Buenos Aires, Nicol\u00e1s Kreplak, sali\u00f3 al cruce de las declaraciones del presidente Javier Milei y sus funcionarios sobre la gesti\u00f3n de la pandemia,&#8230;<\/p>\n","protected":false},"author":4,"featured_media":2755,"comment_status":"open","ping_status":"open","sticky":false,"template":"","format":"standard","meta":{"_monsterinsights_skip_tracking":false,"_monsterinsights_sitenote_active":false,"_monsterinsights_sitenote_note":"","_monsterinsights_sitenote_category":0,"footnotes":"","jetpack_publicize_message":"","jetpack_publicize_feature_enabled":true,"jetpack_social_post_already_shared":true,"jetpack_social_options":{"image_generator_settings":{"template":"highway","default_image_id":0,"font":"","enabled":false},"version":2}},"categories":[6,4],"tags":[1016,1015,1013,1012,1014],"class_list":["post-2754","post","type-post","status-publish","format-standard","has-post-thumbnail","hentry","category-ciencia-y-tecnologia","category-sociedad","tag-campana-de-vacunacion-y-prevencion-de-enfermedades","tag-javier-milei-y-desinformacion-en-salud","tag-nicolas-kreplak-y-gestion-sanitaria","tag-pandemia-en-argentina","tag-salud-publica-y-covid-19"],"jetpack_publicize_connections":[],"_links":{"self":[{"href":"https:\/\/www.enorsai.com\/noticias\/wp-json\/wp\/v2\/posts\/2754","targetHints":{"allow":["GET"]}}],"collection":[{"href":"https:\/\/www.enorsai.com\/noticias\/wp-json\/wp\/v2\/posts"}],"about":[{"href":"https:\/\/www.enorsai.com\/noticias\/wp-json\/wp\/v2\/types\/post"}],"author":[{"embeddable":true,"href":"https:\/\/www.enorsai.com\/noticias\/wp-json\/wp\/v2\/users\/4"}],"replies":[{"embeddable":true,"href":"https:\/\/www.enorsai.com\/noticias\/wp-json\/wp\/v2\/comments?post=2754"}],"version-history":[{"count":1,"href":"https:\/\/www.enorsai.com\/noticias\/wp-json\/wp\/v2\/posts\/2754\/revisions"}],"predecessor-version":[{"id":2756,"href":"https:\/\/www.enorsai.com\/noticias\/wp-json\/wp\/v2\/posts\/2754\/revisions\/2756"}],"wp:featuredmedia":[{"embeddable":true,"href":"https:\/\/www.enorsai.com\/noticias\/wp-json\/wp\/v2\/media\/2755"}],"wp:attachment":[{"href":"https:\/\/www.enorsai.com\/noticias\/wp-json\/wp\/v2\/media?parent=2754"}],"wp:term":[{"taxonomy":"category","embeddable":true,"href":"https:\/\/www.enorsai.com\/noticias\/wp-json\/wp\/v2\/categories?post=2754"},{"taxonomy":"post_tag","embeddable":true,"href":"https:\/\/www.enorsai.com\/noticias\/wp-json\/wp\/v2\/tags?post=2754"}],"curies":[{"name":"wp","href":"https:\/\/api.w.org\/{rel}","templated":true}]}}