{"id":2747,"date":"2025-03-24T10:35:41","date_gmt":"2025-03-24T13:35:41","guid":{"rendered":"https:\/\/www.enorsai.com\/noticias\/?p=2747"},"modified":"2025-03-24T10:35:41","modified_gmt":"2025-03-24T13:35:41","slug":"el-miedo-como-politica-de-estado-investigadora-hostigada-amenazada-y-atacada","status":"publish","type":"post","link":"https:\/\/www.enorsai.com\/noticias\/politica\/el-miedo-como-politica-de-estado-investigadora-hostigada-amenazada-y-atacada\/","title":{"rendered":"El miedo como pol\u00edtica de Estado: investigadora hostigada, amenazada y atacada"},"content":{"rendered":"\n<p><strong>La docente e investigadora del Conicet Bel\u00e9n Almej\u00fan fue v\u00edctima de hostigamiento, amenazas y un ataque a su domicilio tras debatir con militantes libertarios en la UBA. La escalada de violencia se agrav\u00f3 cuando el propio presidente amplific\u00f3 el escrache en redes sociales.<\/strong><\/p>\n\n\n\n<p>La investigadora y docente de la Facultad de Ciencias Exactas y Naturales de la UBA, Bel\u00e9n Almej\u00fan, vive en carne propia el hostigamiento pol\u00edtico que se ha instalado en la Argentina. Tras participar en un debate con militantes libertarios, su imagen y datos personales fueron difundidos en redes sociales con el objetivo de amedrentarla. Horas despu\u00e9s, su domicilio sufri\u00f3 un ataque: desconocidos ingresaron a la vivienda de un familiar y cortaron el suministro de agua. Como si esto fuera poco, el propio presidente Javier Milei retuite\u00f3 la publicaci\u00f3n que ped\u00eda sus datos personales, marc\u00e1ndola como blanco de una persecuci\u00f3n que parece orquestada desde las m\u00e1s altas esferas del poder.<\/p>\n\n\n\n<p>Todo comenz\u00f3 cuando Almej\u00fan se acerc\u00f3 a debatir con un grupo de militantes libertarios que se encontraban en la UBA difundiendo sus ideas. \u00abNosotros, docentes, estudiantes e investigadores, quer\u00edamos debatir sobre la situaci\u00f3n actual de la educaci\u00f3n y la ciencia en Argentina, el brutal ajuste que sufrimos, el licuamiento de nuestros salarios y la paralizaci\u00f3n total de la investigaci\u00f3n cient\u00edfica\u00bb, relat\u00f3 la investigadora en una entrevista con Radio 10.<\/p>\n\n\n\n<p>\u00abDesde diciembre, este gobierno no entrega un peso para investigar. Yo trabajo en el diagn\u00f3stico molecular de enfermedades raras en ni\u00f1os y tengo m\u00e1s de 30 muestras de pacientes estancadas porque no hay fondos para procesarlas\u00bb, denunci\u00f3 Almej\u00fan. El debate con los libertarios se volvi\u00f3 viral y, ante la falta de argumentos, la respuesta que recibi\u00f3 fue una embestida en redes sociales.<\/p>\n\n\n\n<p>\u00abVeinticuatro horas despu\u00e9s, publicaron mi foto en redes sociales pidiendo mis datos, con la consigna de &#8216;doxearme&#8217;, un t\u00e9rmino que aprend\u00ed en estos d\u00edas. No sab\u00eda que significaba publicar datos personales con la intenci\u00f3n de hostigar y amenazar, pero lo aprend\u00ed en carne propia\u00bb. Lo m\u00e1s grave lleg\u00f3 despu\u00e9s: su domicilio, difundido en redes, fue atacado. \u00abEntraron y cortaron el suministro de agua desde adentro. No puedo describir lo que sent\u00ed. Nunca imagin\u00e9 que vivir\u00eda algo as\u00ed\u00bb.<\/p>\n\n\n\n<p>La investigadora radic\u00f3 una denuncia penal en la Fiscal\u00eda de la Ciudad de Buenos Aires, pero la escalada de violencia no se detuvo. Mientras participaba de una entrevista radial, se enter\u00f3 de que el propio presidente Javier Milei hab\u00eda retuiteado la publicaci\u00f3n que ped\u00eda sus datos personales. \u00abEl presidente de la Naci\u00f3n retuite\u00f3 la amenaza contra mi persona. No es una suposici\u00f3n. Lo vi con mis propios ojos\u00bb, denunci\u00f3.<\/p>\n\n\n\n<p>En un contexto de creciente persecuci\u00f3n ideol\u00f3gica, Almej\u00fan destaca la importancia de la solidaridad. \u00abAgradezco la contenci\u00f3n de mis colegas, estudiantes, gremios y docentes que salieron a respaldarme. La solidaridad es un acto de resistencia. Pero tambi\u00e9n hay que denunciar estos ataques, porque hay muchas personas que no tienen esta red de apoyo y quedan completamente expuestas\u00bb.<\/p>\n\n\n\n<p>El caso de Almej\u00fan no es un hecho aislado. La maquinaria de hostigamiento digital contra voces cr\u00edticas se ha convertido en un modus operandi del oficialismo y sus seguidores. La estrategia es clara: silenciar con el miedo, disciplinar con la violencia. La pregunta es hasta d\u00f3nde llegar\u00e1 esta espiral de persecuci\u00f3n en un pa\u00eds que alguna vez dijo \u00abNunca M\u00e1s\u00bb.<\/p>\n\n\n\n<hr class=\"wp-block-separator has-alpha-channel-opacity\"\/>\n","protected":false},"excerpt":{"rendered":"<p>Marcada por el poder: el escandaloso hostigamiento contra una cient\u00edfica<\/p>\n","protected":false},"author":4,"featured_media":2748,"comment_status":"open","ping_status":"open","sticky":false,"template":"","format":"standard","meta":{"_monsterinsights_skip_tracking":false,"_monsterinsights_sitenote_active":false,"_monsterinsights_sitenote_note":"","_monsterinsights_sitenote_category":0,"footnotes":"","jetpack_publicize_message":"","jetpack_publicize_feature_enabled":true,"jetpack_social_post_already_shared":true,"jetpack_social_options":{"image_generator_settings":{"template":"highway","default_image_id":0,"font":"","enabled":false},"version":2}},"categories":[6,2],"tags":[93,1006,1002,1003,73,1005,1001,1004],"class_list":["post-2747","post","type-post","status-publish","format-standard","has-post-thumbnail","hentry","category-ciencia-y-tecnologia","category-politica","tag-argentina","tag-cientifica-del-conicet","tag-hostigamiento-a-cientificos","tag-javier-milei-amenazas","tag-libertadavanza","tag-libertarios-y-violencia-digital","tag-persecucion-politica-en-argentina","tag-recorte-en-ciencia-y-educacion"],"jetpack_publicize_connections":[],"_links":{"self":[{"href":"https:\/\/www.enorsai.com\/noticias\/wp-json\/wp\/v2\/posts\/2747","targetHints":{"allow":["GET"]}}],"collection":[{"href":"https:\/\/www.enorsai.com\/noticias\/wp-json\/wp\/v2\/posts"}],"about":[{"href":"https:\/\/www.enorsai.com\/noticias\/wp-json\/wp\/v2\/types\/post"}],"author":[{"embeddable":true,"href":"https:\/\/www.enorsai.com\/noticias\/wp-json\/wp\/v2\/users\/4"}],"replies":[{"embeddable":true,"href":"https:\/\/www.enorsai.com\/noticias\/wp-json\/wp\/v2\/comments?post=2747"}],"version-history":[{"count":1,"href":"https:\/\/www.enorsai.com\/noticias\/wp-json\/wp\/v2\/posts\/2747\/revisions"}],"predecessor-version":[{"id":2749,"href":"https:\/\/www.enorsai.com\/noticias\/wp-json\/wp\/v2\/posts\/2747\/revisions\/2749"}],"wp:featuredmedia":[{"embeddable":true,"href":"https:\/\/www.enorsai.com\/noticias\/wp-json\/wp\/v2\/media\/2748"}],"wp:attachment":[{"href":"https:\/\/www.enorsai.com\/noticias\/wp-json\/wp\/v2\/media?parent=2747"}],"wp:term":[{"taxonomy":"category","embeddable":true,"href":"https:\/\/www.enorsai.com\/noticias\/wp-json\/wp\/v2\/categories?post=2747"},{"taxonomy":"post_tag","embeddable":true,"href":"https:\/\/www.enorsai.com\/noticias\/wp-json\/wp\/v2\/tags?post=2747"}],"curies":[{"name":"wp","href":"https:\/\/api.w.org\/{rel}","templated":true}]}}