{"id":2740,"date":"2025-03-24T09:04:23","date_gmt":"2025-03-24T12:04:23","guid":{"rendered":"https:\/\/www.enorsai.com\/noticias\/?p=2740"},"modified":"2025-03-24T09:04:23","modified_gmt":"2025-03-24T12:04:23","slug":"que-es-el-negacionismo-la-politica-de-estado-de-javier-milei","status":"publish","type":"post","link":"https:\/\/www.enorsai.com\/noticias\/politica\/que-es-el-negacionismo-la-politica-de-estado-de-javier-milei\/","title":{"rendered":"\u00bfQu\u00e9 es el Negacionismo? La pol\u00edtica de estado de Javier Milei"},"content":{"rendered":"\n<h3 class=\"wp-block-heading\"><strong><em>C\u00f3mo la negaci\u00f3n sistem\u00e1tica de la realidad se convierte en una herramienta pol\u00edtica y de manipulaci\u00f3n social<\/em><\/strong><\/h3>\n\n\n\n<h4 class=\"wp-block-heading\"><strong>La trampa del negacionismo: cuando la mentira se viste de verdad<\/strong><\/h4>\n\n\n\n<p>(Por Walter Onorato) En tiempos de crisis y cambios profundos, una peligrosa tendencia resurge con fuerza: el negacionismo. No se trata de simples errores o escepticismo leg\u00edtimo, sino de un mecanismo deliberado que busca torcer la realidad en favor de intereses ideol\u00f3gicos o econ\u00f3micos. En esencia, el negacionismo es un rechazo irracional de hechos verificables, una estrategia que prefiere la comodidad de la mentira antes que afrontar las verdades inc\u00f3modas.<\/p>\n\n\n\n<p>El negacionismo no solo ha sido utilizado para intentar borrar cr\u00edmenes de lesa humanidad, como el Holocausto, sino que tambi\u00e9n se ha instalado en \u00e1mbitos cient\u00edficos y sociales: desde la negaci\u00f3n del cambio clim\u00e1tico hasta la propagaci\u00f3n de teor\u00edas conspirativas sobre pandemias. En Argentina, el gobierno de Javier Milei ha dado nuevos br\u00edos a esta corriente, negando evidencias econ\u00f3micas, despreciando consensos cient\u00edficos y relativizando conquistas hist\u00f3ricas. \u00bfQu\u00e9 hay detr\u00e1s de este fen\u00f3meno y c\u00f3mo se convierte en una herramienta de poder?<\/p>\n\n\n\n<p><\/p>\n\n\n\n<h3 class=\"wp-block-heading\"><strong>El negacionismo como arma ideol\u00f3gica<\/strong><\/h3>\n\n\n\n<p>El antrop\u00f3logo Didier Fassin diferencia entre la negaci\u00f3n, que es un rechazo circunstancial de la realidad, y el negacionismo, que es una postura ideol\u00f3gica sostenida. En este \u00faltimo caso, no se trata de desconocimiento ni de falta de informaci\u00f3n, sino de una estrategia premeditada para confundir, desviar el debate y consolidar una agenda pol\u00edtica.<\/p>\n\n\n\n<p>Michael Specter lo define de manera inquietante: el negacionismo es cuando \u201cun segmento de la sociedad, luchando con el trauma del cambio, da la espalda a la realidad en favor de una mentira m\u00e1s confortable\u201d. Este mecanismo ha sido clave en la historia reciente de la humanidad para justificar atrocidades, desacreditar avances cient\u00edficos y sostener reg\u00edmenes autoritarios.<\/p>\n\n\n\n<p>Bajo el gobierno de Milei, esta l\u00f3gica se ha vuelto moneda corriente. Desde negar el impacto del ajuste en la econom\u00eda real hasta relativizar las consecuencias del desmantelamiento del Estado, el discurso oficial se apoya en la desinformaci\u00f3n y la distorsi\u00f3n de datos. Lo m\u00e1s peligroso no es solo que el presidente lo haga, sino que cuenta con un ej\u00e9rcito de voceros y seguidores que replican esas falsedades como verdades absolutas.<\/p>\n\n\n\n<p><\/p>\n\n\n\n<h3 class=\"wp-block-heading\"><strong>El disfraz de la \u201clibertad\u201d y la estrategia de la desinformaci\u00f3n<\/strong><\/h3>\n\n\n\n<p>Uno de los aspectos m\u00e1s perversos del negacionismo es su capacidad de camuflarse en el lenguaje de la libertad y el escepticismo. Los negacionistas del cambio clim\u00e1tico se presentan como \u00abcr\u00edticos del alarmismo ecol\u00f3gico\u00bb, los antivacunas como \u00abdefensores de la libertad individual\u00bb y los revisionistas hist\u00f3ricos como \u00abbuscadores de la verdad alternativa\u00bb.<\/p>\n\n\n\n<p>En Argentina, el gobierno de Milei ha hecho de esta estrategia su sello distintivo. Negar la crisis alimentaria, minimizar el desfinanciamiento de la educaci\u00f3n p\u00fablica o rechazar la evidencia cient\u00edfica en materia econ\u00f3mica no son errores involuntarios, sino una t\u00e1ctica planificada para confundir a la poblaci\u00f3n y deslegitimar cualquier resistencia a sus pol\u00edticas.<\/p>\n\n\n\n<p>La tergiversaci\u00f3n de datos es otra herramienta clave. Se manipulan estad\u00edsticas, se presentan \u201cexpertos\u201d sin credenciales y se utilizan falacias argumentativas para generar una falsa sensaci\u00f3n de debate. Como se\u00f1ala Rick Stoff, una de las t\u00e1cticas negacionistas m\u00e1s utilizadas es \u201ccrear una gran obra de inevitable indeterminancia de cifras y estad\u00edsticas\u201d para sembrar confusi\u00f3n y hacer que la verdad parezca relativa.<\/p>\n\n\n\n<p><\/p>\n\n\n\n<h3 class=\"wp-block-heading\"><strong>Negacionismo y poder: la utilidad de la mentira en la pol\u00edtica de Milei<\/strong><\/h3>\n\n\n\n<p>El negacionismo no solo es una herramienta discursiva, sino tambi\u00e9n una estrategia de poder. Un gobierno que niega la realidad no tiene la obligaci\u00f3n de resolver los problemas estructurales de la sociedad, porque, seg\u00fan su relato, esos problemas no existen o son exageraciones de sus adversarios pol\u00edticos.<\/p>\n\n\n\n<p>Javier Milei ha aplicado este manual con precisi\u00f3n quir\u00fargica:<\/p>\n\n\n\n<ul class=\"wp-block-list\">\n<li>Niega la crisis alimentaria diciendo que no hay hambre en Argentina, mientras recorta los presupuestos de asistencia social.<\/li>\n\n\n\n<li>Relativiza el impacto del ajuste diciendo que la econom\u00eda \u201cse est\u00e1 acomodando\u201d, cuando en realidad el desempleo y la pobreza se disparan.<\/li>\n\n\n\n<li>Ataca a las universidades p\u00fablicas acus\u00e1ndolas de adoctrinamiento, mientras recorta sus fondos y pone en riesgo su funcionamiento.<\/li>\n<\/ul>\n\n\n\n<p>Esta t\u00e1ctica busca desorientar a la sociedad, debilitar la protesta social y reforzar la idea de que cualquier cr\u00edtica al gobierno es parte de una conspiraci\u00f3n en su contra.<\/p>\n\n\n\n<p><\/p>\n\n\n\n<h2 class=\"wp-block-heading has-medium-font-size\"><strong>El negacionismo de Milei: la ofensiva del gobierno contra la memoria del genocidio de la dictadura: La ultraderecha avanza sobre la historia<\/strong><\/h2>\n\n\n\n<p>Desde su asunci\u00f3n, Javier Milei y su gobierno han profundizado una l\u00ednea de negacionismo expl\u00edcito sobre el genocidio perpetrado por la \u00faltima dictadura militar en Argentina (1976-1983). Alineado con los sectores m\u00e1s reaccionarios de la pol\u00edtica y los medios, el presidente y su entorno han relativizado los cr\u00edmenes de lesa humanidad, atacado organismos de derechos humanos y promovido discursos que buscan reescribir la historia en favor de los responsables del terrorismo de Estado.<\/p>\n\n\n\n<p>El negacionismo no es solo una estrategia discursiva de La Libertad Avanza, sino una pol\u00edtica de Estado que busca desmantelar el entramado de memoria, verdad y justicia construido en democracia. Recortes en programas de derechos humanos, homenajes a represores y el cuestionamiento de la cifra de los 30.000 desaparecidos son algunas de las se\u00f1ales de una restauraci\u00f3n reaccionaria sin precedentes desde el regreso de la democracia.<\/p>\n\n\n\n<h2 class=\"wp-block-heading\"><strong>Victoria Villarruel y la reivindicaci\u00f3n del terrorismo de Estado<\/strong><\/h2>\n\n\n\n<p>Uno de los pilares del negacionismo gubernamental es Victoria Villarruel, vicepresidenta y militante activa de la reivindicaci\u00f3n de la dictadura. Su carrera pol\u00edtica se construy\u00f3 sobre la idea de equiparar a los represores con las v\u00edctimas del terrorismo de Estado, en una falsa teor\u00eda de los \u201cdos demonios\u201d que la sociedad argentina ya hab\u00eda desterrado.<\/p>\n\n\n\n<p>Desde el Senado, Villarruel ha utilizado su cargo para amplificar discursos que buscan instalar una narrativa en la que los genocidas ser\u00edan \u201cv\u00edctimas\u201d de la \u201csubversi\u00f3n\u201d y en la que la represi\u00f3n sistem\u00e1tica desaparece bajo la excusa de la \u201cguerra contra la guerrilla\u201d. Su negacionismo se suma al de funcionarios como el vocero presidencial Manuel Adorni, quien minimiz\u00f3 el terrorismo de Estado al afirmar que \u201cno sabe cu\u00e1ntos desaparecidos hubo\u201d y que la cifra de 30.000 es una \u201cmentira\u201d.<\/p>\n\n\n\n<h2 class=\"wp-block-heading\"><strong>Ataques a los organismos de derechos humanos y el desfinanciamiento de pol\u00edticas de memoria<\/strong><\/h2>\n\n\n\n<p>El negacionismo del gobierno de Milei no se queda en declaraciones provocadoras: se traduce en decisiones concretas de desmantelamiento del sistema de memoria, verdad y justicia. A trav\u00e9s de su ministra de Capital Humano, Sandra Pettovello, el gobierno ha recortado fondos para espacios de memoria y ha desfinanciado programas de derechos humanos, eliminando pol\u00edticas clave de reparaci\u00f3n y preservaci\u00f3n hist\u00f3rica.<\/p>\n\n\n\n<p>Adem\u00e1s, se han multiplicado los ataques a organismos como Abuelas de Plaza de Mayo y Madres de Plaza de Mayo, a quienes Milei y sus seguidores acusan de \u201cnegocios\u201d o \u201cadoctrinamiento\u201d, mientras desde la Secretar\u00eda de Derechos Humanos se promueve un discurso que busca minimizar los cr\u00edmenes del Estado.<\/p>\n\n\n\n<h2 class=\"wp-block-heading\"><strong>\u00bfQu\u00e9 busca Milei con el negacionismo?<\/strong><\/h2>\n\n\n\n<p>El negacionismo no es solo una provocaci\u00f3n: es una estrategia pol\u00edtica para debilitar los pilares democr\u00e1ticos de la Argentina. Deslegitimar la lucha por los derechos humanos permite al gobierno avanzar en una agenda autoritaria, en la que la represi\u00f3n y la criminalizaci\u00f3n de la protesta social se convierten en herramientas de control.<\/p>\n\n\n\n<p>En este marco, no es casual que el oficialismo impulse una reivindicaci\u00f3n de las Fuerzas Armadas y de seguridad, mientras ataca la memoria del terrorismo de Estado. La historia demuestra que negar el genocidio es el primer paso para justificar nuevos abusos y limitar derechos ciudadanos.<\/p>\n\n\n\n<h2 class=\"wp-block-heading\"><strong>La resistencia de la sociedad y la lucha por la memoria<\/strong><\/h2>\n\n\n\n<p>A pesar de los embates del gobierno de Milei, la sociedad argentina ha demostrado una fuerte resistencia al negacionismo. Las movilizaciones masivas en fechas clave como el 24 de marzo, la respuesta de organismos de derechos humanos y el rechazo de amplios sectores sociales y pol\u00edticos muestran que la memoria sigue siendo un valor fundamental en la Argentina.<\/p>\n\n\n\n<p>El gobierno podr\u00e1 intentar borrar la historia, pero la lucha por la verdad y la justicia sigue en pie. Porque <strong>son 30.000 y fue un genocidio<\/strong>.<\/p>\n\n\n\n<h3 class=\"wp-block-heading\"><strong>Las consecuencias del negacionismo: desinformaci\u00f3n, impunidad y decadencia social<\/strong><\/h3>\n\n\n\n<p>El negacionismo no es un simple juego ret\u00f3rico ni una cuesti\u00f3n de opiniones divergentes. Sus efectos son devastadores. Cuando un gobierno niega la crisis, miles de personas quedan sin acceso a derechos b\u00e1sicos. Cuando se relativiza el impacto de una pandemia, la desinformaci\u00f3n se cobra vidas. Cuando se deslegitima la ciencia, el desarrollo de una naci\u00f3n se ve comprometido.<\/p>\n\n\n\n<p>En Argentina, la narrativa negacionista de Milei no solo es peligrosa por su desprecio por la verdad, sino porque busca legitimar pol\u00edticas de ajuste extremo bajo la excusa de que \u201ctodo est\u00e1 bien\u201d o que \u201cantes era peor\u201d. Es el mismo mecanismo que en su momento utilizaron dictaduras y reg\u00edmenes autoritarios para justificar lo injustificable.<\/p>\n\n\n\n<p><\/p>\n\n\n\n<h3 class=\"wp-block-heading\"><strong>La lucha contra el negacionismo es la lucha por la verdad<\/strong><\/h3>\n\n\n\n<p>El negacionismo es m\u00e1s que un s\u00edntoma de ignorancia o de desinformaci\u00f3n: es una estrategia pol\u00edtica dise\u00f1ada para manipular a la sociedad y perpetuar modelos de dominaci\u00f3n. En el caso de Argentina, el gobierno de Javier Milei ha abrazado esta t\u00e1ctica para imponer un ajuste brutal sin asumir sus costos pol\u00edticos.<\/p>\n\n\n\n<p>Combatir el negacionismo no es solo una cuesti\u00f3n acad\u00e9mica o intelectual; es una necesidad urgente para defender los derechos sociales, la democracia y la memoria hist\u00f3rica. En un mundo donde la posverdad y la manipulaci\u00f3n medi\u00e1tica son armas de guerra, la verdad se convierte en el primer campo de batalla.<\/p>\n\n\n\n<p>La lucha contra el negacionismo es, en \u00faltima instancia, una lucha por la verdad y la justicia. Es fundamental que el Estado y la sociedad contin\u00faen impulsando pol\u00edticas de memoria y educaci\u00f3n para que el horror de la dictadura nunca vuelva a repetirse. La democracia solo se fortalece cuando la verdad prevalece sobre la mentira, y cuando la memoria se convierte en un pilar inquebrantable de nuestra identidad colectiva.<\/p>\n","protected":false},"excerpt":{"rendered":"<p>El gobierno de Javier Milei ha convertido el negacionismo en una estrategia pol\u00edtica para distorsionar la realidad, desinformar y consolidar su poder. Desde la econom\u00eda hasta los derechos humanos, niega crisis, desacredita la memoria del terrorismo de Estado y desfinancia pol\u00edticas clave, erosionando la democracia y fomentando la impunidad.<\/p>\n","protected":false},"author":2,"featured_media":2741,"comment_status":"open","ping_status":"open","sticky":false,"template":"","format":"standard","meta":{"_monsterinsights_skip_tracking":false,"_monsterinsights_sitenote_active":false,"_monsterinsights_sitenote_note":"","_monsterinsights_sitenote_category":0,"footnotes":"","jetpack_publicize_message":"\ud83d\udce2 El negacionismo como pol\u00edtica de Estado: el gobierno de Milei niega la crisis, manipula datos y ataca la memoria hist\u00f3rica. Desde la desfinanciaci\u00f3n de derechos humanos hasta la relativizaci\u00f3n del terrorismo de Estado, su estrategia es clara: confundir, desmovilizar y consolidar el poder","jetpack_publicize_feature_enabled":true,"jetpack_social_post_already_shared":false,"jetpack_social_options":{"image_generator_settings":{"template":"highway","enabled":false},"version":2}},"categories":[17,2],"tags":[78,999,207,98,368,97,45,801,365,323],"class_list":["post-2740","post","type-post","status-publish","format-standard","has-post-thumbnail","hentry","category-opinion","category-politica","tag-derechos-humanos","tag-desinformacion","tag-dictadura","tag-impunidad","tag-manipulacion","tag-memoria","tag-milei","tag-negacionismo","tag-represion","tag-ultraderecha"],"jetpack_publicize_connections":[],"_links":{"self":[{"href":"https:\/\/www.enorsai.com\/noticias\/wp-json\/wp\/v2\/posts\/2740","targetHints":{"allow":["GET"]}}],"collection":[{"href":"https:\/\/www.enorsai.com\/noticias\/wp-json\/wp\/v2\/posts"}],"about":[{"href":"https:\/\/www.enorsai.com\/noticias\/wp-json\/wp\/v2\/types\/post"}],"author":[{"embeddable":true,"href":"https:\/\/www.enorsai.com\/noticias\/wp-json\/wp\/v2\/users\/2"}],"replies":[{"embeddable":true,"href":"https:\/\/www.enorsai.com\/noticias\/wp-json\/wp\/v2\/comments?post=2740"}],"version-history":[{"count":1,"href":"https:\/\/www.enorsai.com\/noticias\/wp-json\/wp\/v2\/posts\/2740\/revisions"}],"predecessor-version":[{"id":2742,"href":"https:\/\/www.enorsai.com\/noticias\/wp-json\/wp\/v2\/posts\/2740\/revisions\/2742"}],"wp:featuredmedia":[{"embeddable":true,"href":"https:\/\/www.enorsai.com\/noticias\/wp-json\/wp\/v2\/media\/2741"}],"wp:attachment":[{"href":"https:\/\/www.enorsai.com\/noticias\/wp-json\/wp\/v2\/media?parent=2740"}],"wp:term":[{"taxonomy":"category","embeddable":true,"href":"https:\/\/www.enorsai.com\/noticias\/wp-json\/wp\/v2\/categories?post=2740"},{"taxonomy":"post_tag","embeddable":true,"href":"https:\/\/www.enorsai.com\/noticias\/wp-json\/wp\/v2\/tags?post=2740"}],"curies":[{"name":"wp","href":"https:\/\/api.w.org\/{rel}","templated":true}]}}