{"id":2737,"date":"2025-03-23T19:26:57","date_gmt":"2025-03-23T22:26:57","guid":{"rendered":"https:\/\/www.enorsai.com\/noticias\/?p=2737"},"modified":"2025-03-23T19:26:57","modified_gmt":"2025-03-23T22:26:57","slug":"alfredo-serrano-mancilla-la-imagen-de-milei-es-la-de-un-autoritario-y-represor","status":"publish","type":"post","link":"https:\/\/www.enorsai.com\/noticias\/uncategorized\/alfredo-serrano-mancilla-la-imagen-de-milei-es-la-de-un-autoritario-y-represor\/","title":{"rendered":"Alfredo Serrano Mancilla: \u00abLa imagen de Milei es la de un autoritario y represor\u00bb"},"content":{"rendered":"\n<p><strong><em>Una encuesta contundente y una percepci\u00f3n en ca\u00edda libre. La imagen de Javier Milei, que alguna vez supo construirse como la de un \u00aboutsider valiente\u00bb enfrentado al sistema, se est\u00e1 desmoronando a pasos acelerados. Lo que antes era presentado como audacia y autenticidad, hoy es percibido como autoritarismo y represi\u00f3n. As\u00ed lo revela una encuesta realizada por el economista y analista Alfredo Serrano Mancilla, cuyos resultados fueron expuestos en el programa De Vuelta, conducido por Pablo Duggan.<\/em><\/strong><\/p>\n\n\n\n<p>Seg\u00fan el estudio, el n\u00facleo del electorado que no vot\u00f3 a Milei en la segunda vuelta \u2014m\u00e1s de 11 millones y medio de personas\u2014 lo ve cada vez m\u00e1s como una figura autoritaria, represiva y con marcados rasgos dictatoriales. Y no es para menos: su discurso beligerante, su desprecio por las instituciones y su uso del Estado para castigar a opositores han reforzado esta percepci\u00f3n. A tal punto que, cuando se les pregunt\u00f3 a los encuestados con qu\u00e9 liderazgo hist\u00f3rico lo comparaban, la mayor\u00eda eligi\u00f3 a la Junta Militar de la \u00faltima dictadura antes que a Carlos Menem. Un dato que deber\u00eda encender todas las alarmas.<\/p>\n\n\n\n<h2 class=\"wp-block-heading\"><strong>La farsa de la infalibilidad y el ocaso del \u00able\u00f3n\u00bb<\/strong><\/h2>\n\n\n\n<p>El relato de la infalibilidad mile\u00edsta se agriet\u00f3. A diferencia de los primeros meses de gobierno, donde incluso algunos de sus detractores dudaban sobre su capacidad de mantenerse en el poder, ahora la certeza es otra: Milei est\u00e1 destinado al fracaso. Su capital pol\u00edtico se erosiona r\u00e1pidamente, y la posibilidad de que <em>La Libertad Avanza<\/em> sufra una derrota en las elecciones legislativas intermedias es cada vez m\u00e1s probable.<\/p>\n\n\n\n<p>Parte de este desgaste responde a la incapacidad del presidente de sostener sus propias falacias. Su discurso sobre la supuesta estabilizaci\u00f3n de la econom\u00eda ha sido sepultado por la realidad: la inflaci\u00f3n sigue devorando salarios, el ajuste se siente con brutalidad en los sectores m\u00e1s vulnerables, y la calidad de vida de los argentinos se ha desplomado. No hay relato que pueda tapar que, en solo 15 meses, Milei acumul\u00f3 una inflaci\u00f3n del <strong>185,9%<\/strong>, algo que a Cristina Fern\u00e1ndez de Kirchner le llev\u00f3 <strong>60 meses<\/strong> bajo condiciones econ\u00f3micas mucho m\u00e1s adversas.<\/p>\n\n\n\n<figure class=\"wp-block-embed is-type-video is-provider-youtube wp-block-embed-youtube wp-embed-aspect-16-9 wp-has-aspect-ratio\"><div class=\"wp-block-embed__wrapper\">\n<iframe loading=\"lazy\" title=\"&quot;LA IMAGEN DE MILEI ES LA DE AUTORITARIO Y REPRESOR&quot; | Alfredo Serrano Mancilla en #DeVuelta\" width=\"640\" height=\"360\" src=\"https:\/\/www.youtube.com\/embed\/26XCBIh1ObI?feature=oembed\" frameborder=\"0\" allow=\"accelerometer; autoplay; clipboard-write; encrypted-media; gyroscope; picture-in-picture; web-share\" referrerpolicy=\"strict-origin-when-cross-origin\" allowfullscreen><\/iframe>\n<\/div><\/figure>\n\n\n\n<h2 class=\"wp-block-heading\"><strong>Un modelo represivo y excluyente<\/strong><\/h2>\n\n\n\n<p>El endurecimiento del gobierno de Milei no es casual. A medida que su figura se desgasta, su \u00fanica respuesta es la represi\u00f3n. La criminalizaci\u00f3n de la protesta social, la persecuci\u00f3n a periodistas y sindicalistas, la estigmatizaci\u00f3n de los sectores populares y el uso del aparato estatal para castigar a opositores forman parte de un manual ya conocido en la historia argentina.<\/p>\n\n\n\n<p>El fen\u00f3meno Milei no es un caso aislado. Como bien se\u00f1ala Serrano Mancilla, su figura encarna una corriente reaccionaria que se extiende por el mundo, con exponentes como Donald Trump y Jair Bolsonaro. Sin embargo, hay un factor determinante: a diferencia de sus pares internacionales, Milei no cuenta con una base social s\u00f3lida que lo respalde. Su llegada al poder fue m\u00e1s un accidente electoral que el resultado de un proyecto pol\u00edtico consolidado.<\/p>\n\n\n\n<p>Esta fragilidad estructural es lo que empuja al gobierno a la radicalizaci\u00f3n. Como bien advierte Gustavo Petro, presidente de Colombia y f\u00e9rreo cr\u00edtico de Milei, su liderazgo representa \u00ablo peor de lo peor\u00bb a nivel hist\u00f3rico. Es el \u00faltimo intento de una ultraderecha desesperada por imponer su modelo a cualquier costo, sin importar las consecuencias sociales, econ\u00f3micas y pol\u00edticas.<\/p>\n\n\n\n<h2 class=\"wp-block-heading\"><strong>Los emergentes de una resistencia en construcci\u00f3n<\/strong><\/h2>\n\n\n\n<p>Frente a este panorama, la oposici\u00f3n a Milei comienza a estructurarse con figuras que logran captar el respaldo de amplios sectores de la sociedad. La encuesta de Serrano Mancilla revela que Axel Kicillof, Cristina Fern\u00e1ndez de Kirchner, Juan Grabois y Leandro Santoro son percibidos como referentes con credibilidad y liderazgo. Cada uno, con sus diferencias, es visto como una pieza fundamental para articular un frente amplio capaz de derrotar al oficialismo en las urnas.<\/p>\n\n\n\n<p>Lejos del relato que intenta instalar la Casa Rosada y sus medios afines, la ciudadan\u00eda no ve en ellos figuras antag\u00f3nicas, sino complementarias. Cristina es valorada como una estadista con experiencia, Kicillof como un gestor honesto y trabajador, Grabois como un luchador con convicciones, y Santoro como un dirigente que representa una alternativa progresista en la Ciudad de Buenos Aires.<\/p>\n\n\n\n<p>Este respaldo popular a figuras de la oposici\u00f3n es la peor noticia para Milei. Su proyecto de demolici\u00f3n del Estado y ajuste salvaje solo puede sostenerse en un escenario de fragmentaci\u00f3n y desorganizaci\u00f3n del campo popular. Pero cuando las bases sociales comienzan a reorganizarse y a proyectar un horizonte alternativo, la hegemon\u00eda libertaria empieza a desmoronarse.<\/p>\n\n\n\n<h2 class=\"wp-block-heading\"><strong>El final de la ilusi\u00f3n mile\u00edsta<\/strong><\/h2>\n\n\n\n<p>El Milei que lleg\u00f3 al poder como un \u00ablibertario antisistema\u00bb hoy se muestra como lo que siempre fue: un autoritario al servicio de los poderes econ\u00f3micos concentrados. Su narrativa del \u00able\u00f3n que ruge contra la casta\u00bb qued\u00f3 sepultada por la evidencia de que gobierna para los de siempre: bancos, grandes corporaciones y el establishment financiero.<\/p>\n\n\n\n<p>Pero su problema m\u00e1s grave no es solo su modelo econ\u00f3mico fallido o su aislamiento internacional. Su mayor debilidad es que la sociedad argentina ya no le cree. La imagen de Milei como \u00abhombre fuerte\u00bb se derrite a medida que la crisis se profundiza y el pueblo empieza a reconocer que detr\u00e1s del discurso incendiario solo hay caos, represi\u00f3n y ajuste.<\/p>\n\n\n\n<p>Las elecciones intermedias ser\u00e1n el primer gran test de esta crisis de legitimidad. Si la tendencia que se\u00f1ala Serrano Mancilla se mantiene, Milei se encamina a una derrota que podr\u00eda marcar el principio del fin de su gobierno. Y cuando la historia vuelva a escribirse, no quedar\u00e1 en el recuerdo como el l\u00edder que desafi\u00f3 al sistema, sino como el hombre que pretendi\u00f3 gobernar con odio y represi\u00f3n, y termin\u00f3 siendo sepultado por su propia arrogancia.<\/p>\n","protected":false},"excerpt":{"rendered":"<p>Una encuesta contundente y una percepci\u00f3n en ca\u00edda libre. La imagen de Javier Milei, que alguna vez supo construirse como la de un \u00aboutsider valiente\u00bb enfrentado al sistema, se est\u00e1 desmoronando a pasos acelerados. Lo que antes era presentado como audacia y autenticidad, hoy es percibido como autoritarismo y represi\u00f3n. As\u00ed lo revela una encuesta&#8230;<\/p>\n","protected":false},"author":1,"featured_media":2738,"comment_status":"open","ping_status":"open","sticky":false,"template":"","format":"standard","meta":{"_monsterinsights_skip_tracking":false,"_monsterinsights_sitenote_active":false,"_monsterinsights_sitenote_note":"","_monsterinsights_sitenote_category":0,"footnotes":"","jetpack_publicize_message":"","jetpack_publicize_feature_enabled":true,"jetpack_social_post_already_shared":true,"jetpack_social_options":{"image_generator_settings":{"template":"highway","default_image_id":0,"font":"","enabled":false},"version":2}},"categories":[1],"tags":[],"class_list":["post-2737","post","type-post","status-publish","format-standard","has-post-thumbnail","hentry","category-uncategorized"],"jetpack_publicize_connections":[],"_links":{"self":[{"href":"https:\/\/www.enorsai.com\/noticias\/wp-json\/wp\/v2\/posts\/2737","targetHints":{"allow":["GET"]}}],"collection":[{"href":"https:\/\/www.enorsai.com\/noticias\/wp-json\/wp\/v2\/posts"}],"about":[{"href":"https:\/\/www.enorsai.com\/noticias\/wp-json\/wp\/v2\/types\/post"}],"author":[{"embeddable":true,"href":"https:\/\/www.enorsai.com\/noticias\/wp-json\/wp\/v2\/users\/1"}],"replies":[{"embeddable":true,"href":"https:\/\/www.enorsai.com\/noticias\/wp-json\/wp\/v2\/comments?post=2737"}],"version-history":[{"count":1,"href":"https:\/\/www.enorsai.com\/noticias\/wp-json\/wp\/v2\/posts\/2737\/revisions"}],"predecessor-version":[{"id":2739,"href":"https:\/\/www.enorsai.com\/noticias\/wp-json\/wp\/v2\/posts\/2737\/revisions\/2739"}],"wp:featuredmedia":[{"embeddable":true,"href":"https:\/\/www.enorsai.com\/noticias\/wp-json\/wp\/v2\/media\/2738"}],"wp:attachment":[{"href":"https:\/\/www.enorsai.com\/noticias\/wp-json\/wp\/v2\/media?parent=2737"}],"wp:term":[{"taxonomy":"category","embeddable":true,"href":"https:\/\/www.enorsai.com\/noticias\/wp-json\/wp\/v2\/categories?post=2737"},{"taxonomy":"post_tag","embeddable":true,"href":"https:\/\/www.enorsai.com\/noticias\/wp-json\/wp\/v2\/tags?post=2737"}],"curies":[{"name":"wp","href":"https:\/\/api.w.org\/{rel}","templated":true}]}}