{"id":2731,"date":"2025-03-23T10:59:20","date_gmt":"2025-03-23T13:59:20","guid":{"rendered":"https:\/\/www.enorsai.com\/noticias\/?p=2731"},"modified":"2025-03-23T10:59:20","modified_gmt":"2025-03-23T13:59:20","slug":"milei-pierde-brillo-la-imagen-presidencial-se-resquebraja-y-la-oposicion-busca-capitalizar-el-desgaste","status":"publish","type":"post","link":"https:\/\/www.enorsai.com\/noticias\/politica\/milei-pierde-brillo-la-imagen-presidencial-se-resquebraja-y-la-oposicion-busca-capitalizar-el-desgaste\/","title":{"rendered":"Milei pierde brillo: la imagen presidencial se resquebraja y la oposici\u00f3n busca capitalizar el desgaste"},"content":{"rendered":"\n<p>La estrategia comunicacional del gobierno enfrenta sus primeros tropiezos, con una oposici\u00f3n fragmentada pero expectante. El impacto del esc\u00e1ndalo Libra y la incertidumbre econ\u00f3mica comienzan a horadar la base de apoyo libertaria, en un escenario donde la calle no se enciende pero el malestar crece.<\/p>\n\n\n\n<hr class=\"wp-block-separator has-alpha-channel-opacity\"\/>\n\n\n\n<p>El fen\u00f3meno Milei, que irrumpi\u00f3 como un hurac\u00e1n en la pol\u00edtica argentina, empieza a mostrar signos de fatiga. Si bien conserva un n\u00facleo duro de seguidores, su imagen se deteriora. La consultora Proyecci\u00f3n registr\u00f3 una ca\u00edda de cuatro puntos en su popularidad en el \u00faltimo mes, un descenso que no responde a una crisis econ\u00f3mica fulminante sino a grietas en su propio relato.<\/p>\n\n\n\n<p>Seg\u00fan Manuel Zunino, soc\u00f3logo y analista pol\u00edtico, el esc\u00e1ndalo Libra marc\u00f3 el primer golpe serio a la credibilidad del presidente. \u00abLe peg\u00f3 en la honestidad, la credibilidad y en la idea de que es un tipo muy capaz en econom\u00eda\u00bb, sostuvo. Este caso, sumado a la volatilidad cambiaria y a las tensiones con el FMI, ha sembrado dudas incluso entre sus votantes m\u00e1s convencidos.<\/p>\n\n\n\n<p><strong>CABA: el primer ring pol\u00edtico del a\u00f1o<\/strong><\/p>\n\n\n\n<p>Mientras Milei intenta contener el desgaste, la atenci\u00f3n pol\u00edtica se centra en la Ciudad de Buenos Aires, donde las elecciones legislativas funcionar\u00e1n como un bar\u00f3metro clave. En un pa\u00eds hipercentralista, CABA se convierte en el escenario donde medir\u00e1n fuerzas el PRO, la Libertad Avanza y la oposici\u00f3n peronista.<\/p>\n\n\n\n<p>Seg\u00fan Zunino, el mapa porte\u00f1o est\u00e1 dividido en \u00abcuatro cuartos\u00bb: el PRO, la Libertad Avanza, la Uni\u00f3n por la Patria con Leandro Santoro y un sector disperso que agrupa radicales, izquierda y otros partidos menores. \u00abEl hecho de que el PRO y la Libertad Avanza vayan separados perjudica al macrismo, que necesita sostener su dominio en la Ciudad\u00bb, explic\u00f3. Este escenario beneficia a Santoro, quien podr\u00eda capitalizar la fragmentaci\u00f3n de la derecha.<\/p>\n\n\n\n<p><strong>El desgaste de Milei: entre la econom\u00eda y la calle<\/strong><\/p>\n\n\n\n<p>Si bien la inflaci\u00f3n no se ha disparado abruptamente en las \u00faltimas semanas, el alza del d\u00f3lar gener\u00f3 inquietud en los mercados y en la opini\u00f3n p\u00fablica. \u00abTodo lo que desacomode la econom\u00eda impacta en la imagen de Milei\u00bb, advirti\u00f3 Zunino.<\/p>\n\n\n\n<p>En paralelo, el gobierno intenta mostrar control del espacio p\u00fablico. La reciente marcha del 12 de marzo, con una fuerte presencia policial y sin incidentes, demostr\u00f3 su capacidad de orden, algo que busca proyectar a los mercados y al FMI. Sin embargo, la calle sigue siendo un interrogante. \u00abUn ajuste de esta magnitud deber\u00eda tener la calle prendida fuego\u00bb, indic\u00f3 el soc\u00f3logo, subrayando el car\u00e1cter inusual del actual contexto social.<\/p>\n\n\n\n<p>En este marco, el pr\u00f3ximo paro general ser\u00e1 un test crucial para medir la capacidad de movilizaci\u00f3n sindical y el nivel de descontento real. \u00abLa marcha universitaria fue un punto de inflexi\u00f3n, porque fue espont\u00e1nea y mostr\u00f3 un rechazo genuino\u00bb, se\u00f1al\u00f3 Zunino, sugiriendo que podr\u00edan darse nuevas expresiones de protesta con mayor impacto que las organizadas por el sindicalismo tradicional.<\/p>\n\n\n\n<p><strong>Un oficialismo sin anclaje y una oposici\u00f3n fragmentada<\/strong><\/p>\n\n\n\n<p>El retroceso de Milei no se traduce, por ahora, en un crecimiento significativo de la oposici\u00f3n. \u00abLa principal fortaleza de Milei sigue siendo la debilidad de sus adversarios\u00bb, afirm\u00f3 Zunino. A pesar de la ca\u00edda en su imagen, no hay una figura clara que logre capitalizar el descontento.<\/p>\n\n\n\n<p>En la provincia de Buenos Aires, Cristina Kirchner conserva un piso de alrededor del 40%, suficiente para ser una jugadora clave, pero insuficiente para disputar con garant\u00edas una presidencial. Mientras tanto, la Uni\u00f3n C\u00edvica Radical y el PRO siguen sin definir un liderazgo fuerte, lo que podr\u00eda derivar en una reconfiguraci\u00f3n del tablero opositor en los pr\u00f3ximos meses.<\/p>\n\n\n\n<p><strong>Conclusi\u00f3n: un 2025 impredecible<\/strong><\/p>\n\n\n\n<p>Con un Milei menos euf\u00f3rico y m\u00e1s cauteloso en sus expectativas electorales, el panorama pol\u00edtico sigue siendo incierto. \u00abSabemos que no es lo mismo Milei que los candidatos de Milei\u00bb, advirti\u00f3 Zunino, recordando que la imagen presidencial no se traslada autom\u00e1ticamente a las boletas legislativas.<\/p>\n\n\n\n<p>Las elecciones en CABA marcar\u00e1n el ritmo del a\u00f1o pol\u00edtico, mientras el gobierno busca sostener su base de apoyo en medio de una econom\u00eda fr\u00e1gil y una oposici\u00f3n que, aunque dividida, sigue al acecho. La gran pregunta es si el malestar latente se convertir\u00e1 en un factor de movilizaci\u00f3n real o si Milei lograr\u00e1 sortear la tormenta con su ya habitual discurso confrontativo.<\/p>\n\n\n\n<hr class=\"wp-block-separator has-alpha-channel-opacity\"\/>\n","protected":false},"excerpt":{"rendered":"<p>La ca\u00edda de cuatro puntos en la imagen de Milei expone fisuras en su discurso de \u00abhonestidad\u00bb y en su gesti\u00f3n econ\u00f3mica. Mientras tanto, las elecciones en CABA se perfilan como el primer gran term\u00f3metro pol\u00edtico del a\u00f1o<\/p>\n","protected":false},"author":4,"featured_media":2732,"comment_status":"open","ping_status":"open","sticky":false,"template":"","format":"standard","meta":{"_monsterinsights_skip_tracking":false,"_monsterinsights_sitenote_active":false,"_monsterinsights_sitenote_note":"","_monsterinsights_sitenote_category":0,"footnotes":"","jetpack_publicize_message":"","jetpack_publicize_feature_enabled":true,"jetpack_social_post_already_shared":true,"jetpack_social_options":{"image_generator_settings":{"template":"highway","default_image_id":0,"font":"","enabled":false},"version":2}},"categories":[2],"tags":[997,995,998,994,996],"class_list":["post-2731","post","type-post","status-publish","format-standard","has-post-thumbnail","hentry","category-politica","tag-crisis-milei-libra","tag-elecciones-caba-2025","tag-impacto-economico-milei","tag-milei-imagen-caida","tag-oposicion-argentina-2025"],"jetpack_publicize_connections":[],"_links":{"self":[{"href":"https:\/\/www.enorsai.com\/noticias\/wp-json\/wp\/v2\/posts\/2731","targetHints":{"allow":["GET"]}}],"collection":[{"href":"https:\/\/www.enorsai.com\/noticias\/wp-json\/wp\/v2\/posts"}],"about":[{"href":"https:\/\/www.enorsai.com\/noticias\/wp-json\/wp\/v2\/types\/post"}],"author":[{"embeddable":true,"href":"https:\/\/www.enorsai.com\/noticias\/wp-json\/wp\/v2\/users\/4"}],"replies":[{"embeddable":true,"href":"https:\/\/www.enorsai.com\/noticias\/wp-json\/wp\/v2\/comments?post=2731"}],"version-history":[{"count":1,"href":"https:\/\/www.enorsai.com\/noticias\/wp-json\/wp\/v2\/posts\/2731\/revisions"}],"predecessor-version":[{"id":2733,"href":"https:\/\/www.enorsai.com\/noticias\/wp-json\/wp\/v2\/posts\/2731\/revisions\/2733"}],"wp:featuredmedia":[{"embeddable":true,"href":"https:\/\/www.enorsai.com\/noticias\/wp-json\/wp\/v2\/media\/2732"}],"wp:attachment":[{"href":"https:\/\/www.enorsai.com\/noticias\/wp-json\/wp\/v2\/media?parent=2731"}],"wp:term":[{"taxonomy":"category","embeddable":true,"href":"https:\/\/www.enorsai.com\/noticias\/wp-json\/wp\/v2\/categories?post=2731"},{"taxonomy":"post_tag","embeddable":true,"href":"https:\/\/www.enorsai.com\/noticias\/wp-json\/wp\/v2\/tags?post=2731"}],"curies":[{"name":"wp","href":"https:\/\/api.w.org\/{rel}","templated":true}]}}