{"id":2724,"date":"2025-03-23T10:36:40","date_gmt":"2025-03-23T13:36:40","guid":{"rendered":"https:\/\/www.enorsai.com\/noticias\/?p=2724"},"modified":"2025-03-23T10:36:40","modified_gmt":"2025-03-23T13:36:40","slug":"milei-estancado-en-el-38-la-grieta-entre-su-avance-legislativo-y-el-descontento-social","status":"publish","type":"post","link":"https:\/\/www.enorsai.com\/noticias\/politica\/milei-estancado-en-el-38-la-grieta-entre-su-avance-legislativo-y-el-descontento-social\/","title":{"rendered":"Milei estancado en el 38%: la grieta entre su avance legislativo y el descontento social"},"content":{"rendered":"\n<p><\/p>\n\n\n\n<p><strong>Buenos Aires<\/strong> &#8211; Mientras el gobierno de Javier Milei avanza con su agenda en el Congreso, la percepci\u00f3n ciudadana sobre su gesti\u00f3n parece estar en otro plano. Seg\u00fan el polit\u00f3logo Federico Gonz\u00e1lez, las encuestas muestran que la aprobaci\u00f3n presidencial ronda el 38-39%, muy por debajo de los n\u00fameros m\u00e1s optimistas que presentan otros sondeos. A pesar de los serios problemas que enfrenta su administraci\u00f3n, la maquinaria libertaria sigue adelante con su proyecto, aunque cada vez con m\u00e1s fricciones.<\/p>\n\n\n\n<h3 class=\"wp-block-heading\"><strong>Un presidente que avanza, pero no convence<\/strong><\/h3>\n\n\n\n<p>Gonz\u00e1lez sostiene que hay una desconexi\u00f3n entre los logros legislativos del gobierno y el humor social. \u201cEl gobierno tiene problemas serios, y cuando uno no los asume, eso se paga\u201d, se\u00f1ala. Sin embargo, Milei ha conseguido victorias importantes en el Congreso, como la aprobaci\u00f3n del cr\u00e9dito con el Fondo Monetario Internacional (FMI), aunque sin transparencia sobre los montos exactos. \u201cArrancaron diciendo 8 mil millones de d\u00f3lares, despu\u00e9s 10 mil, luego 12 mil, 15 mil, 20 mil, y si es para cubrir el tema de las letras intransferibles son 23 mil\u201d, detalla el polit\u00f3logo, subrayando el desorden en la comunicaci\u00f3n oficial.<\/p>\n\n\n\n<p>Pero, \u00bfestos \u00e9xitos en el Parlamento se traducen en respaldo ciudadano? Gonz\u00e1lez es tajante: no. \u201cUna cosa son los \u00e9xitos legislativos y otra es la percepci\u00f3n del ciudadano. Hoy, el ciudadano no est\u00e1 ejerciendo el rol institucional que conf\u00eda en la Constituci\u00f3n, que es el voto\u201d.<\/p>\n\n\n\n<h3 class=\"wp-block-heading\"><strong>El peronismo y la resistencia que no arranca<\/strong><\/h3>\n\n\n\n<p>Milei no solo enfrenta un deterioro en su imagen, sino que encuentra un adversario debilitado. El peronismo atraviesa una crisis interna que lo ha llevado a la atomizaci\u00f3n. Como reflejo de esa fragmentaci\u00f3n, ni siquiera logr\u00f3 marchar unido en la conmemoraci\u00f3n del 24 de marzo, un hecho sin precedentes. \u201cHasta los organismos de derechos humanos marcharon juntos, menos el peronismo\u201d, enfatiza Gonz\u00e1lez. En este contexto, Milei sigue capitalizando pol\u00edticamente la falta de una oposici\u00f3n unificada, aunque su ventaja sobre el peronismo ya no es la misma que en el ballotage. \u201cSi hoy hubiera una segunda vuelta, no ser\u00eda 56% a 44%, sino 52% a 48%. Y eso tambi\u00e9n existe\u201d, advierte el analista.<\/p>\n\n\n\n<h3 class=\"wp-block-heading\"><strong>Macri: el ocaso del l\u00edder que fue<\/strong><\/h3>\n\n\n\n<p>Otro dato clave es el estado de un PRO en decadencia. Mauricio Macri intenta volver a la arena pol\u00edtica con estrategias de anta\u00f1o, como el timbreo en la Ciudad de Buenos Aires. Sin embargo, su figura ha perdido peso. \u201cEl PRO est\u00e1 totalmente devaluado. Todos los que compiten hoy estaban juntos en 2015. Larreta fue candidato a presidente y ahora busca una banca legislativa. Lo mismo Mar\u00eda Eugenia Vidal. Es un descenso evidente\u201d, sostiene Gonz\u00e1lez.<\/p>\n\n\n\n<p>Macri, que alguna vez fue la cara visible del cambio pol\u00edtico en Argentina, hoy enfrenta una cruda realidad: su intenci\u00f3n de voto no supera el 9%. \u201cNo est\u00e1 mal, pero no pasa nada con Macri\u201d, concluye el polit\u00f3logo, reflejando el declive del expresidente dentro del escenario pol\u00edtico actual.<\/p>\n\n\n\n<h3 class=\"wp-block-heading\"><strong>El desgaste de Milei y un futuro incierto<\/strong><\/h3>\n\n\n\n<p>El gobierno de Milei sigue avanzando a paso firme en el Congreso, pero el malestar social es cada vez m\u00e1s palpable. El apoyo popular que lo llev\u00f3 al poder se erosiona con el paso de los meses. Su mayor ventaja sigue siendo la fragmentaci\u00f3n de la oposici\u00f3n, pero si su imagen contin\u00faa en ca\u00edda, el capital pol\u00edtico que a\u00fan conserva podr\u00eda esfumarse m\u00e1s r\u00e1pido de lo que sus seguidores esperan.<\/p>\n","protected":false},"excerpt":{"rendered":"<p>Buenos Aires &#8211; Mientras el gobierno de Javier Milei avanza con su agenda en el Congreso, la percepci\u00f3n ciudadana sobre su gesti\u00f3n parece estar en otro plano. Seg\u00fan el polit\u00f3logo Federico Gonz\u00e1lez, las encuestas muestran que la aprobaci\u00f3n presidencial ronda el 38-39%, muy por debajo de los n\u00fameros m\u00e1s optimistas que presentan otros sondeos. A&#8230;<\/p>\n","protected":false},"author":4,"featured_media":2726,"comment_status":"open","ping_status":"open","sticky":false,"template":"","format":"standard","meta":{"_monsterinsights_skip_tracking":false,"_monsterinsights_sitenote_active":false,"_monsterinsights_sitenote_note":"","_monsterinsights_sitenote_category":0,"footnotes":"","jetpack_publicize_message":"","jetpack_publicize_feature_enabled":true,"jetpack_social_post_already_shared":true,"jetpack_social_options":{"image_generator_settings":{"template":"highway","default_image_id":0,"font":"","enabled":false},"version":2}},"categories":[2],"tags":[93,991,990,45],"class_list":["post-2724","post","type-post","status-publish","format-standard","has-post-thumbnail","hentry","category-politica","tag-argentina","tag-elecciones2025","tag-encuesta2025","tag-milei"],"jetpack_publicize_connections":[],"_links":{"self":[{"href":"https:\/\/www.enorsai.com\/noticias\/wp-json\/wp\/v2\/posts\/2724","targetHints":{"allow":["GET"]}}],"collection":[{"href":"https:\/\/www.enorsai.com\/noticias\/wp-json\/wp\/v2\/posts"}],"about":[{"href":"https:\/\/www.enorsai.com\/noticias\/wp-json\/wp\/v2\/types\/post"}],"author":[{"embeddable":true,"href":"https:\/\/www.enorsai.com\/noticias\/wp-json\/wp\/v2\/users\/4"}],"replies":[{"embeddable":true,"href":"https:\/\/www.enorsai.com\/noticias\/wp-json\/wp\/v2\/comments?post=2724"}],"version-history":[{"count":1,"href":"https:\/\/www.enorsai.com\/noticias\/wp-json\/wp\/v2\/posts\/2724\/revisions"}],"predecessor-version":[{"id":2727,"href":"https:\/\/www.enorsai.com\/noticias\/wp-json\/wp\/v2\/posts\/2724\/revisions\/2727"}],"wp:featuredmedia":[{"embeddable":true,"href":"https:\/\/www.enorsai.com\/noticias\/wp-json\/wp\/v2\/media\/2726"}],"wp:attachment":[{"href":"https:\/\/www.enorsai.com\/noticias\/wp-json\/wp\/v2\/media?parent=2724"}],"wp:term":[{"taxonomy":"category","embeddable":true,"href":"https:\/\/www.enorsai.com\/noticias\/wp-json\/wp\/v2\/categories?post=2724"},{"taxonomy":"post_tag","embeddable":true,"href":"https:\/\/www.enorsai.com\/noticias\/wp-json\/wp\/v2\/tags?post=2724"}],"curies":[{"name":"wp","href":"https:\/\/api.w.org\/{rel}","templated":true}]}}