{"id":2722,"date":"2025-03-23T10:31:11","date_gmt":"2025-03-23T13:31:11","guid":{"rendered":"https:\/\/www.enorsai.com\/noticias\/?p=2722"},"modified":"2025-03-23T10:31:11","modified_gmt":"2025-03-23T13:31:11","slug":"la-volatilidad-de-milei-volvio-a-quedar-en-evidencia-con-la-decision-intempestiva-de-suspender-la-venta-de-telefonica-a-clarin","status":"publish","type":"post","link":"https:\/\/www.enorsai.com\/noticias\/politica\/la-volatilidad-de-milei-volvio-a-quedar-en-evidencia-con-la-decision-intempestiva-de-suspender-la-venta-de-telefonica-a-clarin\/","title":{"rendered":"La volatilidad de Milei volvi\u00f3 a quedar en evidencia con la decisi\u00f3n intempestiva de suspender la venta de Telef\u00f3nica a Clar\u00edn"},"content":{"rendered":"\n<p><strong>El Presidente fren\u00f3 la compra de Telef\u00f3nica por Telecom tras cr\u00edticas de Adepa y una columna en Clar\u00edn. La operaci\u00f3n ahora queda en el limbo y se abre un nuevo frente de batalla entre Milei y el Grupo Magnetto.<\/strong><\/p>\n\n\n\n<p>La volatilidad de Javier Milei volvi\u00f3 a quedar en evidencia con una decisi\u00f3n intempestiva que sacudi\u00f3 el tablero pol\u00edtico y empresarial. En un giro inesperado, el Presidente orden\u00f3 suspender la compra de Telef\u00f3nica por parte de Telecom, argumentando razones de competencia y concentraci\u00f3n de mercado. Sin embargo, el trasfondo de la medida no parece responder a una genuina preocupaci\u00f3n por el monopolio, sino a un arranque de furia provocado por las cr\u00edticas de Adepa y una columna del periodista Marcelo Bonelli en Clar\u00edn.<\/p>\n\n\n\n<p>El episodio ilustra una vez m\u00e1s el car\u00e1cter err\u00e1tico de Milei, capaz de embestir contra sus propios aliados y desandar, en cuesti\u00f3n de horas, sus principios m\u00e1s f\u00e9rreamente proclamados. Durante a\u00f1os, el libertario hizo de la desregulaci\u00f3n y la defensa del mercado sin intervenci\u00f3n estatal su bandera ideol\u00f3gica. Ahora, en una maniobra que contradice su pr\u00e9dica, decide frenar una operaci\u00f3n entre privados con el argumento de que generar\u00eda una posici\u00f3n dominante en el sector de telecomunicaciones.<\/p>\n\n\n\n<h3 class=\"wp-block-heading\"><strong>Adepa y la herida narcisista de Milei<\/strong><\/h3>\n\n\n\n<p>El detonante de la decisi\u00f3n fue un comunicado de la Asociaci\u00f3n de Entidades Period\u00edsticas Argentinas (Adepa), en el que la organizaci\u00f3n cuestion\u00f3 duramente los ataques del Presidente a la prensa. El texto denunciaba la violencia verbal del mandatario, advirtiendo que sus constantes insultos a periodistas y el hostigamiento de sus \u201cmilicias digitales\u201d \u2013bajo la direcci\u00f3n de Santiago Caputo\u2013 no solo deterioran la libertad de expresi\u00f3n, sino que ponen en riesgo la integridad f\u00edsica de los trabajadores de prensa.<\/p>\n\n\n\n<p>La cr\u00edtica de Adepa desat\u00f3 la furia presidencial, acostumbrado a disparar contra sus adversarios sin tolerar el m\u00e1s m\u00ednimo cuestionamiento. Como si fuera poco, el viernes se sum\u00f3 otro elemento que ech\u00f3 le\u00f1a al fuego: la columna de Bonelli en Clar\u00edn, en la que el periodista afirmaba que era imposible que el acuerdo con el FMI estuviera cerrado a mediados de abril, como hab\u00eda prometido el gobierno.<\/p>\n\n\n\n<p>Fue el c\u00f3ctel perfecto para que Milei activara su respuesta impulsiva. En lugar de rebatir con argumentos o intentar recomponer la relaci\u00f3n con un sector de la prensa que \u2013hasta hace poco\u2013 le resultaba af\u00edn, opt\u00f3 por una represalia directa contra el Grupo Clar\u00edn. Orden\u00f3 frenar la compra de Telef\u00f3nica por parte de Telecom, una decisi\u00f3n que no solo golpea a H\u00e9ctor Magnetto, sino que deja en suspenso una de las operaciones m\u00e1s importantes del mercado de telecomunicaciones.<\/p>\n\n\n\n<h3 class=\"wp-block-heading\"><strong>El doble discurso del libertario: del laissez-faire al intervencionismo selectivo<\/strong><\/h3>\n\n\n\n<p>El comunicado con el que Presidencia justific\u00f3 la medida sostiene que la fusi\u00f3n generar\u00eda una concentraci\u00f3n del 61% en el mercado de telefon\u00eda m\u00f3vil, del 69% en telefon\u00eda fija y que, en algunas regiones del pa\u00eds, podr\u00eda alcanzar el 80% en el servicio de internet residencial. Sin embargo, el planteo no solo es tard\u00edo, sino que resulta c\u00ednico viniendo de un gobierno que ha defendido, sin matices, la existencia de monopolios como una consecuencia natural del libre mercado.<\/p>\n\n\n\n<p>Desde la campa\u00f1a electoral, Milei insisti\u00f3 en que cualquier regulaci\u00f3n estatal sobre la competencia era una aberraci\u00f3n. \u201cSi un monopolio surge del mercado, no hay problema\u201d, sol\u00eda decir en sus entrevistas. Ahora, sin embargo, no solo interviene en una operaci\u00f3n privada, sino que lo hace como represalia pol\u00edtica ante un medio que os\u00f3 desafiarlo.<\/p>\n\n\n\n<p>Lo que resulta a\u00fan m\u00e1s parad\u00f3jico es que su gobierno parece desconocer el proceso administrativo habitual en este tipo de fusiones. La Comisi\u00f3n Nacional de Defensa de la Competencia (CNDC) debe evaluar cualquier compra de esta magnitud, y el an\u00e1lisis suele demorar meses antes de que se tome una decisi\u00f3n. Milei, en cambio, decidi\u00f3 cortar de ra\u00edz la operaci\u00f3n sin esperar un dictamen t\u00e9cnico, en una maniobra que recuerda m\u00e1s a los arrebatos de un caudillo que a la gesti\u00f3n de un estadista.<\/p>\n\n\n\n<h3 class=\"wp-block-heading\"><strong>Clar\u00edn, v\u00edctima inesperada de su propio experimento<\/strong><\/h3>\n\n\n\n<p>En el Grupo Clar\u00edn no disimulan su desconcierto. Durante meses, el holding medi\u00e1tico acompa\u00f1\u00f3 la agenda de Milei con un sesgo notoriamente favorable, minimizando la brutal represi\u00f3n en el Congreso o destacando cada supuesto \u201clogro\u201d econ\u00f3mico del gobierno. Sin embargo, en la l\u00f3gica binaria del Presidente, cualquier cr\u00edtica \u2013por m\u00ednima que sea\u2013 convierte autom\u00e1ticamente a un aliado en enemigo.<\/p>\n\n\n\n<p>Para Magnetto, la decisi\u00f3n de frenar la compra de Telef\u00f3nica representa un golpe estrat\u00e9gico que altera su plan de consolidaci\u00f3n en el mercado de telecomunicaciones. Desde Telecom, la respuesta fue cauta, limit\u00e1ndose a un comunicado en el que afirmaron que esperar\u00e1n la notificaci\u00f3n formal para evaluar los pasos a seguir. Pero la se\u00f1al ya est\u00e1 dada: el gobierno de Milei no duda en castigar a quienes no se alineen de forma absoluta con su discurso.<\/p>\n\n\n\n<p>La pregunta que queda flotando es si este enfrentamiento ser\u00e1 pasajero o marcar\u00e1 un quiebre definitivo entre el oficialismo y Clar\u00edn. En el pasado, Mauricio Macri tambi\u00e9n tuvo cortocircuitos con el Grupo, pero siempre supo cu\u00e1ndo ceder para evitar una guerra abierta. Milei, en cambio, parece incapaz de calcular las consecuencias de sus actos y gobierna a golpe de emociones descontroladas.<\/p>\n\n\n\n<h3 class=\"wp-block-heading\"><strong>Una administraci\u00f3n que desangra su propia base de apoyo<\/strong><\/h3>\n\n\n\n<p>El episodio deja al descubierto un patr\u00f3n preocupante: el Presidente no solo se enfrenta con la oposici\u00f3n, los sindicatos y el periodismo cr\u00edtico, sino que tambi\u00e9n arremete contra sectores que, en teor\u00eda, lo apoyaban. Ya lo hizo con empresarios del agro, con gobernadores aliados y ahora con Clar\u00edn. En lugar de construir poder, lo destruye. En lugar de tejer alianzas estrat\u00e9gicas, profundiza conflictos innecesarios.<\/p>\n\n\n\n<p>Si algo ha demostrado este gobierno en sus primeros meses es que no hay previsibilidad. Las reglas cambian de un d\u00eda para otro seg\u00fan el estado de \u00e1nimo presidencial. Y lo que pas\u00f3 con la compra de Telef\u00f3nica por Telecom es solo un s\u00edntoma m\u00e1s de la inestabilidad que atraviesa la Argentina bajo el liderazgo de un Milei cada vez m\u00e1s encerrado en su propio laberinto de agravios y vendettas personales.<\/p>\n\n\n\n<p><\/p>\n","protected":false},"excerpt":{"rendered":"<p>Javier Milei estall\u00f3 tras una cr\u00edtica de Adepa y decidi\u00f3 suspender la venta de Telef\u00f3nica a Telecom, golpeando al Grupo Clar\u00edn. La decisi\u00f3n contradice su pr\u00e9dica de libre mercado y revela su guerra con los medios. Su hostigamiento a la prensa y su autoritarismo digital quedan expuestos una vez m\u00e1s.<\/p>\n","protected":false},"author":1,"featured_media":255,"comment_status":"open","ping_status":"open","sticky":false,"template":"","format":"standard","meta":{"_monsterinsights_skip_tracking":false,"_monsterinsights_sitenote_active":false,"_monsterinsights_sitenote_note":"","_monsterinsights_sitenote_category":0,"footnotes":"","jetpack_publicize_message":"Milei se enfureci\u00f3 por una cr\u00edtica de Adepa y suspendi\u00f3 la venta de Telef\u00f3nica a Clar\u00edn \ud83d\udcf5\ud83d\udca5. Su discurso promercado cae cuando su ego se ve herido. \u00bfLibertario o autoritario? \ud83d\udce2\ud83e\udd28 ","jetpack_publicize_feature_enabled":true,"jetpack_social_post_already_shared":false,"jetpack_social_options":{"image_generator_settings":{"template":"highway","enabled":false},"version":2}},"categories":[2],"tags":[988,93,504,809,989,178,45,72,517,987],"class_list":["post-2722","post","type-post","status-publish","format-standard","has-post-thumbnail","hentry","category-politica","tag-adepa","tag-argentina","tag-censura","tag-clarin-2","tag-concentracion","tag-medios","tag-milei","tag-politica","tag-telecom","tag-telefonica"],"jetpack_publicize_connections":[],"_links":{"self":[{"href":"https:\/\/www.enorsai.com\/noticias\/wp-json\/wp\/v2\/posts\/2722","targetHints":{"allow":["GET"]}}],"collection":[{"href":"https:\/\/www.enorsai.com\/noticias\/wp-json\/wp\/v2\/posts"}],"about":[{"href":"https:\/\/www.enorsai.com\/noticias\/wp-json\/wp\/v2\/types\/post"}],"author":[{"embeddable":true,"href":"https:\/\/www.enorsai.com\/noticias\/wp-json\/wp\/v2\/users\/1"}],"replies":[{"embeddable":true,"href":"https:\/\/www.enorsai.com\/noticias\/wp-json\/wp\/v2\/comments?post=2722"}],"version-history":[{"count":1,"href":"https:\/\/www.enorsai.com\/noticias\/wp-json\/wp\/v2\/posts\/2722\/revisions"}],"predecessor-version":[{"id":2723,"href":"https:\/\/www.enorsai.com\/noticias\/wp-json\/wp\/v2\/posts\/2722\/revisions\/2723"}],"wp:featuredmedia":[{"embeddable":true,"href":"https:\/\/www.enorsai.com\/noticias\/wp-json\/wp\/v2\/media\/255"}],"wp:attachment":[{"href":"https:\/\/www.enorsai.com\/noticias\/wp-json\/wp\/v2\/media?parent=2722"}],"wp:term":[{"taxonomy":"category","embeddable":true,"href":"https:\/\/www.enorsai.com\/noticias\/wp-json\/wp\/v2\/categories?post=2722"},{"taxonomy":"post_tag","embeddable":true,"href":"https:\/\/www.enorsai.com\/noticias\/wp-json\/wp\/v2\/tags?post=2722"}],"curies":[{"name":"wp","href":"https:\/\/api.w.org\/{rel}","templated":true}]}}