{"id":2719,"date":"2025-03-22T19:43:37","date_gmt":"2025-03-22T22:43:37","guid":{"rendered":"http:\/\/www.enorsai.com\/noticias\/?p=2719"},"modified":"2025-03-22T19:49:55","modified_gmt":"2025-03-22T22:49:55","slug":"contundente-la-imagen-del-gobierno-tiene-58-de-rechazo","status":"publish","type":"post","link":"https:\/\/www.enorsai.com\/noticias\/politica\/contundente-la-imagen-del-gobierno-tiene-58-de-rechazo\/","title":{"rendered":"Contundente: \u00abLa imagen del gobierno tiene 58% de rechazo\u00bb"},"content":{"rendered":"\n<p><strong>El gobierno libertario enfrenta un deterioro acelerado de su imagen p\u00fablica, mientras la oposici\u00f3n comienza a reorganizarse. La econom\u00eda y la inseguridad, los grandes fracasos de la gesti\u00f3n.<\/strong><\/p>\n\n\n\n<p>La luna de miel de Javier Milei con la opini\u00f3n p\u00fablica se desmorona a un ritmo vertiginoso. Seg\u00fan los datos recientes de la consultora Zuban-C\u00f3rdoba, la imagen del gobierno nacional acumula un 58% de rechazo, frente a un magro 41% de aprobaci\u00f3n. Este escenario no solo evidencia el desgaste acelerado del oficialismo, sino que tambi\u00e9n augura un terreno hostil para la continuidad de su plan econ\u00f3mico y pol\u00edtico. La ca\u00edda en la consideraci\u00f3n p\u00fablica es un fen\u00f3meno que, lejos de ser coyuntural, responde a la acumulaci\u00f3n de fracasos en la gesti\u00f3n de la econom\u00eda, la inseguridad y la incapacidad de articular respuestas efectivas a los problemas estructurales del pa\u00eds.<\/p>\n\n\n\n<p>La falta de un horizonte claro en la pol\u00edtica econ\u00f3mica es el principal factor de desgaste. La promesa de dolarizaci\u00f3n qued\u00f3 relegada a un horizonte incierto, mientras la inflaci\u00f3n sigue carcomiendo el poder adquisitivo de la ciudadan\u00eda. La gesti\u00f3n del ajuste fiscal, promovida con tintes mesi\u00e1nicos por el presidente, ha golpeado con particular crudeza a los sectores populares y a la clase media, que vieron desplomarse sus ingresos sin una mejora palpable en la econom\u00eda real. Mientras tanto, el gobierno insiste en la ret\u00f3rica del \u00abshock\u00bb y la \u00absangre, sudor y l\u00e1grimas\u00bb, pero sin ofrecer resultados concretos ni perspectivas de una mejora sostenible.<\/p>\n\n\n\n<figure class=\"wp-block-embed is-type-video is-provider-youtube wp-block-embed-youtube wp-embed-aspect-16-9 wp-has-aspect-ratio\"><div class=\"wp-block-embed__wrapper\">\n<iframe loading=\"lazy\" title=\"GUSTAVO C\u00d3RDOBA: &quot;La IMAGEN del GOBIERNO tiene 58% de RECHAZO&quot;\" width=\"640\" height=\"360\" src=\"https:\/\/www.youtube.com\/embed\/zVVC2heU9K8?feature=oembed\" frameborder=\"0\" allow=\"accelerometer; autoplay; clipboard-write; encrypted-media; gyroscope; picture-in-picture; web-share\" referrerpolicy=\"strict-origin-when-cross-origin\" allowfullscreen><\/iframe>\n<\/div><\/figure>\n\n\n\n<p>Al descontento econ\u00f3mico se suma la creciente preocupaci\u00f3n por la inseguridad, un tema que Milei supo explotar en campa\u00f1a, pero que ahora se convierte en un boomerang contra su propia gesti\u00f3n. La violencia y el crimen han escalado a niveles alarmantes, mientras el gobierno se limita a discursos grandilocuentes y culpabiliza a administraciones anteriores. La falta de pol\u00edticas integrales de seguridad deja a la ciudadan\u00eda en un estado de indefensi\u00f3n creciente, y las encuestas reflejan c\u00f3mo este problema ya ha alcanzado o incluso superado a la econom\u00eda como la principal preocupaci\u00f3n de los argentinos.<\/p>\n\n\n\n<p>En este contexto, la oposici\u00f3n empieza a reconfigurarse y a discutir la estrategia para capitalizar el desgaste libertario. Cristina Fern\u00e1ndez de Kirchner lanz\u00f3 recientemente una se\u00f1al inequ\u00edvoca al referirse al \u00abpr\u00f3ximo gobierno\u00bb, insinuando que el ciclo de Milei podr\u00eda ser m\u00e1s corto de lo esperado. En el peronismo, el debate gira en torno a c\u00f3mo reconstruir la unidad y ampliar su base hacia sectores que hoy rechazan las pol\u00edticas de Milei, pero que no necesariamente se identifican con el kirchnerismo. La fragmentaci\u00f3n del oficialismo y la crisis de gobernabilidad pueden abrir una ventana de oportunidad para una oposici\u00f3n que, aunque a\u00fan dispersa, comienza a encontrar puntos en com\u00fan.<\/p>\n\n\n\n<figure class=\"wp-block-embed is-type-wp-embed is-provider-incrustado wp-block-embed-incrustado\"><div class=\"wp-block-embed__wrapper\">\n<blockquote class=\"wp-embedded-content\" data-secret=\"BIhYscrGnz\"><a href=\"https:\/\/www.enorsai.com\/noticias\/sociedad\/un-editor-y-librero-ira-a-juicio-por-la-impresion-y-venta-de-publicaciones-nazis-por-internet\/\">Un editor y librero ir\u00e1 a juicio por la impresi\u00f3n y venta de publicaciones nazis por Internet<\/a><\/blockquote><iframe loading=\"lazy\" class=\"wp-embedded-content\" sandbox=\"allow-scripts\" security=\"restricted\" style=\"position: absolute; visibility: hidden;\" title=\"\u00abUn editor y librero ir\u00e1 a juicio por la impresi\u00f3n y venta de publicaciones nazis por Internet\u00bb \u2014 \" src=\"https:\/\/www.enorsai.com\/noticias\/sociedad\/un-editor-y-librero-ira-a-juicio-por-la-impresion-y-venta-de-publicaciones-nazis-por-internet\/embed\/#?secret=DYJRrOtCLh#?secret=BIhYscrGnz\" data-secret=\"BIhYscrGnz\" width=\"600\" height=\"338\" frameborder=\"0\" marginwidth=\"0\" marginheight=\"0\" scrolling=\"no\"><\/iframe>\n<\/div><\/figure>\n\n\n\n<p>La gran interrogante es si el gobierno lograr\u00e1 sostenerse hasta 2025 sin un cambio de rumbo. El pr\u00f3ximo desembolso del FMI, previsto te\u00f3ricamente para abril, es la \u00fanica tabla de salvaci\u00f3n en un mar de incertidumbre. Pero incluso si esos fondos llegan, la realidad social y pol\u00edtica puede convertirse en un obst\u00e1culo insalvable. La opini\u00f3n p\u00fablica ha comenzado a retirar su respaldo al proyecto libertario y, si la tendencia sigue su curso, el desenlace puede ser abrupto y traum\u00e1tico para el oficialismo.<\/p>\n\n\n\n<p>Mientras Milei persiste en su cruzada ideol\u00f3gica y profundiza el ajuste, la sociedad argentina ya empieza a mirar m\u00e1s all\u00e1 de su gobierno. La pregunta no es si la paciencia popular se agotar\u00e1, sino cu\u00e1ndo y c\u00f3mo ocurrir\u00e1 ese estallido.<\/p>\n\n\n\n<p><\/p>\n","protected":false},"excerpt":{"rendered":"<p>El gobierno de Javier Milei enfrenta un creciente rechazo del 58% y una crisis de gobernabilidad. La econom\u00eda colapsa, la inseguridad se dispara y la oposici\u00f3n comienza a reorganizarse. Sin resultados concretos, la paciencia popular se agota y el futuro del oficialismo es cada vez m\u00e1s incierto.<\/p>\n","protected":false},"author":1,"featured_media":2721,"comment_status":"open","ping_status":"open","sticky":false,"template":"","format":"standard","meta":{"_monsterinsights_skip_tracking":false,"_monsterinsights_sitenote_active":false,"_monsterinsights_sitenote_note":"","_monsterinsights_sitenote_category":0,"footnotes":"","jetpack_publicize_message":"El 58% de los argentinos rechaza a Milei \ud83d\udcc9. La inflaci\u00f3n no cede, la inseguridad crece y la econom\u00eda se desmorona \ud83d\udcb8. Sin rumbo claro, el oficialismo se desgasta y la oposici\u00f3n se reagrupa. \u00bfSe viene un estallido social? \ud83d\udea8\u23f3","jetpack_publicize_feature_enabled":true,"jetpack_social_post_already_shared":false,"jetpack_social_options":{"image_generator_settings":{"template":"highway","enabled":false},"version":2}},"categories":[2],"tags":[58,43,15,90,986,227,132,45,985,984],"class_list":["post-2719","post","type-post","status-publish","format-standard","has-post-thumbnail","hentry","category-politica","tag-ajuste","tag-crisis","tag-economia","tag-fmi","tag-gobernabilidad","tag-inflacion","tag-inseguridad","tag-milei","tag-oposicion","tag-rechazo"],"jetpack_publicize_connections":[],"_links":{"self":[{"href":"https:\/\/www.enorsai.com\/noticias\/wp-json\/wp\/v2\/posts\/2719","targetHints":{"allow":["GET"]}}],"collection":[{"href":"https:\/\/www.enorsai.com\/noticias\/wp-json\/wp\/v2\/posts"}],"about":[{"href":"https:\/\/www.enorsai.com\/noticias\/wp-json\/wp\/v2\/types\/post"}],"author":[{"embeddable":true,"href":"https:\/\/www.enorsai.com\/noticias\/wp-json\/wp\/v2\/users\/1"}],"replies":[{"embeddable":true,"href":"https:\/\/www.enorsai.com\/noticias\/wp-json\/wp\/v2\/comments?post=2719"}],"version-history":[{"count":1,"href":"https:\/\/www.enorsai.com\/noticias\/wp-json\/wp\/v2\/posts\/2719\/revisions"}],"predecessor-version":[{"id":2720,"href":"https:\/\/www.enorsai.com\/noticias\/wp-json\/wp\/v2\/posts\/2719\/revisions\/2720"}],"wp:featuredmedia":[{"embeddable":true,"href":"https:\/\/www.enorsai.com\/noticias\/wp-json\/wp\/v2\/media\/2721"}],"wp:attachment":[{"href":"https:\/\/www.enorsai.com\/noticias\/wp-json\/wp\/v2\/media?parent=2719"}],"wp:term":[{"taxonomy":"category","embeddable":true,"href":"https:\/\/www.enorsai.com\/noticias\/wp-json\/wp\/v2\/categories?post=2719"},{"taxonomy":"post_tag","embeddable":true,"href":"https:\/\/www.enorsai.com\/noticias\/wp-json\/wp\/v2\/tags?post=2719"}],"curies":[{"name":"wp","href":"https:\/\/api.w.org\/{rel}","templated":true}]}}