{"id":2714,"date":"2025-03-22T19:34:47","date_gmt":"2025-03-22T22:34:47","guid":{"rendered":"http:\/\/www.enorsai.com\/noticias\/?p=2714"},"modified":"2025-03-22T19:36:52","modified_gmt":"2025-03-22T22:36:52","slug":"cristina-fernandez-de-kirchner-en-el-congreso-educativo-la-educacion-no-se-resuelve-con-motosierra","status":"publish","type":"post","link":"https:\/\/www.enorsai.com\/noticias\/politica\/cristina-fernandez-de-kirchner-en-el-congreso-educativo-la-educacion-no-se-resuelve-con-motosierra\/","title":{"rendered":"Cristina Fern\u00e1ndez de Kirchner en el Congreso Educativo: \u00abLa educaci\u00f3n no se resuelve con motosierra\u00bb"},"content":{"rendered":"\n<p><strong><em>La expresidenta critic\u00f3 duramente las pol\u00edticas educativas del gobierno de Javier Milei y llam\u00f3 a \u00abimaginar y transformar\u00bb el sistema educativo argentino en un contexto de descomposici\u00f3n institucional y crisis econ\u00f3mica.<\/em><\/strong><\/p>\n\n\n\n<p>En el marco del Congreso Educativo Nacional \u00abImaginar y Transformar\u00bb, Cristina Fern\u00e1ndez de Kirchner denunci\u00f3 el desmantelamiento de la educaci\u00f3n p\u00fablica bajo la gesti\u00f3n de Milei y propuso un nuevo modelo de estatalidad educativa. Con un discurso incisivo, la l\u00edder del PJ convoc\u00f3 a docentes, estudiantes y familias a defender la escuela p\u00fablica y a construir un futuro basado en la justicia social y el conocimiento.<\/p>\n\n\n\n<hr class=\"wp-block-separator has-alpha-channel-opacity\"\/>\n\n\n\n<p>En un auditorio colmado de docentes, estudiantes, legisladores y referentes del \u00e1mbito educativo, la expresidenta Cristina Fern\u00e1ndez de Kirchner tom\u00f3 la palabra durante el Congreso Educativo Nacional \u00abImaginar y Transformar\u00bb para lanzar un mensaje claro: la educaci\u00f3n no se resuelve con motosierra. Con un tono cr\u00edtico y provocativo, Fern\u00e1ndez de Kirchner arremeti\u00f3 contra las pol\u00edticas del gobierno de Javier Milei, a quien acus\u00f3 de desarticular el sistema educativo y de desfinanciar programas clave que garantizaban el acceso a la educaci\u00f3n p\u00fablica.<\/p>\n\n\n\n<p>\u00abHay quienes, con liviandad e hipocres\u00eda, dicen que la educaci\u00f3n argentina est\u00e1 en crisis, pero cuando asumen el poder, se encargan de desarmarla\u00bb, afirm\u00f3 la l\u00edder del Partido Justicialista. En su discurso, record\u00f3 que el actual presidente ha calificado a la educaci\u00f3n como un \u00abmecanismo de subversi\u00f3n cultural\u00bb y ha implementado medidas que, seg\u00fan ella, han pulverizado el salario docente, eliminado el Fondo Nacional de Incentivo Docente y reducido a cifras irrisorias las becas estudiantiles.<\/p>\n\n\n\n<figure class=\"wp-block-embed is-type-video is-provider-youtube wp-block-embed-youtube wp-embed-aspect-16-9 wp-has-aspect-ratio\"><div class=\"wp-block-embed__wrapper\">\n<iframe loading=\"lazy\" title=\"En vivo desde el Congreso Educativo Nacional \u201cImaginar y transformar\u201d.\" width=\"640\" height=\"360\" src=\"https:\/\/www.youtube.com\/embed\/WkuBZW68ukM?feature=oembed\" frameborder=\"0\" allow=\"accelerometer; autoplay; clipboard-write; encrypted-media; gyroscope; picture-in-picture; web-share\" referrerpolicy=\"strict-origin-when-cross-origin\" allowfullscreen><\/iframe>\n<\/div><\/figure>\n\n\n\n<p>Fern\u00e1ndez de Kirchner no solo critic\u00f3 las pol\u00edticas actuales, sino que tambi\u00e9n traz\u00f3 un panorama desolador del contexto en el que se desarrolla este congreso: una Argentina sumida en una \u00abdescomposici\u00f3n institucional\u00bb y una crisis econ\u00f3mica que afecta a todos los sectores, pero especialmente a los m\u00e1s vulnerables. \u00abNo podemos discutir la educaci\u00f3n como si fu\u00e9ramos una isla democr\u00e1tica, ignorando lo que pasa en el pa\u00eds y en el mundo\u00bb, sostuvo.<\/p>\n\n\n\n<p>La expresidenta destac\u00f3 que el gobierno de Milei ha convertido al Estado en un \u00abespectador pasivo\u00bb de la realidad educativa, desmantelando programas como Conectar Igualdad, que entreg\u00f3 m\u00e1s de 5 millones de computadoras a estudiantes, y las becas Progresar, que permitieron a miles de j\u00f3venes terminar sus estudios. \u00abEste gobierno no solo no invierte en educaci\u00f3n, sino que la destruye\u00bb, afirm\u00f3.<\/p>\n\n\n\n<figure class=\"wp-block-embed is-type-wp-embed is-provider-incrustado wp-block-embed-incrustado\"><div class=\"wp-block-embed__wrapper\">\n<blockquote class=\"wp-embedded-content\" data-secret=\"n1yPlxCJx2\"><a href=\"https:\/\/www.enorsai.com\/noticias\/politica\/asi-roba-patricia-bullrich-el-mecanismo-aceitado-de-sobreprecios-y-compras-irregulares-de-la-ministra\/\">As\u00ed roba Patricia Bullrich: El mecanismo aceitado de sobreprecios y compras irregulares de la ministra<\/a><\/blockquote><iframe loading=\"lazy\" class=\"wp-embedded-content\" sandbox=\"allow-scripts\" security=\"restricted\" style=\"position: absolute; visibility: hidden;\" title=\"\u00abAs\u00ed roba Patricia Bullrich: El mecanismo aceitado de sobreprecios y compras irregulares de la ministra\u00bb \u2014 \" src=\"https:\/\/www.enorsai.com\/noticias\/politica\/asi-roba-patricia-bullrich-el-mecanismo-aceitado-de-sobreprecios-y-compras-irregulares-de-la-ministra\/embed\/#?secret=1GS9Yl3rg0#?secret=n1yPlxCJx2\" data-secret=\"n1yPlxCJx2\" width=\"600\" height=\"338\" frameborder=\"0\" marginwidth=\"0\" marginheight=\"0\" scrolling=\"no\"><\/iframe>\n<\/div><\/figure>\n\n\n\n<h3 class=\"wp-block-heading\">Un llamado a la transformaci\u00f3n<\/h3>\n\n\n\n<p>Frente a este escenario, Fern\u00e1ndez de Kirchner propuso un nuevo modelo de estatalidad educativa, basado en cuatro pilares fundamentales: la formaci\u00f3n docente, una nueva \u00e9tica digital, la escuela como comunidad y la dualizaci\u00f3n del secundario. \u00abNecesitamos una escuela que no solo forme en conocimientos, sino que prepare a los j\u00f3venes para el mundo del trabajo y la vida en sociedad\u00bb, se\u00f1al\u00f3.<\/p>\n\n\n\n<p>La l\u00edder peronista hizo hincapi\u00e9 en la necesidad de reformular la carrera docente, premiando el esfuerzo y la capacidad, y en la importancia de integrar la tecnolog\u00eda en las aulas. \u00abLos pibes son consumidores digitales; nuestra tarea es convertirlos en creadores y productores\u00bb, afirm\u00f3. Adem\u00e1s, propuso una escuela de jornada completa, especialmente en los sectores m\u00e1s vulnerables, para sacar a los j\u00f3venes de la calle y alejarlos del narcotr\u00e1fico.<\/p>\n\n\n\n<p>Fern\u00e1ndez de Kirchner tambi\u00e9n critic\u00f3 la falta de inversi\u00f3n en infraestructura educativa y record\u00f3 que, durante su gesti\u00f3n, se crearon 19 universidades nacionales y se llev\u00f3 el financiamiento educativo al 6% del PIB, tal como lo establece la ley. \u00abSi hicimos todo eso, \u00bfc\u00f3mo no vamos a ser capaces de encarar la transformaci\u00f3n que el sistema educativo necesita?\u00bb, pregunt\u00f3.<\/p>\n\n\n\n<h3 class=\"wp-block-heading\">La educaci\u00f3n como herramienta de movilidad social<\/h3>\n\n\n\n<p>En un momento emotivo, la expresidenta record\u00f3 su propia experiencia como hija de la educaci\u00f3n p\u00fablica y destac\u00f3 el papel de la escuela como herramienta de movilidad social. \u00abLa educaci\u00f3n es el pasaporte al progreso, pero hoy ese sue\u00f1o se ha desvanecido para muchos j\u00f3venes\u00bb, lament\u00f3. Y agreg\u00f3: \u00abTenemos que recuperar ese sue\u00f1o, pero para hacerlo, necesitamos un Estado presente y comprometido\u00bb.<\/p>\n\n\n\n<p>Fern\u00e1ndez de Kirchner cerr\u00f3 su discurso con un proverbio chino que reson\u00f3 en el auditorio: \u00abSi haces planes para un a\u00f1o, planta arroz; si haces planes para dos lustros, planta \u00e1rboles; si los haces para toda una vida, educa a una persona\u00bb. Con estas palabras, convoc\u00f3 a todos los actores de la comunidad educativa a trabajar juntos para construir un futuro mejor.<\/p>\n\n\n\n<p>El Congreso Educativo Nacional \u00abImaginar y Transformar\u00bb se presenta as\u00ed como un espacio de debate y reflexi\u00f3n en un momento cr\u00edtico para la educaci\u00f3n argentina. Mientras el gobierno de Milei avanza con recortes y desfinanciamiento, las palabras de Fern\u00e1ndez de Kirchner resuenan como un llamado a la resistencia y a la construcci\u00f3n de un nuevo modelo educativo que priorice la justicia social y el acceso al conocimiento para todos.<\/p>\n\n\n\n<hr class=\"wp-block-separator has-alpha-channel-opacity\"\/>\n\n\n\n<p>En un contexto de crisis econ\u00f3mica y descomposici\u00f3n institucional, el discurso de Cristina Fern\u00e1ndez de Kirchner en el Congreso Educativo Nacional no solo critic\u00f3 las pol\u00edticas del gobierno actual, sino que tambi\u00e9n plante\u00f3 una hoja de ruta para transformar la educaci\u00f3n argentina. Con un llamado a la acci\u00f3n y a la defensa de la escuela p\u00fablica, la l\u00edder peronista dej\u00f3 en claro que, en tiempos de oscuridad, la educaci\u00f3n sigue siendo la luz que gu\u00eda hacia un futuro m\u00e1s justo y equitativo.<\/p>\n\n\n\n<p><\/p>\n","protected":false},"excerpt":{"rendered":"<p>Cristina Fern\u00e1ndez de Kirchner critic\u00f3 las pol\u00edticas educativas de Milei en el Congreso \u00abImaginar y Transformar\u00bb. Denunci\u00f3 recortes, desfinanciamiento y propuso un nuevo modelo educativo basado en justicia social, tecnolog\u00eda y formaci\u00f3n docente. \u00abLa educaci\u00f3n no se resuelve con motosierra\u00bb, afirm\u00f3.<\/p>\n","protected":false},"author":12,"featured_media":2715,"comment_status":"open","ping_status":"open","sticky":false,"template":"","format":"standard","meta":{"_monsterinsights_skip_tracking":false,"_monsterinsights_sitenote_active":false,"_monsterinsights_sitenote_note":"","_monsterinsights_sitenote_category":0,"footnotes":"","jetpack_publicize_message":"\ud83d\udcda\u270a Cristina Fern\u00e1ndez de Kirchner arremeti\u00f3 contra las pol\u00edticas educativas de Milei en el Congreso \"Imaginar y Transformar\". Denunci\u00f3 recortes, desfinanciamiento y llam\u00f3 a defender la escuela p\u00fablica. \"La educaci\u00f3n no se resuelve con motosierra\", dijo. \ud83d\udea8 ","jetpack_publicize_feature_enabled":true,"jetpack_social_post_already_shared":false,"jetpack_social_options":{"image_generator_settings":{"template":"highway","enabled":false},"version":2}},"categories":[2],"tags":[93,257,87,983,513,276,981,45,72,982],"class_list":["post-2714","post","type-post","status-publish","format-standard","has-post-thumbnail","hentry","category-politica","tag-argentina","tag-congreso","tag-cristina","tag-critica","tag-docentes","tag-educacion","tag-escuela","tag-milei","tag-politica","tag-transformacion"],"jetpack_publicize_connections":[],"_links":{"self":[{"href":"https:\/\/www.enorsai.com\/noticias\/wp-json\/wp\/v2\/posts\/2714","targetHints":{"allow":["GET"]}}],"collection":[{"href":"https:\/\/www.enorsai.com\/noticias\/wp-json\/wp\/v2\/posts"}],"about":[{"href":"https:\/\/www.enorsai.com\/noticias\/wp-json\/wp\/v2\/types\/post"}],"author":[{"embeddable":true,"href":"https:\/\/www.enorsai.com\/noticias\/wp-json\/wp\/v2\/users\/12"}],"replies":[{"embeddable":true,"href":"https:\/\/www.enorsai.com\/noticias\/wp-json\/wp\/v2\/comments?post=2714"}],"version-history":[{"count":2,"href":"https:\/\/www.enorsai.com\/noticias\/wp-json\/wp\/v2\/posts\/2714\/revisions"}],"predecessor-version":[{"id":2717,"href":"https:\/\/www.enorsai.com\/noticias\/wp-json\/wp\/v2\/posts\/2714\/revisions\/2717"}],"wp:featuredmedia":[{"embeddable":true,"href":"https:\/\/www.enorsai.com\/noticias\/wp-json\/wp\/v2\/media\/2715"}],"wp:attachment":[{"href":"https:\/\/www.enorsai.com\/noticias\/wp-json\/wp\/v2\/media?parent=2714"}],"wp:term":[{"taxonomy":"category","embeddable":true,"href":"https:\/\/www.enorsai.com\/noticias\/wp-json\/wp\/v2\/categories?post=2714"},{"taxonomy":"post_tag","embeddable":true,"href":"https:\/\/www.enorsai.com\/noticias\/wp-json\/wp\/v2\/tags?post=2714"}],"curies":[{"name":"wp","href":"https:\/\/api.w.org\/{rel}","templated":true}]}}