{"id":2704,"date":"2025-03-21T19:03:19","date_gmt":"2025-03-21T22:03:19","guid":{"rendered":"https:\/\/www.enorsai.com\/noticias\/?p=2704"},"modified":"2025-03-21T19:04:08","modified_gmt":"2025-03-21T22:04:08","slug":"el-gobierno-de-milei-pone-freno-a-la-compra-de-telefonica-por-parte-de-clarin","status":"publish","type":"post","link":"https:\/\/www.enorsai.com\/noticias\/economia\/el-gobierno-de-milei-pone-freno-a-la-compra-de-telefonica-por-parte-de-clarin\/","title":{"rendered":"El gobierno de Milei pone freno a la compra de Telef\u00f3nica por parte de Clar\u00edn"},"content":{"rendered":"\n<p><strong>El gobierno argumenta que la fusi\u00f3n consolidar\u00eda un monopolio que afectar\u00eda a millones de argentinos, pero algunos cuestionan la real motivaci\u00f3n detr\u00e1s de la decisi\u00f3n.<\/strong><\/p>\n\n\n\n<p><strong>En un giro inesperado, el gobierno de Javier Milei suspendi\u00f3 la compra de Telef\u00f3nica por parte de Clar\u00edn, alegando que la fusi\u00f3n generar\u00eda una concentraci\u00f3n de mercado peligrosa. Sin embargo, esta medida levanta serias interrogantes sobre la verdadera intenci\u00f3n del Ejecutivo, mientras las empresas afectadas y los usuarios se preguntan si la competencia se ve realmente amenazada o si se trata de un golpe pol\u00edtico al poder empresarial.<\/strong><\/p>\n\n\n\n<p>El reciente anuncio del gobierno de Javier Milei de suspender la compra de Telef\u00f3nica por parte de Clar\u00edn ha generado un terremoto en el mundo empresarial y pol\u00edtico de Argentina. La operaci\u00f3n, que originalmente deb\u00eda consolidar a Telecom Argentina como un jugador clave en el sector de las telecomunicaciones del pa\u00eds, ha sido detenida por el Ejecutivo bajo el argumento de que la fusi\u00f3n generar\u00eda una concentraci\u00f3n de poder empresarial que afectar\u00eda gravemente la competencia en el mercado. Seg\u00fan el gobierno, los n\u00fameros son alarmantes: un 61% de concentraci\u00f3n en el mercado de telefon\u00eda m\u00f3vil, un 69% en telefon\u00eda fija y, en algunas zonas, hasta un 80% en el servicio de internet residencial.<\/p>\n\n\n\n<p>La decisi\u00f3n se presenta como una respuesta directa a lo que el gobierno califica como una amenaza para los usuarios y el libre mercado. Sin embargo, las implicaciones de esta medida van mucho m\u00e1s all\u00e1 de los n\u00fameros que el gobierno utiliza como justificaci\u00f3n. La suspensi\u00f3n de esta operaci\u00f3n no solo tiene implicaciones para las grandes empresas involucradas, sino tambi\u00e9n para los millones de consumidores que, d\u00eda a d\u00eda, interact\u00faan con los servicios de telecomunicaciones en el pa\u00eds.<\/p>\n\n\n\n<p>Para entender las razones de la suspensi\u00f3n, es necesario adentrarse en la l\u00f3gica detr\u00e1s de la denuncia gubernamental. El gobierno de Milei argumenta que una fusi\u00f3n de este calibre consolidar\u00eda demasiado poder en pocas manos, lo que podr\u00eda limitar las opciones para los usuarios y aumentar los costos de los servicios, una preocupaci\u00f3n v\u00e1lida que, en un mercado competitivo, deber\u00eda ser tomada en cuenta. En el caso de las telecomunicaciones, donde la infraestructura y la oferta de servicios son vitales para el desarrollo econ\u00f3mico y social, la concentraci\u00f3n del mercado en tan pocos actores puede generar una distorsi\u00f3n significativa en el acceso a servicios de calidad a precios razonables.<\/p>\n\n\n\n<p>El diagn\u00f3stico de \u00abmonopolio\u00bb o \u00aboligopolio\u00bb que se desprende de esta fusi\u00f3n tiene bases que, a priori, parecen razonables. Argentina ha sido hist\u00f3ricamente un pa\u00eds donde los sectores estrat\u00e9gicos como las telecomunicaciones est\u00e1n dominados por grandes corporaciones, y es conocido que cuando estas empresas se fusionan, los beneficios para los consumidores no siempre se traducen en mejoras en el servicio. En lugar de una mayor competencia, los usuarios podr\u00edan enfrentarse a una reducci\u00f3n de opciones y una posible subida de precios debido a la falta de presi\u00f3n competitiva.<\/p>\n\n\n\n<p>A pesar de las justificaciones que presenta el gobierno, esta medida no est\u00e1 exenta de cr\u00edticas. Los opositores de la suspensi\u00f3n argumentan que el gobierno, al tomar esta decisi\u00f3n, est\u00e1 utilizando su poder para interferir en el mercado y en los negocios privados de manera que podr\u00eda afectar la libre competencia. En este sentido, la acci\u00f3n del gobierno se percibe por algunos sectores como un intento de dar un golpe a las grandes corporaciones que, en muchos casos, tienen una relaci\u00f3n tensa con el oficialismo. En un pa\u00eds donde los intereses empresariales y los pol\u00edticos a menudo se entrelazan, las decisiones como la de suspender una fusi\u00f3n de esta magnitud no pueden analizarse \u00fanicamente desde un punto de vista econ\u00f3mico. La pol\u00edtica juega un rol fundamental en esta narrativa.<\/p>\n\n\n\n<p>El Grupo Clar\u00edn, una de las empresas m\u00e1s influyentes de Argentina, se ha visto directamente afectado por esta suspensi\u00f3n. La adquisici\u00f3n de Telef\u00f3nica, uno de los jugadores m\u00e1s importantes en el sector de telecomunicaciones, representaba un paso clave para fortalecer su posici\u00f3n en el mercado y expandir su presencia en un sector esencial como el de la conectividad. Al impedir la fusi\u00f3n, el gobierno tambi\u00e9n genera una clara confrontaci\u00f3n con el conglomerado medi\u00e1tico, conocido por su influencia y poder de lobby. En un contexto donde el Grupo Clar\u00edn ha tenido hist\u00f3ricamente diferencias con gobiernos anteriores, esta medida podr\u00eda interpretarse no solo como un freno al monopolio, sino como una jugada pol\u00edtica para debilitar a un enemigo medi\u00e1tico.<\/p>\n\n\n\n<p>Sin embargo, m\u00e1s all\u00e1 de las disputas pol\u00edticas, la pregunta que debe plantearse es: \u00bfrealmente se est\u00e1 protegiendo a los consumidores y a la competencia? La respuesta a esta pregunta es m\u00e1s compleja de lo que parece. Si bien la concentraci\u00f3n en el mercado de telecomunicaciones podr\u00eda ser perjudicial, la realidad es que la competencia en el sector ya est\u00e1 severamente limitada. En la actualidad, los argentinos se enfrentan a un mercado en el que las opciones de servicio no son muchas y los precios no siempre son competitivos. En este sentido, algunos expertos sugieren que la fusi\u00f3n de Telef\u00f3nica y Clar\u00edn podr\u00eda haber resultado en un jugador m\u00e1s fuerte que, lejos de perjudicar a los consumidores, podr\u00eda haber tra\u00eddo una oferta de servicios m\u00e1s robusta y competitiva.<\/p>\n\n\n\n<p>Por otro lado, el gobierno tambi\u00e9n se enfrenta a una crisis de confianza. El hecho de que esta decisi\u00f3n se haya tomado de manera unilateral, sin consultar a expertos independientes o realizar un an\u00e1lisis exhaustivo sobre las repercusiones de la fusi\u00f3n en el largo plazo, alimenta la percepci\u00f3n de que el gobierno est\u00e1 tomando decisiones apresuradas sin tener en cuenta todos los factores. En lugar de establecer un marco regulador claro y transparente para el sector de telecomunicaciones, se est\u00e1 optando por una postura de intervenci\u00f3n directa que deja poco espacio para el debate t\u00e9cnico y econ\u00f3mico.<\/p>\n\n\n\n<p>La suspensi\u00f3n de la compra de Telef\u00f3nica por parte de Clar\u00edn tambi\u00e9n deja en evidencia la falta de una estrategia coherente por parte del gobierno en cuanto a la regulaci\u00f3n del sector. La medida, lejos de aportar claridad y estabilidad al mercado, ha generado incertidumbre, no solo entre las grandes corporaciones involucradas, sino tambi\u00e9n entre los millones de usuarios que dependen de estos servicios. En lugar de avanzar hacia un mercado m\u00e1s competitivo, la intervenci\u00f3n del gobierno podr\u00eda tener el efecto contrario: la consolidaci\u00f3n de un escenario en el que los consumidores se vean atrapados entre pocas opciones y precios elevados.<\/p>\n\n\n\n<p>La intervenci\u00f3n del gobierno en esta operaci\u00f3n no hace m\u00e1s que poner en evidencia la necesidad urgente de un debate m\u00e1s amplio sobre el modelo econ\u00f3mico que Argentina debe seguir en el futuro. Si el objetivo es realmente garantizar la competencia y proteger a los consumidores, es necesario pensar en soluciones estructurales, no en medidas que, aunque justifiquen la defensa del mercado, podr\u00edan ser vistas como un simple reflejo de un gobierno que prefiere la confrontaci\u00f3n pol\u00edtica antes que la construcci\u00f3n de un sistema de telecomunicaciones m\u00e1s justo y eficiente.<\/p>\n\n\n\n<p>En conclusi\u00f3n, la suspensi\u00f3n de la compra de Telef\u00f3nica por parte de Clar\u00edn representa m\u00e1s que una simple cuesti\u00f3n de concentraci\u00f3n de mercado. Es una jugada que va m\u00e1s all\u00e1 de los n\u00fameros y las estad\u00edsticas. Es un movimiento cargado de tensiones pol\u00edticas y econ\u00f3micas que pone sobre la mesa una pregunta crucial: \u00bfest\u00e1 el gobierno de Milei defendiendo a los consumidores o simplemente respondiendo a intereses pol\u00edticos? El tiempo y el debate p\u00fablico, sin duda, ser\u00e1n los encargados de darnos una respuesta m\u00e1s clara.<\/p>\n\n\n\n<p>Fuente:<\/p>\n\n\n\n<ul class=\"wp-block-list\">\n<li><a href=\"https:\/\/www.lapoliticaonline.com\/politica\/el-gobierno-suspendio-la-compra-de-telefonica-por-parte-de-clarin\/\">https:\/\/www.lapoliticaonline.com\/politica\/el-gobierno-suspendio-la-compra-de-telefonica-por-parte-de-clarin\/<\/a><\/li>\n<\/ul>\n\n\n\n<p><\/p>\n","protected":false},"excerpt":{"rendered":"<p>El gobierno argumenta que la fusi\u00f3n consolidar\u00eda un monopolio que afectar\u00eda a millones de argentinos, pero algunos cuestionan la real motivaci\u00f3n detr\u00e1s de la decisi\u00f3n. En un giro inesperado, el gobierno de Javier Milei suspendi\u00f3 la compra de Telef\u00f3nica por parte de Clar\u00edn, alegando que la fusi\u00f3n generar\u00eda una concentraci\u00f3n de mercado peligrosa. Sin embargo,&#8230;<\/p>\n","protected":false},"author":9,"featured_media":1982,"comment_status":"open","ping_status":"open","sticky":false,"template":"","format":"standard","meta":{"_monsterinsights_skip_tracking":false,"_monsterinsights_sitenote_active":false,"_monsterinsights_sitenote_note":"","_monsterinsights_sitenote_category":0,"footnotes":"","jetpack_publicize_message":"","jetpack_publicize_feature_enabled":true,"jetpack_social_post_already_shared":true,"jetpack_social_options":{"image_generator_settings":{"template":"highway","default_image_id":0,"font":"","enabled":false},"version":2}},"categories":[3],"tags":[742,15,45],"class_list":["post-2704","post","type-post","status-publish","format-standard","has-post-thumbnail","hentry","category-economia","tag-clarin","tag-economia","tag-milei"],"jetpack_publicize_connections":[],"_links":{"self":[{"href":"https:\/\/www.enorsai.com\/noticias\/wp-json\/wp\/v2\/posts\/2704","targetHints":{"allow":["GET"]}}],"collection":[{"href":"https:\/\/www.enorsai.com\/noticias\/wp-json\/wp\/v2\/posts"}],"about":[{"href":"https:\/\/www.enorsai.com\/noticias\/wp-json\/wp\/v2\/types\/post"}],"author":[{"embeddable":true,"href":"https:\/\/www.enorsai.com\/noticias\/wp-json\/wp\/v2\/users\/9"}],"replies":[{"embeddable":true,"href":"https:\/\/www.enorsai.com\/noticias\/wp-json\/wp\/v2\/comments?post=2704"}],"version-history":[{"count":1,"href":"https:\/\/www.enorsai.com\/noticias\/wp-json\/wp\/v2\/posts\/2704\/revisions"}],"predecessor-version":[{"id":2705,"href":"https:\/\/www.enorsai.com\/noticias\/wp-json\/wp\/v2\/posts\/2704\/revisions\/2705"}],"wp:featuredmedia":[{"embeddable":true,"href":"https:\/\/www.enorsai.com\/noticias\/wp-json\/wp\/v2\/media\/1982"}],"wp:attachment":[{"href":"https:\/\/www.enorsai.com\/noticias\/wp-json\/wp\/v2\/media?parent=2704"}],"wp:term":[{"taxonomy":"category","embeddable":true,"href":"https:\/\/www.enorsai.com\/noticias\/wp-json\/wp\/v2\/categories?post=2704"},{"taxonomy":"post_tag","embeddable":true,"href":"https:\/\/www.enorsai.com\/noticias\/wp-json\/wp\/v2\/tags?post=2704"}],"curies":[{"name":"wp","href":"https:\/\/api.w.org\/{rel}","templated":true}]}}