{"id":2696,"date":"2025-03-21T16:13:17","date_gmt":"2025-03-21T19:13:17","guid":{"rendered":"https:\/\/www.enorsai.com\/noticias\/?p=2696"},"modified":"2025-03-21T16:13:17","modified_gmt":"2025-03-21T19:13:17","slug":"un-editor-y-librero-ira-a-juicio-por-la-impresion-y-venta-de-publicaciones-nazis-por-internet","status":"publish","type":"post","link":"https:\/\/www.enorsai.com\/noticias\/sociedad\/un-editor-y-librero-ira-a-juicio-por-la-impresion-y-venta-de-publicaciones-nazis-por-internet\/","title":{"rendered":"Un editor y librero ir\u00e1 a juicio por la impresi\u00f3n y venta de publicaciones nazis por Internet"},"content":{"rendered":"\n<h4 class=\"wp-block-heading\"><strong>La Fiscal\u00eda Federal N\u00b01 de San Isidro solicit\u00f3 la elevaci\u00f3n a juicio de Pablo Adri\u00e1n Giorgetti, acusado de comercializar libros de ideolog\u00eda nazi a trav\u00e9s de una plataforma de comercio electr\u00f3nico y redes sociales. El caso pone en evidencia la persistencia de discursos de odio y la falta de controles efectivos para frenar su difusi\u00f3n.<\/strong><\/h4>\n\n\n\n<hr class=\"wp-block-separator has-alpha-channel-opacity\"\/>\n\n\n\n<p>La difusi\u00f3n de ideolog\u00edas supremacistas y discursos de odio no es un fen\u00f3meno del pasado ni un problema ajeno a la sociedad argentina. La reciente imputaci\u00f3n contra el editor y librero Pablo Adri\u00e1n Giorgetti, acusado de comercializar publicaciones de contenido nazi a trav\u00e9s de Internet, pone en evidencia el resurgimiento de narrativas discriminatorias en espacios digitales y la insuficiente regulaci\u00f3n que permite su expansi\u00f3n. La denuncia, impulsada por la Delegaci\u00f3n de Asociaciones Israelitas Argentinas (DAIA) y seguida por la Fiscal\u00eda Federal N\u00b01 de San Isidro, deriv\u00f3 en una investigaci\u00f3n que permiti\u00f3 detectar y desmantelar un negocio basado en la promoci\u00f3n del antisemitismo.<\/p>\n\n\n\n<p>El caso, adem\u00e1s de exponer la persistencia de grupos que reivindican ideolog\u00edas de odio, deja en evidencia las fallas estructurales del Estado en la prevenci\u00f3n y sanci\u00f3n de estas pr\u00e1cticas. Mientras el gobierno de Javier Milei prioriza una agenda de ajuste econ\u00f3mico y reducci\u00f3n del aparato estatal, la proliferaci\u00f3n de este tipo de discursos sigue en aumento, sin que existan pol\u00edticas p\u00fablicas efectivas para su erradicaci\u00f3n.<\/p>\n\n\n\n<h3 class=\"wp-block-heading\"><strong>Un negocio basado en la propaganda del odio<\/strong><\/h3>\n\n\n\n<p>El caso Giorgetti comenz\u00f3 con la denuncia de la DAIA ante la Unidad de Investigaci\u00f3n Antiterrorista de la Polic\u00eda Federal Argentina, que detect\u00f3 la venta de publicaciones con simbolog\u00eda nazi a trav\u00e9s del sitio web \u201cLibrer\u00eda Argentina\u201d, una plataforma de comercio electr\u00f3nico y diversos perfiles en redes sociales. Seg\u00fan la denuncia, en estos espacios se ofrec\u00edan libros que, bajo la apariencia de material hist\u00f3rico, promov\u00edan discursos de odio contra la comunidad jud\u00eda y el sionismo.<\/p>\n\n\n\n<p>El sitio web del acusado intentaba disfrazar su contenido bajo una ret\u00f3rica de \u201cdefensa de la historia alternativa\u201d y \u201cdifusi\u00f3n de libros marginados\u201d, estrategia com\u00fan entre grupos que buscan evitar sanciones directas. Sin embargo, la investigaci\u00f3n revel\u00f3 que se trataba de una operaci\u00f3n sistem\u00e1tica que inclu\u00eda la impresi\u00f3n y distribuci\u00f3n de cientos de ejemplares con propaganda nazi, violando la Ley 23.592 de Medidas contra Actos Discriminatorios.<\/p>\n\n\n\n<p>En los allanamientos realizados en sus domicilios en Beccar y Mart\u00ednez, se secuestraron 222 libros con simbolog\u00eda nazi, una impresora, una notebook y 140 tapas de libros con contenido similar. Adem\u00e1s, la fiscal\u00eda determin\u00f3 que Giorgetti utilizaba identidades falsas y seud\u00f3nimos para evitar ser identificado, lo que refuerza la hip\u00f3tesis de que actuaba con plena conciencia de la ilegalidad de su negocio.<\/p>\n\n\n\n<figure class=\"wp-block-embed is-type-wp-embed is-provider-incrustado wp-block-embed-incrustado\"><div class=\"wp-block-embed__wrapper\">\n<blockquote class=\"wp-embedded-content\" data-secret=\"S867eHiCgf\"><a href=\"https:\/\/www.enorsai.com\/noticias\/politica\/los-milei-mas-complicados-la-decision-judicial-que-complica-a-la-hermana\/\">Los Milei m\u00e1s complicados: la decisi\u00f3n judicial que complica a la hermana<\/a><\/blockquote><iframe loading=\"lazy\" class=\"wp-embedded-content\" sandbox=\"allow-scripts\" security=\"restricted\" style=\"position: absolute; visibility: hidden;\" title=\"\u00abLos Milei m\u00e1s complicados: la decisi\u00f3n judicial que complica a la hermana\u00bb \u2014 \" src=\"https:\/\/www.enorsai.com\/noticias\/politica\/los-milei-mas-complicados-la-decision-judicial-que-complica-a-la-hermana\/embed\/#?secret=cr13maXF71#?secret=S867eHiCgf\" data-secret=\"S867eHiCgf\" width=\"600\" height=\"338\" frameborder=\"0\" marginwidth=\"0\" marginheight=\"0\" scrolling=\"no\"><\/iframe>\n<\/div><\/figure>\n\n\n\n<h3 class=\"wp-block-heading\"><strong>La normalizaci\u00f3n del discurso de odio en la Argentina de Milei<\/strong><\/h3>\n\n\n\n<p>El proceso judicial contra Giorgetti no es un hecho aislado, sino parte de un fen\u00f3meno m\u00e1s amplio que ha encontrado un terreno f\u00e9rtil en la Argentina contempor\u00e1nea. En un contexto de crisis social y econ\u00f3mica, los discursos de odio se multiplican y se vuelven cada vez m\u00e1s aceptables en ciertos sectores. No es casual que este tipo de delitos ocurran en un pa\u00eds cuyo gobierno actual ha relativizado la memoria hist\u00f3rica y ha minimizado la importancia de las pol\u00edticas de derechos humanos.<\/p>\n\n\n\n<p>Desde su asunci\u00f3n, Javier Milei ha promovido una narrativa que desacredita la lucha por la memoria, verdad y justicia, atacando organismos de derechos humanos y cuestionando el n\u00famero de desaparecidos durante la \u00faltima dictadura militar. En este clima de relativizaci\u00f3n de los cr\u00edmenes de lesa humanidad, figuras y movimientos que antes operaban en la clandestinidad encuentran espacios para amplificar su discurso.<\/p>\n\n\n\n<p>El propio Milei ha expresado en m\u00faltiples ocasiones su desprecio por el Estado como regulador de las expresiones p\u00fablicas, promoviendo una idea de \u201clibertad de expresi\u00f3n\u201d absoluta que, en la pr\u00e1ctica, se traduce en la permisividad para la difusi\u00f3n de discursos violentos y discriminatorios. La falta de pol\u00edticas activas contra el antisemitismo y otras formas de odio genera un vac\u00edo que es aprovechado por quienes buscan propagar ideolog\u00edas extremistas.<\/p>\n\n\n\n<h3 class=\"wp-block-heading\"><strong>Internet, un campo de batalla sin control<\/strong><\/h3>\n\n\n\n<p>El caso tambi\u00e9n expone la fragilidad de los controles en plataformas digitales. La investigaci\u00f3n determin\u00f3 que Giorgetti operaba a trav\u00e9s de Mercado Libre y redes sociales como Facebook e Instagram, que bloquearon sus cuentas solo despu\u00e9s de reiteradas denuncias y sanciones. Sin una regulaci\u00f3n efectiva, estos espacios contin\u00faan siendo utilizados para la difusi\u00f3n de contenido discriminatorio.<\/p>\n\n\n\n<p>Las grandes corporaciones tecnol\u00f3gicas han demostrado ser ineficientes en la moderaci\u00f3n de este tipo de material. Mientras sus algoritmos penalizan publicaciones inofensivas con rapidez, los discursos de odio logran permanecer en l\u00ednea durante largos per\u00edodos. La falta de una legislaci\u00f3n espec\u00edfica en Argentina que obligue a las plataformas a responder con mayor rapidez y contundencia ante estas situaciones deja abierta la posibilidad de que casos similares sigan proliferando.<\/p>\n\n\n\n<h3 class=\"wp-block-heading\"><strong>La urgencia de una respuesta estatal<\/strong><\/h3>\n\n\n\n<p>M\u00e1s all\u00e1 del proceso judicial en curso, la pregunta central es: \u00bfqu\u00e9 est\u00e1 haciendo el Estado para frenar la expansi\u00f3n de estas ideas en Argentina? En un contexto donde los organismos de control son desfinanciados y el gobierno de Milei promueve un discurso anti-regulaci\u00f3n, la respuesta parece ser: muy poco.<\/p>\n\n\n\n<p>El avance de ideolog\u00edas extremistas no es un problema exclusivo de la justicia penal, sino que requiere una estrategia integral. Es necesario fortalecer los mecanismos de monitoreo y sanci\u00f3n en el \u00e1mbito digital, pero tambi\u00e9n promover una educaci\u00f3n que permita desactivar estas narrativas antes de que se conviertan en un problema de mayor escala.<\/p>\n\n\n\n<p>El crecimiento de discursos de odio en un pa\u00eds con una historia marcada por el terrorismo de Estado no es un hecho menor. La banalizaci\u00f3n de estas ideas y la pasividad de las autoridades ante su propagaci\u00f3n podr\u00edan generar consecuencias imprevisibles. El caso Giorgetti es una advertencia de lo que sucede cuando el Estado se desentiende de su responsabilidad de garantizar una convivencia democr\u00e1tica libre de discursos de odio.<\/p>\n\n\n\n<p>La falta de medidas concretas deja en claro que, bajo el actual gobierno, la lucha contra la discriminaci\u00f3n y el extremismo no es una prioridad. Y mientras el Estado mira hacia otro lado, el odio sigue encontrando canales para multiplicarse.<\/p>\n\n\n\n<p>Fuente:<\/p>\n\n\n\n<ul class=\"wp-block-list\">\n<li>https:\/\/www.fiscales.gob.ar\/fiscalias\/san-isidro-pidieron-que-vaya-a-juicio-un-editor-y-librero-acusado-de-imprimir-y-vender-publicaciones-de-ideologia-nazi-a-traves-de-internet\/<\/li>\n<\/ul>\n\n\n\n<p><\/p>\n","protected":false},"excerpt":{"rendered":"<p>La Fiscal\u00eda Federal N\u00b01 de San Isidro solicit\u00f3 la elevaci\u00f3n a juicio de Pablo Adri\u00e1n Giorgetti, acusado de comercializar libros de ideolog\u00eda nazi a trav\u00e9s de una plataforma de comercio electr\u00f3nico y redes sociales. El caso pone en evidencia la persistencia de discursos de odio y la falta de controles efectivos para frenar su difusi\u00f3n&#8230;.<\/p>\n","protected":false},"author":9,"featured_media":2697,"comment_status":"open","ping_status":"open","sticky":false,"template":"","format":"standard","meta":{"_monsterinsights_skip_tracking":false,"_monsterinsights_sitenote_active":false,"_monsterinsights_sitenote_note":"","_monsterinsights_sitenote_category":0,"footnotes":"","jetpack_publicize_message":"","jetpack_publicize_feature_enabled":true,"jetpack_social_post_already_shared":true,"jetpack_social_options":{"image_generator_settings":{"template":"highway","default_image_id":0,"font":"","enabled":false},"version":2}},"categories":[4],"tags":[],"class_list":["post-2696","post","type-post","status-publish","format-standard","has-post-thumbnail","hentry","category-sociedad"],"jetpack_publicize_connections":[],"_links":{"self":[{"href":"https:\/\/www.enorsai.com\/noticias\/wp-json\/wp\/v2\/posts\/2696","targetHints":{"allow":["GET"]}}],"collection":[{"href":"https:\/\/www.enorsai.com\/noticias\/wp-json\/wp\/v2\/posts"}],"about":[{"href":"https:\/\/www.enorsai.com\/noticias\/wp-json\/wp\/v2\/types\/post"}],"author":[{"embeddable":true,"href":"https:\/\/www.enorsai.com\/noticias\/wp-json\/wp\/v2\/users\/9"}],"replies":[{"embeddable":true,"href":"https:\/\/www.enorsai.com\/noticias\/wp-json\/wp\/v2\/comments?post=2696"}],"version-history":[{"count":1,"href":"https:\/\/www.enorsai.com\/noticias\/wp-json\/wp\/v2\/posts\/2696\/revisions"}],"predecessor-version":[{"id":2698,"href":"https:\/\/www.enorsai.com\/noticias\/wp-json\/wp\/v2\/posts\/2696\/revisions\/2698"}],"wp:featuredmedia":[{"embeddable":true,"href":"https:\/\/www.enorsai.com\/noticias\/wp-json\/wp\/v2\/media\/2697"}],"wp:attachment":[{"href":"https:\/\/www.enorsai.com\/noticias\/wp-json\/wp\/v2\/media?parent=2696"}],"wp:term":[{"taxonomy":"category","embeddable":true,"href":"https:\/\/www.enorsai.com\/noticias\/wp-json\/wp\/v2\/categories?post=2696"},{"taxonomy":"post_tag","embeddable":true,"href":"https:\/\/www.enorsai.com\/noticias\/wp-json\/wp\/v2\/tags?post=2696"}],"curies":[{"name":"wp","href":"https:\/\/api.w.org\/{rel}","templated":true}]}}