{"id":2693,"date":"2025-03-21T15:46:15","date_gmt":"2025-03-21T18:46:15","guid":{"rendered":"https:\/\/www.enorsai.com\/noticias\/?p=2693"},"modified":"2025-03-21T15:46:15","modified_gmt":"2025-03-21T18:46:15","slug":"paro-general-del-10-de-abril-el-transporte-se-suma-a-la-mayor-protesta-contra-milei-no-habra-tren-colectivo-ni-subte","status":"publish","type":"post","link":"https:\/\/www.enorsai.com\/noticias\/sociedad\/paro-general-del-10-de-abril-el-transporte-se-suma-a-la-mayor-protesta-contra-milei-no-habra-tren-colectivo-ni-subte\/","title":{"rendered":"Paro general del 10 de abril: el transporte se suma a la mayor protesta contra Milei, no habr\u00e1 tren, colectivo ni subte"},"content":{"rendered":"\n<h4 class=\"wp-block-heading\"><strong>Los sindicatos endurecen su postura mientras el gobierno avanza con su ajuste brutal<\/strong><\/h4>\n\n\n\n<p>El <strong>tercer paro general contra Javier Milei<\/strong>, convocado por la Confederaci\u00f3n General del Trabajo (CGT) para el 10 de abril, marcar\u00e1 un punto de inflexi\u00f3n en el creciente conflicto social desatado por las pol\u00edticas del gobierno libertario. Esta vez, la adhesi\u00f3n del transporte ser\u00e1 total: <strong>no circular\u00e1n trenes, colectivos ni subtes durante 24 horas<\/strong>, lo que garantiza una par\u00e1lisis completa en todo el pa\u00eds.<\/p>\n\n\n\n<p>Omar Maturano, secretario general del gremio ferroviario La Fraternidad, confirm\u00f3 la medida con una advertencia clara: <strong>\u00abNo funcionar\u00e1 ning\u00fan tren, colectivo ni subte. No funcionar\u00e1n m\u00e1s transportes p\u00fablicos\u00bb<\/strong>. Sus declaraciones reflejan la magnitud del hartazgo que reina en el movimiento sindical ante el <strong>brutal ajuste econ\u00f3mico<\/strong>, los despidos masivos y la ca\u00edda estrepitosa del poder adquisitivo.<\/p>\n\n\n\n<p>El paro se da en un contexto donde la CGT ya ven\u00eda reclamando una huelga de <strong>36 horas con movilizaci\u00f3n<\/strong>, lo que evidencia la escalada del conflicto. A su vez, la jornada del 9 de abril tendr\u00e1 un fuerte componente simb\u00f3lico, ya que incluir\u00e1 una marcha en defensa de los jubilados, <strong>las principales v\u00edctimas del ajuste mile\u00edsta<\/strong>. La movilizaci\u00f3n confluir\u00e1 en la Plaza de los Dos Congresos, donde miles de manifestantes reclamar\u00e1n por la devastadora p\u00e9rdida de poder adquisitivo de los haberes previsionales.<\/p>\n\n\n\n<h3 class=\"wp-block-heading\"><strong>El modelo Milei: ajuste para los trabajadores, negocios para los poderosos<\/strong><\/h3>\n\n\n\n<p>El gobierno de Javier Milei lleg\u00f3 con la promesa de combatir \u00abla casta\u00bb, pero en la pr\u00e1ctica, su pol\u00edtica econ\u00f3mica ha <strong>beneficiado a los grandes grupos financieros y a las corporaciones<\/strong>, mientras <strong>los trabajadores, jubilados y sectores populares<\/strong> son quienes pagan el costo del ajuste.<\/p>\n\n\n\n<p>La inflaci\u00f3n sigue pulverizando los salarios, las paritarias estatales han sido pr\u00e1cticamente anuladas, y los despidos masivos en el sector p\u00fablico muestran la cara m\u00e1s salvaje del modelo libertario. Mientras tanto, el ministro de Econom\u00eda, Luis Caputo, contin\u00faa con su pol\u00edtica de <strong>enfriar la econom\u00eda a cualquier costo<\/strong>, sin importar las consecuencias sobre el empleo, la producci\u00f3n y el consumo interno.<\/p>\n\n\n\n<p>El gobierno tambi\u00e9n ha implementado una feroz represi\u00f3n contra la protesta social, con la ministra de Seguridad, Patricia Bullrich, al frente de una estrategia de <strong>criminalizaci\u00f3n de la resistencia sindical<\/strong>. Maturano, en un mensaje directo a Bullrich, le pidi\u00f3 que <strong>\u00abno joda con los trabajadores\u00bb<\/strong>, en alusi\u00f3n a los operativos de seguridad que buscan intimidar a quienes se manifiestan contra el ajuste.<\/p>\n\n\n\n<figure class=\"wp-block-embed is-type-wp-embed is-provider-incrustado wp-block-embed-incrustado\"><div class=\"wp-block-embed__wrapper\">\n<blockquote class=\"wp-embedded-content\" data-secret=\"MnY2rFUZlJ\"><a href=\"https:\/\/www.enorsai.com\/noticias\/politica\/los-milei-mas-complicados-la-decision-judicial-que-complica-a-la-hermana\/\">Los Milei m\u00e1s complicados: la decisi\u00f3n judicial que complica a la hermana<\/a><\/blockquote><iframe loading=\"lazy\" class=\"wp-embedded-content\" sandbox=\"allow-scripts\" security=\"restricted\" style=\"position: absolute; visibility: hidden;\" title=\"\u00abLos Milei m\u00e1s complicados: la decisi\u00f3n judicial que complica a la hermana\u00bb \u2014 \" src=\"https:\/\/www.enorsai.com\/noticias\/politica\/los-milei-mas-complicados-la-decision-judicial-que-complica-a-la-hermana\/embed\/#?secret=sVO81ZfpVq#?secret=MnY2rFUZlJ\" data-secret=\"MnY2rFUZlJ\" width=\"600\" height=\"338\" frameborder=\"0\" marginwidth=\"0\" marginheight=\"0\" scrolling=\"no\"><\/iframe>\n<\/div><\/figure>\n\n\n\n<h3 class=\"wp-block-heading\"><strong>El transporte en pie de guerra: una huelga que paraliza al pa\u00eds<\/strong><\/h3>\n\n\n\n<p>El papel del sector del transporte en el paro del 10 de abril es crucial. Sin trenes, colectivos ni subtes, la medida de fuerza se convertir\u00e1 en una <strong>demostraci\u00f3n de fuerza sin precedentes contra el modelo econ\u00f3mico de Milei<\/strong>. Maturano dej\u00f3 en claro que la adhesi\u00f3n ser\u00e1 total y que los sindicatos ya no aceptan discursos dilatorios ni amenazas del gobierno.<\/p>\n\n\n\n<p>El <strong>fracaso del DNU 70\/23<\/strong>, con el que Milei intent\u00f3 una desregulaci\u00f3n salvaje del mercado laboral, y la derrota legislativa de la Ley \u00d3mnibus, mostraron que el oficialismo no tiene el control absoluto del pa\u00eds. Sin embargo, la administraci\u00f3n libertaria insiste con su plan de ajuste, sin modificar su hoja de ruta. El problema es que los costos sociales de este modelo se est\u00e1n volviendo insostenibles: <strong>la pobreza alcanza niveles r\u00e9cord, la indigencia crece y los niveles de actividad econ\u00f3mica caen en picada<\/strong>.<\/p>\n\n\n\n<p>Desde el sector sindical ya advierten que <strong>este paro puede ser solo el comienzo de un ciclo de conflictividad a\u00fan mayor<\/strong>. La CGT, que inicialmente tuvo una postura m\u00e1s cautelosa, ahora endurece su posici\u00f3n ante la intransigencia del gobierno. Mientras tanto, las bases sindicales presionan para que se avance con un <strong>paro general de 36 horas con movilizaci\u00f3n<\/strong>, lo que dejar\u00eda a Milei en una situaci\u00f3n a\u00fan m\u00e1s complicada.<\/p>\n\n\n\n<h3 class=\"wp-block-heading\"><strong>Jubilados en la mira: el ajuste m\u00e1s despiadado<\/strong><\/h3>\n\n\n\n<p>Uno de los sectores m\u00e1s golpeados por el modelo libertario es el de los jubilados. La brutal devaluaci\u00f3n y la falta de actualizaci\u00f3n de los haberes han generado una crisis humanitaria en los sectores m\u00e1s vulnerables. En este contexto, la jornada del 9 de abril incluir\u00e1 una gran movilizaci\u00f3n en defensa de los jubilados, quienes han visto <strong>c\u00f3mo sus ingresos se han reducido a niveles de miseria<\/strong> mientras el gobierno mantiene su pol\u00edtica de ajuste sin contemplaciones.<\/p>\n\n\n\n<p>Los gremios del transporte acompa\u00f1ar\u00e1n esa movilizaci\u00f3n, lo que refuerza el car\u00e1cter <strong>pol\u00edtico y social<\/strong> del paro. La imagen de miles de jubilados marchando en defensa de su derecho a una vida digna ser\u00e1 un golpe simb\u00f3lico para un gobierno que, lejos de defender a los sectores m\u00e1s fr\u00e1giles, <strong>solo beneficia a los grandes grupos econ\u00f3micos y financieros<\/strong>.<\/p>\n\n\n\n<h3 class=\"wp-block-heading\"><strong>Un 2024 marcado por la lucha sindical<\/strong><\/h3>\n\n\n\n<p>El 10 de abril ser\u00e1 un punto de inflexi\u00f3n en el enfrentamiento entre Milei y el movimiento sindical. La par\u00e1lisis total del transporte convertir\u00e1 la jornada en una <strong>demostraci\u00f3n de fuerza del sindicalismo argentino<\/strong>, que, pese a las amenazas y las estrategias de divisi\u00f3n impulsadas por el gobierno, mantiene su capacidad de organizaci\u00f3n y resistencia.<\/p>\n\n\n\n<p>Si el gobierno persiste con su modelo de ajuste sin concesiones, es probable que este <strong>no sea el \u00faltimo paro general del a\u00f1o<\/strong>. El conflicto social sigue escalando, y la negativa de Milei a negociar con los sindicatos podr\u00eda generar un escenario a\u00fan m\u00e1s complejo en los pr\u00f3ximos meses.<\/p>\n\n\n\n<p>Mientras tanto, el paro del 10 de abril servir\u00e1 como <strong>term\u00f3metro del descontento social<\/strong>. Si la adhesi\u00f3n es masiva, como todo indica, el gobierno libertario tendr\u00e1 que enfrentarse a una realidad ineludible: <strong>sin trabajadores, sin transporte y sin un modelo econ\u00f3mico que contemple el bienestar de la mayor\u00eda, no hay estabilidad posible<\/strong>.<\/p>\n\n\n\n<p>Fuente:<\/p>\n\n\n\n<ul class=\"wp-block-list\">\n<li>https:\/\/www.infogremiales.com.ar\/maturano-confirmo-la-adhesion-total-del-transporte-al-paro-general-a-las-00-horas-del-jueves-10-de-abril-no-funcionara-ningun-tren-colectivo-subte-no-funcionaran-mas-transportes-publicos\/<\/li>\n<\/ul>\n\n\n\n<p><\/p>\n","protected":false},"excerpt":{"rendered":"<p>El paro general del 10 de abril tendr\u00e1 adhesi\u00f3n total del transporte, paralizando trenes, colectivos y subtes. La medida responde a la crisis generada por las pol\u00edticas de Javier Milei, mientras la CGT y gremios exigen un cambio de rumbo. Maturano advierte sobre la creciente presi\u00f3n social y el descontento popular.<\/p>\n","protected":false},"author":1,"featured_media":2694,"comment_status":"open","ping_status":"open","sticky":false,"template":"","format":"standard","meta":{"_monsterinsights_skip_tracking":false,"_monsterinsights_sitenote_active":false,"_monsterinsights_sitenote_note":"","_monsterinsights_sitenote_category":0,"footnotes":"","jetpack_publicize_message":"\ud83d\udea8 \u00a1Paro total del transporte el 10 de abril! \ud83d\udea8\nLos trenes, colectivos y subtes se detienen en una protesta contra el ajuste de Javier Milei. La CGT y los gremios exigen un cambio ante la crisis econ\u00f3mica y social que golpea a trabajadores y jubilados.\ud83d\udca5\ud83d\udd25 ","jetpack_publicize_feature_enabled":true,"jetpack_social_post_already_shared":false,"jetpack_social_options":{"image_generator_settings":{"template":"highway","enabled":false},"version":2}},"categories":[4],"tags":[58,973,43,15,45,546,371,904,292,914],"class_list":["post-2693","post","type-post","status-publish","format-standard","has-post-thumbnail","hentry","category-sociedad","tag-ajuste","tag-cgt","tag-crisis","tag-economia","tag-milei","tag-paro","tag-protesta","tag-sindicatos","tag-trabajadores","tag-transporte"],"jetpack_publicize_connections":[],"_links":{"self":[{"href":"https:\/\/www.enorsai.com\/noticias\/wp-json\/wp\/v2\/posts\/2693","targetHints":{"allow":["GET"]}}],"collection":[{"href":"https:\/\/www.enorsai.com\/noticias\/wp-json\/wp\/v2\/posts"}],"about":[{"href":"https:\/\/www.enorsai.com\/noticias\/wp-json\/wp\/v2\/types\/post"}],"author":[{"embeddable":true,"href":"https:\/\/www.enorsai.com\/noticias\/wp-json\/wp\/v2\/users\/1"}],"replies":[{"embeddable":true,"href":"https:\/\/www.enorsai.com\/noticias\/wp-json\/wp\/v2\/comments?post=2693"}],"version-history":[{"count":1,"href":"https:\/\/www.enorsai.com\/noticias\/wp-json\/wp\/v2\/posts\/2693\/revisions"}],"predecessor-version":[{"id":2695,"href":"https:\/\/www.enorsai.com\/noticias\/wp-json\/wp\/v2\/posts\/2693\/revisions\/2695"}],"wp:featuredmedia":[{"embeddable":true,"href":"https:\/\/www.enorsai.com\/noticias\/wp-json\/wp\/v2\/media\/2694"}],"wp:attachment":[{"href":"https:\/\/www.enorsai.com\/noticias\/wp-json\/wp\/v2\/media?parent=2693"}],"wp:term":[{"taxonomy":"category","embeddable":true,"href":"https:\/\/www.enorsai.com\/noticias\/wp-json\/wp\/v2\/categories?post=2693"},{"taxonomy":"post_tag","embeddable":true,"href":"https:\/\/www.enorsai.com\/noticias\/wp-json\/wp\/v2\/tags?post=2693"}],"curies":[{"name":"wp","href":"https:\/\/api.w.org\/{rel}","templated":true}]}}