{"id":2687,"date":"2025-03-21T06:09:06","date_gmt":"2025-03-21T09:09:06","guid":{"rendered":"http:\/\/www.enorsai.com\/noticias\/?p=2687"},"modified":"2025-03-21T06:09:06","modified_gmt":"2025-03-21T09:09:06","slug":"la-cgt-confirmo-una-medida-de-fuerza-de-36-horas-contra-el-ajuste-y-la-destruccion-del-estado-este-paro-no-se-levanta-advirtio-daer","status":"publish","type":"post","link":"https:\/\/www.enorsai.com\/noticias\/politica\/la-cgt-confirmo-una-medida-de-fuerza-de-36-horas-contra-el-ajuste-y-la-destruccion-del-estado-este-paro-no-se-levanta-advirtio-daer\/","title":{"rendered":"La CGT confirm\u00f3 una medida de fuerza de 36 horas contra el ajuste y la destrucci\u00f3n del Estado. \u00abEste paro no se levanta\u00bb, advirti\u00f3 Daer"},"content":{"rendered":"\n<p><strong><em>La CGT endurece su postura y desaf\u00eda a Milei: paro nacional y movilizaciones en abril, el Gobierno busca desactivar la protesta sin \u00e9xito.<\/em><\/strong><\/p>\n\n\n\n<p>La Confederaci\u00f3n General del Trabajo ratific\u00f3 un plan de lucha con movilizaciones el 9 de abril y una huelga general el d\u00eda 10. Con una larga lista de reclamos, los sindicatos denuncian la paralizaci\u00f3n de la obra p\u00fablica, la licuaci\u00f3n salarial y la represi\u00f3n estatal. Mientras la Casa Rosada intenta presionar para frenar la protesta, el sindicalismo advierte que no hay margen para la negociaci\u00f3n.<\/p>\n\n\n\n<p>La CGT lanz\u00f3 un ultim\u00e1tum al Gobierno y encendi\u00f3 todas las alarmas en la Casa Rosada. En una reuni\u00f3n clave de su Consejo Directivo, la central obrera confirm\u00f3 que el 9 de abril se realizar\u00e1 una masiva movilizaci\u00f3n y que el 10 se llevar\u00e1 a cabo un paro general de 24 horas en rechazo a las pol\u00edticas econ\u00f3micas del presidente Javier Milei. \u00abEste paro no se levanta\u00bb, sentenci\u00f3 el cosecretario general, H\u00e9ctor Daer, marcando el tono desafiante de la organizaci\u00f3n sindical frente a la embestida del Gobierno contra los derechos laborales.<\/p>\n\n\n\n<p>La decisi\u00f3n llega en un contexto de creciente conflictividad social, con despidos masivos en el sector p\u00fablico y privado, la licuaci\u00f3n de los salarios y una inflaci\u00f3n descontrolada que pulveriza el poder adquisitivo de los trabajadores. \u00abNo hay plan de empleo, no hay obra p\u00fablica, no hay pol\u00edtica de salud ni de educaci\u00f3n, y encima quieren quebrar la negociaci\u00f3n paritaria\u00bb, denunci\u00f3 Daer, quien advirti\u00f3 que el ajuste libertario est\u00e1 destruyendo la econom\u00eda real mientras beneficia a los especuladores financieros.<\/p>\n\n\n\n<figure class=\"wp-block-embed is-type-wp-embed is-provider-incrustado wp-block-embed-incrustado\"><div class=\"wp-block-embed__wrapper\">\n<blockquote class=\"wp-embedded-content\" data-secret=\"WBOuTBSp4h\"><a href=\"https:\/\/www.enorsai.com\/noticias\/economia\/el-banco-central-en-caida-libre-las-reservas-perforan-el-piso-y-anticipan-un-escenario-critico\/\">El Banco Central en ca\u00edda libre: las reservas perforan el piso y anticipan un escenario cr\u00edtico<\/a><\/blockquote><iframe loading=\"lazy\" class=\"wp-embedded-content\" sandbox=\"allow-scripts\" security=\"restricted\" style=\"position: absolute; visibility: hidden;\" title=\"\u00abEl Banco Central en ca\u00edda libre: las reservas perforan el piso y anticipan un escenario cr\u00edtico\u00bb \u2014 \" src=\"https:\/\/www.enorsai.com\/noticias\/economia\/el-banco-central-en-caida-libre-las-reservas-perforan-el-piso-y-anticipan-un-escenario-critico\/embed\/#?secret=e0G2AlAr4c#?secret=WBOuTBSp4h\" data-secret=\"WBOuTBSp4h\" width=\"600\" height=\"338\" frameborder=\"0\" marginwidth=\"0\" marginheight=\"0\" scrolling=\"no\"><\/iframe>\n<\/div><\/figure>\n\n\n\n<p>Entre los reclamos centrales de la medida de fuerza est\u00e1 la reactivaci\u00f3n de la obra p\u00fablica, paralizada por el Ejecutivo en su af\u00e1n de \u00abajustar el gasto\u00bb. Seg\u00fan la CGT, muchas construcciones, incluidas viviendas y hospitales, est\u00e1n en un 80% de avance y dejarlas inconclusas ser\u00e1 m\u00e1s costoso que finalizarlas. Adem\u00e1s, exigen la inmediata reapertura de paritarias sin techo, la restituci\u00f3n del bono para jubilados y la actualizaci\u00f3n de las asignaciones familiares.<\/p>\n\n\n\n<p>El sindicalismo tambi\u00e9n pondr\u00e1 sobre la mesa la creciente criminalizaci\u00f3n de la protesta y la brutal represi\u00f3n estatal. La CGT expres\u00f3 su respaldo a Pablo Grillo, el fotoperiodista salvajemente golpeado por la Polic\u00eda en una movilizaci\u00f3n reciente. \u00abNo vamos a tolerar que se persiga a los trabajadores ni a la prensa\u00bb, sentenciaron desde Azopardo.<\/p>\n\n\n\n<p>Mientras la organizaci\u00f3n obrera avanza con su plan de lucha, el Gobierno intenta apagar el incendio. Seg\u00fan trascendi\u00f3, la Casa Rosada encomend\u00f3 al ministro del Interior, Guillermo Francos, la tarea de convencer a los gremios de levantar la protesta. Sin embargo, las chances de una negociaci\u00f3n son nulas. \u00abNo hay di\u00e1logo con este Gobierno porque no hay voluntad de escuchar\u00bb, subrayaron fuentes sindicales.<\/p>\n\n\n\n<p>La protesta del 9 y 10 de abril no ser\u00e1 un hecho aislado. La CGT tambi\u00e9n confirm\u00f3 su participaci\u00f3n en la movilizaci\u00f3n del 24 de marzo y anunci\u00f3 una gran marcha para el 1\u00ba de mayo en defensa de los derechos laborales. Con esta agenda de lucha, los sindicatos buscan construir un dique de contenci\u00f3n ante el intento del oficialismo de desmantelar la estructura del trabajo organizado.<\/p>\n\n\n\n<p>En este escenario, el interrogante es si el Gobierno entender\u00e1 la dimensi\u00f3n del conflicto o si seguir\u00e1 apostando a la confrontaci\u00f3n. La indiferencia de Milei frente a los reclamos sociales y su desprecio hacia los gremios auguran un enfrentamiento prolongado. El 10 de abril, el pa\u00eds se detendr\u00e1 y las calles se convertir\u00e1n en el epicentro de una disputa pol\u00edtica que definir\u00e1 el rumbo del modelo econ\u00f3mico libertario.<\/p>\n\n\n\n<p>El mensaje de la CGT es claro: no habr\u00e1 tregua mientras contin\u00fae el ajuste. La pregunta es cu\u00e1nto tiempo m\u00e1s podr\u00e1 el Gobierno sostener su ofensiva antes de que el estallido social se haga inevitable.<\/p>\n\n\n\n<p>Fuente:<\/p>\n\n\n\n<ul class=\"wp-block-list\">\n<li><a href=\"https:\/\/www.infogremiales.com.ar\/tal-como-adelanto-infogremiales-la-cgt-confirmo-la-accion-sindical-del-9-y-el-10-de-abril-con-una-larga-lista-de-argumentos-y-reivindicaciones\/\">https:\/\/www.infogremiales.com.ar\/tal-como-adelanto-infogremiales-la-cgt-confirmo-la-accion-sindical-del-9-y-el-10-de-abril-con-una-larga-lista-de-argumentos-y-reivindicaciones\/<\/a><\/li>\n<\/ul>\n\n\n\n<p><\/p>\n","protected":false},"excerpt":{"rendered":"<p>La CGT confirm\u00f3 un paro general el 10 de abril y movilizaciones el 9, rechazando el ajuste brutal de Milei. Reclaman paritarias libres, reactivaci\u00f3n de la obra p\u00fablica y el fin de la represi\u00f3n estatal. \u00abNo hay negociaci\u00f3n posible\u00bb, afirmaron, marcando un punto de inflexi\u00f3n en la lucha sindical.<\/p>\n","protected":false},"author":1,"featured_media":2688,"comment_status":"open","ping_status":"open","sticky":false,"template":"","format":"standard","meta":{"_monsterinsights_skip_tracking":false,"_monsterinsights_sitenote_active":false,"_monsterinsights_sitenote_note":"","_monsterinsights_sitenote_category":0,"footnotes":"","jetpack_publicize_message":"\ud83d\udea8 \u00a1Paro nacional confirmado! La CGT se planta contra el brutal ajuste de Milei y convoca a movilizaciones el 9 de abril y huelga general el 10. \ud83d\udce2 Reclaman paritarias libres, reactivaci\u00f3n de la obra p\u00fablica y el fin de la represi\u00f3n. \u00a1La lucha sigue! \u270a\ud83d\udd25","jetpack_publicize_feature_enabled":true,"jetpack_social_post_already_shared":false,"jetpack_social_options":{"image_generator_settings":{"template":"highway","enabled":false},"version":2}},"categories":[2],"tags":[58,973,43,69,15,45,974,546,365,904],"class_list":["post-2687","post","type-post","status-publish","format-standard","has-post-thumbnail","hentry","category-politica","tag-ajuste","tag-cgt","tag-crisis","tag-derechos","tag-economia","tag-milei","tag-movilizacion","tag-paro","tag-represion","tag-sindicatos"],"jetpack_publicize_connections":[],"_links":{"self":[{"href":"https:\/\/www.enorsai.com\/noticias\/wp-json\/wp\/v2\/posts\/2687","targetHints":{"allow":["GET"]}}],"collection":[{"href":"https:\/\/www.enorsai.com\/noticias\/wp-json\/wp\/v2\/posts"}],"about":[{"href":"https:\/\/www.enorsai.com\/noticias\/wp-json\/wp\/v2\/types\/post"}],"author":[{"embeddable":true,"href":"https:\/\/www.enorsai.com\/noticias\/wp-json\/wp\/v2\/users\/1"}],"replies":[{"embeddable":true,"href":"https:\/\/www.enorsai.com\/noticias\/wp-json\/wp\/v2\/comments?post=2687"}],"version-history":[{"count":1,"href":"https:\/\/www.enorsai.com\/noticias\/wp-json\/wp\/v2\/posts\/2687\/revisions"}],"predecessor-version":[{"id":2689,"href":"https:\/\/www.enorsai.com\/noticias\/wp-json\/wp\/v2\/posts\/2687\/revisions\/2689"}],"wp:featuredmedia":[{"embeddable":true,"href":"https:\/\/www.enorsai.com\/noticias\/wp-json\/wp\/v2\/media\/2688"}],"wp:attachment":[{"href":"https:\/\/www.enorsai.com\/noticias\/wp-json\/wp\/v2\/media?parent=2687"}],"wp:term":[{"taxonomy":"category","embeddable":true,"href":"https:\/\/www.enorsai.com\/noticias\/wp-json\/wp\/v2\/categories?post=2687"},{"taxonomy":"post_tag","embeddable":true,"href":"https:\/\/www.enorsai.com\/noticias\/wp-json\/wp\/v2\/tags?post=2687"}],"curies":[{"name":"wp","href":"https:\/\/api.w.org\/{rel}","templated":true}]}}