{"id":2681,"date":"2025-03-20T20:08:01","date_gmt":"2025-03-20T23:08:01","guid":{"rendered":"https:\/\/www.enorsai.com\/noticias\/?p=2681"},"modified":"2025-03-20T20:12:16","modified_gmt":"2025-03-20T23:12:16","slug":"paro-general-la-cgt-le-pone-freno-al-ajuste-de-milei-y-el-conflicto-social-se-intensifica","status":"publish","type":"post","link":"https:\/\/www.enorsai.com\/noticias\/sociedad\/paro-general-la-cgt-le-pone-freno-al-ajuste-de-milei-y-el-conflicto-social-se-intensifica\/","title":{"rendered":"Paro general: la CGT le pone freno al ajuste de Milei y el conflicto social se intensifica"},"content":{"rendered":"\n<h4 class=\"wp-block-heading\"><strong>La central obrera convoca a una nueva medida de fuerza contra el gobierno libertario<\/strong><\/h4>\n\n\n\n<p>La Confederaci\u00f3n General del Trabajo (CGT) anunci\u00f3 un <strong>paro general para el 10 de abril<\/strong>, en un contexto de creciente malestar social y crisis econ\u00f3mica. Se trata de la <strong>segunda medida de fuerza nacional<\/strong> contra el gobierno de Javier Milei en menos de cuatro meses, lo que evidencia la aceleraci\u00f3n del conflicto entre el movimiento obrero y una administraci\u00f3n que se ha declarado abiertamente <strong>enemiga de los sindicatos y de los derechos laborales<\/strong>.<\/p>\n\n\n\n<p>El paro fue definido luego de que el gobierno avanzara con un brutal <strong>ajuste estructural<\/strong>, que incluye el despido de miles de trabajadores estatales, la paralizaci\u00f3n de obras p\u00fablicas, la licuaci\u00f3n del poder adquisitivo de los salarios y el desguace de programas sociales. La inflaci\u00f3n sigue golpeando a los sectores populares, mientras las grandes corporaciones <strong>acumulan ganancias r\u00e9cord gracias a la devaluaci\u00f3n y la desregulaci\u00f3n de la econom\u00eda<\/strong>.<\/p>\n\n\n\n<h3 class=\"wp-block-heading\"><strong>El paro como respuesta al ajuste salvaje<\/strong><\/h3>\n\n\n\n<p>Desde que asumi\u00f3, Milei se ha embarcado en una guerra ideol\u00f3gica contra lo que \u00e9l llama \u00abla casta\u00bb, pero en la pr\u00e1ctica sus pol\u00edticas han golpeado con mayor dureza a los trabajadores y los sectores vulnerables. La suspensi\u00f3n de paritarias en el sector p\u00fablico, el intento de desregulaci\u00f3n laboral mediante el fallido <strong>DNU 70\/23<\/strong> y la reciente ola de despidos en organismos estatales han puesto en alerta a los sindicatos, que ven en el paro general una herramienta clave para frenar la ofensiva del gobierno.<\/p>\n\n\n\n<p>El <strong>ajuste recesivo impuesto por Milei<\/strong>, con un recorte del gasto p\u00fablico que supera los 5 puntos del PBI, ha pulverizado el consumo y generado una ca\u00edda hist\u00f3rica en la actividad econ\u00f3mica. El propio ministro de Econom\u00eda, Luis Caputo, admiti\u00f3 que la recesi\u00f3n es profunda, aunque el gobierno insiste en que el rumbo es el correcto. Sin embargo, los datos de la realidad muestran lo contrario: <strong>despidos en aumento, industrias paralizadas y salarios cada vez m\u00e1s bajos<\/strong> en t\u00e9rminos reales.<\/p>\n\n\n\n<h3 class=\"wp-block-heading\"><strong>Los gremios endurecen su postura<\/strong><\/h3>\n\n\n\n<p>La CGT viene de un <strong>paro general el 24 de enero<\/strong>, que tuvo un alt\u00edsimo acatamiento y dej\u00f3 en claro que hay una base social dispuesta a enfrentar el modelo de ajuste de Milei. Ahora, la convocatoria del 10 de abril se inscribe en un escenario a\u00fan m\u00e1s tenso, con la creciente conflictividad en el sector p\u00fablico y privado.<\/p>\n\n\n\n<p>El gremio estatal <strong>ATE<\/strong> ya anunci\u00f3 que <strong>movilizar\u00e1 en rechazo a los despidos<\/strong> y en defensa de la estabilidad laboral. La <strong>Uni\u00f3n Obrera Metal\u00fargica (UOM)<\/strong> y otros sindicatos industriales advierten que la pol\u00edtica econ\u00f3mica est\u00e1 destruyendo empleos en la manufactura. <strong>Los docentes y el sector universitario tambi\u00e9n se sumar\u00e1n<\/strong>, ante la falta de respuestas del gobierno a la crisis salarial y presupuestaria que afecta a las casas de estudio.<\/p>\n\n\n\n<p>Mientras tanto, Milei sigue apostando al desgaste de los sindicatos y al discurso de la confrontaci\u00f3n. El gobierno ya ha anticipado que <strong>descontar\u00e1 el d\u00eda de paro a los trabajadores estatales<\/strong>, en un intento de disciplinar la protesta. Pero el rechazo a sus pol\u00edticas no deja de crecer y el 10 de abril podr\u00eda convertirse en una nueva demostraci\u00f3n de fuerza del movimiento obrero.<\/p>\n\n\n\n<h3 class=\"wp-block-heading\"><strong>\u00bfHacia un escenario de mayor conflictividad?<\/strong><\/h3>\n\n\n\n<p>El paro de la CGT es un s\u00edntoma de un problema m\u00e1s profundo: <strong>el modelo econ\u00f3mico de Milei est\u00e1 generando un conflicto social creciente<\/strong>. La ca\u00edda del poder adquisitivo, el aumento de la pobreza y la desindustrializaci\u00f3n generan un caldo de cultivo para un 2024 plagado de protestas.<\/p>\n\n\n\n<p>Si el gobierno no cambia el rumbo, es probable que la tensi\u00f3n siga escalando, con nuevas medidas de fuerza y movilizaciones masivas. La pregunta que muchos se hacen es hasta cu\u00e1ndo podr\u00e1 Milei sostener su plan de ajuste sin que la presi\u00f3n social lo obligue a retroceder.<\/p>\n\n\n\n<p>Lo cierto es que el 10 de abril ser\u00e1 una jornada clave para medir la resistencia al modelo libertario y el nivel de organizaci\u00f3n del movimiento sindical. La CGT ya movi\u00f3 su ficha, y el paro general se perfila como un <strong>nuevo punto de inflexi\u00f3n en la disputa entre Milei y los trabajadores<\/strong>.<\/p>\n\n\n\n<p>Fuente:<\/p>\n\n\n\n<ul class=\"wp-block-list\">\n<li>https:\/\/www.infobae.com\/politica\/2025\/03\/20\/la-cgt-definio-un-paro-general-para-el-10-de-abril-no-habra-trenes-ni-colectivos\/<\/li>\n<\/ul>\n\n\n\n<h3 class=\"wp-block-heading\"><\/h3>\n\n\n\n<p><\/p>\n","protected":false},"excerpt":{"rendered":"<p>La central obrera convoca a una nueva medida de fuerza contra el gobierno libertario La Confederaci\u00f3n General del Trabajo (CGT) anunci\u00f3 un paro general para el 10 de abril, en un contexto de creciente malestar social y crisis econ\u00f3mica. Se trata de la segunda medida de fuerza nacional contra el gobierno de Javier Milei en&#8230;<\/p>\n","protected":false},"author":1,"featured_media":2682,"comment_status":"open","ping_status":"open","sticky":false,"template":"","format":"standard","meta":{"_monsterinsights_skip_tracking":false,"_monsterinsights_sitenote_active":false,"_monsterinsights_sitenote_note":"","_monsterinsights_sitenote_category":0,"footnotes":"","jetpack_publicize_message":"","jetpack_publicize_feature_enabled":true,"jetpack_social_post_already_shared":true,"jetpack_social_options":{"image_generator_settings":{"template":"highway","default_image_id":0,"font":"","enabled":false},"version":2}},"categories":[4],"tags":[],"class_list":["post-2681","post","type-post","status-publish","format-standard","has-post-thumbnail","hentry","category-sociedad"],"jetpack_publicize_connections":[],"_links":{"self":[{"href":"https:\/\/www.enorsai.com\/noticias\/wp-json\/wp\/v2\/posts\/2681","targetHints":{"allow":["GET"]}}],"collection":[{"href":"https:\/\/www.enorsai.com\/noticias\/wp-json\/wp\/v2\/posts"}],"about":[{"href":"https:\/\/www.enorsai.com\/noticias\/wp-json\/wp\/v2\/types\/post"}],"author":[{"embeddable":true,"href":"https:\/\/www.enorsai.com\/noticias\/wp-json\/wp\/v2\/users\/1"}],"replies":[{"embeddable":true,"href":"https:\/\/www.enorsai.com\/noticias\/wp-json\/wp\/v2\/comments?post=2681"}],"version-history":[{"count":1,"href":"https:\/\/www.enorsai.com\/noticias\/wp-json\/wp\/v2\/posts\/2681\/revisions"}],"predecessor-version":[{"id":2683,"href":"https:\/\/www.enorsai.com\/noticias\/wp-json\/wp\/v2\/posts\/2681\/revisions\/2683"}],"wp:featuredmedia":[{"embeddable":true,"href":"https:\/\/www.enorsai.com\/noticias\/wp-json\/wp\/v2\/media\/2682"}],"wp:attachment":[{"href":"https:\/\/www.enorsai.com\/noticias\/wp-json\/wp\/v2\/media?parent=2681"}],"wp:term":[{"taxonomy":"category","embeddable":true,"href":"https:\/\/www.enorsai.com\/noticias\/wp-json\/wp\/v2\/categories?post=2681"},{"taxonomy":"post_tag","embeddable":true,"href":"https:\/\/www.enorsai.com\/noticias\/wp-json\/wp\/v2\/tags?post=2681"}],"curies":[{"name":"wp","href":"https:\/\/api.w.org\/{rel}","templated":true}]}}