{"id":2669,"date":"2025-03-20T17:24:32","date_gmt":"2025-03-20T20:24:32","guid":{"rendered":"https:\/\/www.enorsai.com\/noticias\/?p=2669"},"modified":"2025-03-20T17:26:43","modified_gmt":"2025-03-20T20:26:43","slug":"nicolas-kreplak-alerta-sobre-el-aumento-de-casos-de-sarampion-y-la-urgencia-de-la-vacunacion","status":"publish","type":"post","link":"https:\/\/www.enorsai.com\/noticias\/sociedad\/nicolas-kreplak-alerta-sobre-el-aumento-de-casos-de-sarampion-y-la-urgencia-de-la-vacunacion\/","title":{"rendered":"<br>Nicol\u00e1s Kreplak alerta sobre el aumento de casos de sarampi\u00f3n y la urgencia de la vacunaci\u00f3n"},"content":{"rendered":"\n<p>El sarampi\u00f3n avanza y la respuesta del Gobierno Milei brilla por su ausencia<br><br>La crisis sanitaria por sarampi\u00f3n en Argentina se profundiza mientras el Gobierno de Javier Milei sigue sin poner en marcha la Campa\u00f1a Nacional de Vacunaci\u00f3n. Seg\u00fan advirti\u00f3 el ministro de Salud de la Provincia de Buenos Aires, Nicol\u00e1s Kreplak, ya se registraron 13 casos en el \u00c1rea Metropolitana de Buenos Aires (AMBA), con dos nuevos contagios que confirman la expansi\u00f3n del virus y el riesgo de que se descontrole.<br><br>El primer nuevo caso corresponde a una mujer de 27 a\u00f1os que ya estaba vacunada y que forma parte de la cadena de transmisi\u00f3n iniciada por el \u00abcaso 0\u00bb. El segundo, a\u00fan m\u00e1s preocupante, es el de un adulto con antecedentes de viaje a Tailandia entre febrero y marzo, lo que abre una nueva cadena de transmisi\u00f3n.<br><br>\u00abEs fundamental que la Campa\u00f1a Nacional de Vacunaci\u00f3n comience de inmediato\u00bb, advirti\u00f3 Kreplak. Sin embargo, el gobierno de La Libertad Avanza parece m\u00e1s enfocado en su agenda de ajuste que en garantizar la protecci\u00f3n de la poblaci\u00f3n frente a enfermedades prevenibles.<\/p>\n\n\n\n<p><br><br><strong>Un riesgo evitable que el Gobierno ignora<\/strong><br><br>El sarampi\u00f3n es una enfermedad altamente contagiosa que se consideraba eliminada en Argentina hasta que la ca\u00edda en las tasas de vacunaci\u00f3n reabri\u00f3 la puerta a nuevos brotes. Desde la llegada de Milei al poder, los recortes en salud han dejado en un estado cr\u00edtico a los programas de inmunizaci\u00f3n, poniendo en peligro no solo a ni\u00f1os y ni\u00f1as, sino tambi\u00e9n a adultos sin inmunidad previa.<br><br>Mientras las provincias tratan de contener los brotes con sus propios recursos, el Gobierno nacional sigue sin implementar una estrategia clara de vacunaci\u00f3n masiva. Las autoridades sanitarias bonaerenses, junto con equipos del Ministerio de Salud provincial, han desplegado operativos de control de foco y seguimiento de contactos para evitar la propagaci\u00f3n. Pero sin una respuesta nacional coordinada, los esfuerzos provinciales corren el riesgo de quedar desbordados.<\/p>\n\n\n\n<p><br><br><strong>El ajuste en salud tiene consecuencias<\/strong><br><br>La situaci\u00f3n epidemiol\u00f3gica no es un hecho aislado, sino una consecuencia directa del desfinanciamiento del sistema de salud. La falta de vacunas, la interrupci\u00f3n de programas esenciales y el desprecio del Gobierno por la salud p\u00fablica est\u00e1n dejando expuesta a la poblaci\u00f3n a enfermedades que podr\u00edan haberse prevenido con una gesti\u00f3n responsable.<\/p>\n","protected":false},"excerpt":{"rendered":"<p>El sarampi\u00f3n avanza y la respuesta del Gobierno Milei brilla por su ausencia La crisis sanitaria por sarampi\u00f3n en Argentina se profundiza mientras el Gobierno de Javier Milei sigue sin poner en marcha la Campa\u00f1a Nacional de Vacunaci\u00f3n. Seg\u00fan advirti\u00f3 el ministro de Salud de la Provincia de Buenos Aires, Nicol\u00e1s Kreplak, ya se registraron&#8230;<\/p>\n","protected":false},"author":1,"featured_media":2670,"comment_status":"open","ping_status":"open","sticky":false,"template":"","format":"standard","meta":{"_monsterinsights_skip_tracking":false,"_monsterinsights_sitenote_active":false,"_monsterinsights_sitenote_note":"","_monsterinsights_sitenote_category":0,"footnotes":"","jetpack_publicize_message":"","jetpack_publicize_feature_enabled":true,"jetpack_social_post_already_shared":true,"jetpack_social_options":{"image_generator_settings":{"template":"highway","default_image_id":0,"font":"","enabled":false},"version":2}},"categories":[4],"tags":[731,420,964,776,965,106,220,554,962,963],"class_list":["post-2669","post","type-post","status-publish","format-standard","has-post-thumbnail","hentry","category-sociedad","tag-ajuste-en-salud","tag-amba","tag-brote-epidemiologico","tag-buenos-aires","tag-crisis-sanitaria","tag-javier-milei","tag-nicolas-kreplak","tag-salud-publica","tag-sarampion","tag-vacunacion"],"jetpack_publicize_connections":[],"_links":{"self":[{"href":"https:\/\/www.enorsai.com\/noticias\/wp-json\/wp\/v2\/posts\/2669","targetHints":{"allow":["GET"]}}],"collection":[{"href":"https:\/\/www.enorsai.com\/noticias\/wp-json\/wp\/v2\/posts"}],"about":[{"href":"https:\/\/www.enorsai.com\/noticias\/wp-json\/wp\/v2\/types\/post"}],"author":[{"embeddable":true,"href":"https:\/\/www.enorsai.com\/noticias\/wp-json\/wp\/v2\/users\/1"}],"replies":[{"embeddable":true,"href":"https:\/\/www.enorsai.com\/noticias\/wp-json\/wp\/v2\/comments?post=2669"}],"version-history":[{"count":1,"href":"https:\/\/www.enorsai.com\/noticias\/wp-json\/wp\/v2\/posts\/2669\/revisions"}],"predecessor-version":[{"id":2671,"href":"https:\/\/www.enorsai.com\/noticias\/wp-json\/wp\/v2\/posts\/2669\/revisions\/2671"}],"wp:featuredmedia":[{"embeddable":true,"href":"https:\/\/www.enorsai.com\/noticias\/wp-json\/wp\/v2\/media\/2670"}],"wp:attachment":[{"href":"https:\/\/www.enorsai.com\/noticias\/wp-json\/wp\/v2\/media?parent=2669"}],"wp:term":[{"taxonomy":"category","embeddable":true,"href":"https:\/\/www.enorsai.com\/noticias\/wp-json\/wp\/v2\/categories?post=2669"},{"taxonomy":"post_tag","embeddable":true,"href":"https:\/\/www.enorsai.com\/noticias\/wp-json\/wp\/v2\/tags?post=2669"}],"curies":[{"name":"wp","href":"https:\/\/api.w.org\/{rel}","templated":true}]}}