{"id":2647,"date":"2025-03-20T12:03:25","date_gmt":"2025-03-20T15:03:25","guid":{"rendered":"https:\/\/www.enorsai.com\/noticias\/?p=2647"},"modified":"2025-03-20T12:03:25","modified_gmt":"2025-03-20T15:03:25","slug":"ciclo-club-de-musica-con-claudio-orellano","status":"publish","type":"post","link":"https:\/\/www.enorsai.com\/noticias\/cultura\/ciclo-club-de-musica-con-claudio-orellano\/","title":{"rendered":"Ciclo: \u00abClub de M\u00fasica con Claudio Orellano\u00bb"},"content":{"rendered":"\n<h2 class=\"wp-block-heading\">Una experiencia musical \u00fanica con Claudio Orellano y artistas amigos en el Palacio El Victorial <\/h2>\n\n\n\n<figure class=\"wp-block-image size-large\"><img loading=\"lazy\" decoding=\"async\" width=\"768\" height=\"1024\" src=\"https:\/\/www.enorsai.com\/noticias\/wp-content\/uploads\/2025\/03\/1000469743-768x1024.jpg\" alt=\"\" class=\"wp-image-2648\" srcset=\"https:\/\/www.enorsai.com\/noticias\/wp-content\/uploads\/2025\/03\/1000469743-768x1024.jpg 768w, https:\/\/www.enorsai.com\/noticias\/wp-content\/uploads\/2025\/03\/1000469743-225x300.jpg 225w, https:\/\/www.enorsai.com\/noticias\/wp-content\/uploads\/2025\/03\/1000469743-1152x1536.jpg 1152w, https:\/\/www.enorsai.com\/noticias\/wp-content\/uploads\/2025\/03\/1000469743-1536x2048.jpg 1536w, https:\/\/www.enorsai.com\/noticias\/wp-content\/uploads\/2025\/03\/1000469743-scaled.jpg 1920w\" sizes=\"auto, (max-width: 768px) 100vw, 768px\" \/><\/figure>\n\n\n\n<p>por Laura Alejandra Blanco <\/p>\n\n\n\n<p> Claudio Orellano reconocido animador, conductor y comunicador popular con m\u00e1s de cuatro d\u00e9cadas de trayectoria en los medios de radio y televisi\u00f3n, que actualmente se desempe\u00f1a como la voz de campeones radio, campeones TV y es la tan recordada voz del estadio Boca Juniors, se enfrenta a un nuevo desaf\u00edo, convocando a un novedoso ciclo de m\u00fasica llamado \u201cClub de M\u00fasica con Claudio Orellano\u201d en el Palacio \u201cEl Victorial\u201d en San Telmo, un ciclo que intenta reunir artistas y amigos con quienes compartir un poco m\u00e1s que m\u00fasica.<\/p>\n\n\n\n<figure class=\"wp-block-image size-large\"><img loading=\"lazy\" decoding=\"async\" width=\"1024\" height=\"1024\" src=\"https:\/\/www.enorsai.com\/noticias\/wp-content\/uploads\/2025\/03\/1000491878-1024x1024.jpg\" alt=\"\" class=\"wp-image-2653\" srcset=\"https:\/\/www.enorsai.com\/noticias\/wp-content\/uploads\/2025\/03\/1000491878-1024x1024.jpg 1024w, https:\/\/www.enorsai.com\/noticias\/wp-content\/uploads\/2025\/03\/1000491878-300x300.jpg 300w, https:\/\/www.enorsai.com\/noticias\/wp-content\/uploads\/2025\/03\/1000491878-150x150.jpg 150w, https:\/\/www.enorsai.com\/noticias\/wp-content\/uploads\/2025\/03\/1000491878-768x768.jpg 768w, https:\/\/www.enorsai.com\/noticias\/wp-content\/uploads\/2025\/03\/1000491878.jpg 1080w\" sizes=\"auto, (max-width: 1024px) 100vw, 1024px\" \/><\/figure>\n\n\n\n<p>En el debut del jueves 13 de marzo, cont\u00f3 con la participaci\u00f3n de Ale Sanz presentando su \u00abL\u00ednea de tiempo: Nosotros\u201d qui\u00e9n demostr\u00f3, con sobrado talento, una amplia faceta musical atravesando todos los g\u00e9neros musicales como cantautor y much\u00edsimo humor.<\/p>\n\n\n\n<figure class=\"wp-block-video\"><video height=\"850\" style=\"aspect-ratio: 478 \/ 850;\" width=\"478\" controls src=\"https:\/\/www.enorsai.com\/noticias\/wp-content\/uploads\/2025\/03\/1000491891.mp4\"><\/video><\/figure>\n\n\n\n<p>Este pr\u00f3ximo jueves 20 de marzo por primera vez luego de m\u00e1s de 30 a\u00f1os como cantante y actor en el grupo Los Amados, Alejandro Viola presenta \u201cSure\u00f1o: Concierto en Construcci\u00f3n\u201d un recital solista de tangos, valses, milongas y candombes, que partiendo de su sentido de pertenencia al sur del conurbano bonaerense donde naci\u00f3 y su presente porte\u00f1o en el extremo sur de la ciudad de Buenos Aires, se sumerge en la importancia que ha tenido este punto cardinal en la construcci\u00f3n de la historia y la identidad de nuestra querida Argentina. Relatos y canciones para revalorizar a trav\u00e9s de la memoria nuestro arraigo a esta hermosa Patria que nos cobija. Acompa\u00f1ado por el exquisito guitarrista Nahuel Larisgoit\u00eda. <\/p>\n\n\n\n<p>Maravillosos cl\u00e1sicos como Sur, En un corral\u00f3n de Barracas, Fuimos, Negra Mar\u00eda, Yuyo Verde o El coraz\u00f3n al sur son parte de este repertorio de grandes compositores como Manzi, Exp\u00f3sito, Cad\u00edcamo, Gardel y Blazquez podr\u00e1n escucharse presentados por la maravillosa voz de este gran conductor y animador, Claudio Orellano.<\/p>\n\n\n\n<p>\ud83c\udf9f\ufe0fENTRADAS A LA VENTA \ud83c\udf9f\ufe0fhttps:\/\/www.passline.com\/eventos\/ciclo-club-de-musica-con-claudio-orellano-alejandro-viola-en-sureno-concierto-en-construccion<\/p>\n\n\n\n<p>Palacio El Victorial<\/p>\n\n\n\n<p>Piedras 722, Piedras 720, 1070 Buenos Aires<\/p>\n\n\n\n<p><\/p>\n","protected":false},"excerpt":{"rendered":"<p>Una experiencia musical \u00fanica con Claudio Orellano y artistas amigos en el Palacio El Victorial por Laura Alejandra Blanco Claudio Orellano reconocido animador, conductor y comunicador popular con m\u00e1s de cuatro d\u00e9cadas de trayectoria en los medios de radio y televisi\u00f3n, que actualmente se desempe\u00f1a como la voz de campeones radio, campeones TV y es&#8230;<\/p>\n","protected":false},"author":15,"featured_media":0,"comment_status":"open","ping_status":"open","sticky":false,"template":"","format":"standard","meta":{"_monsterinsights_skip_tracking":false,"_monsterinsights_sitenote_active":false,"_monsterinsights_sitenote_note":"","_monsterinsights_sitenote_category":0,"footnotes":"","jetpack_publicize_message":"","jetpack_publicize_feature_enabled":true,"jetpack_social_post_already_shared":true,"jetpack_social_options":{"image_generator_settings":{"template":"highway","default_image_id":0,"font":"","enabled":false},"version":2}},"categories":[5],"tags":[663],"class_list":["post-2647","post","type-post","status-publish","format-standard","hentry","category-cultura","tag-cultura"],"jetpack_publicize_connections":[],"_links":{"self":[{"href":"https:\/\/www.enorsai.com\/noticias\/wp-json\/wp\/v2\/posts\/2647","targetHints":{"allow":["GET"]}}],"collection":[{"href":"https:\/\/www.enorsai.com\/noticias\/wp-json\/wp\/v2\/posts"}],"about":[{"href":"https:\/\/www.enorsai.com\/noticias\/wp-json\/wp\/v2\/types\/post"}],"author":[{"embeddable":true,"href":"https:\/\/www.enorsai.com\/noticias\/wp-json\/wp\/v2\/users\/15"}],"replies":[{"embeddable":true,"href":"https:\/\/www.enorsai.com\/noticias\/wp-json\/wp\/v2\/comments?post=2647"}],"version-history":[{"count":4,"href":"https:\/\/www.enorsai.com\/noticias\/wp-json\/wp\/v2\/posts\/2647\/revisions"}],"predecessor-version":[{"id":2666,"href":"https:\/\/www.enorsai.com\/noticias\/wp-json\/wp\/v2\/posts\/2647\/revisions\/2666"}],"wp:attachment":[{"href":"https:\/\/www.enorsai.com\/noticias\/wp-json\/wp\/v2\/media?parent=2647"}],"wp:term":[{"taxonomy":"category","embeddable":true,"href":"https:\/\/www.enorsai.com\/noticias\/wp-json\/wp\/v2\/categories?post=2647"},{"taxonomy":"post_tag","embeddable":true,"href":"https:\/\/www.enorsai.com\/noticias\/wp-json\/wp\/v2\/tags?post=2647"}],"curies":[{"name":"wp","href":"https:\/\/api.w.org\/{rel}","templated":true}]}}