{"id":2625,"date":"2025-03-19T18:59:22","date_gmt":"2025-03-19T21:59:22","guid":{"rendered":"https:\/\/www.enorsai.com\/noticias\/?p=2625"},"modified":"2025-03-19T20:13:33","modified_gmt":"2025-03-19T23:13:33","slug":"suspensiones-y-despidos-en-nestle-y-general-motors-la-receta-libertaria-de-recesion-desindustrializacion-y-perdida-de-empleos","status":"publish","type":"post","link":"https:\/\/www.enorsai.com\/noticias\/economia\/suspensiones-y-despidos-en-nestle-y-general-motors-la-receta-libertaria-de-recesion-desindustrializacion-y-perdida-de-empleos\/","title":{"rendered":"Suspensiones y despidos en Nestl\u00e9 y General Motors: La receta libertaria de recesi\u00f3n, desindustrializaci\u00f3n y p\u00e9rdida de empleos"},"content":{"rendered":"\n<p>El modelo econ\u00f3mico de Javier Milei no solo se desangra por la fuga de reservas del Banco Central para sostener un d\u00f3lar artificialmente bajo. En el plano productivo, la combinaci\u00f3n de apreciaci\u00f3n cambiaria, ca\u00edda del consumo, aumento de importaciones y tarifazos est\u00e1 desmoronando la industria nacional. Como resultado, crecen los despidos y suspensiones en empresas emblem\u00e1ticas como Nestl\u00e9 y General Motors, dejando en evidencia que el ajuste libertario no es solo una cuesti\u00f3n fiscal, sino una ofensiva directa contra el empleo.<br \/><br \/>Nestl\u00e9 paralizada: despidos y suspensiones en C\u00f3rdoba<br \/><br \/>Nestl\u00e9, una de las mayores productoras de alimentos del mundo, tiene suspendida la producci\u00f3n en su planta de Villa Nueva, C\u00f3rdoba, desde hace m\u00e1s de un mes, alegando una reducci\u00f3n de stocks ante el derrumbe del consumo interno y la ca\u00edda de exportaciones. La crisis ya se cobr\u00f3 10 despidos, y se esperan m\u00e1s en las pr\u00f3ximas semanas, seg\u00fan fuentes del sector.<br \/><br \/>El Ministerio de Trabajo intervino, pero el panorama es desolador. La contracci\u00f3n del mercado interno, provocada por la licuaci\u00f3n de salarios impulsada por el gobierno de Milei, golpea de lleno a la industria alimenticia. La situaci\u00f3n de Nestl\u00e9 no es aislada: otras empresas como Granja Tres Arroyos y Sancor atraviesan problemas similares, con despidos, cierre de plantas y salarios adeudados.<br \/><br \/>El sector l\u00e1cteo, pese a haber registrado un leve repunte en la producci\u00f3n en enero, a\u00fan no se recupera del desplome de 2024. La mejora interanual del 11% en productos como quesos y yogures es insuficiente para compensar la ca\u00edda del a\u00f1o pasado, cuando la industria sufri\u00f3 un golpe del 12,1% tras la devaluaci\u00f3n de Milei.<br \/><br \/>General Motors: suspensiones masivas por la crisis exportadora<br \/><br \/>El sector automotriz tambi\u00e9n est\u00e1 en crisis. General Motors anunci\u00f3 la paralizaci\u00f3n de su planta de Alvear, Santa Fe, entre el 25 de marzo y el 14 de abril, afectando a 600 trabajadores que solo cobrar\u00e1n el 75% de su salario durante la suspensi\u00f3n.<br \/><br \/>Las causas de la crisis en el sector son m\u00faltiples, pero todas est\u00e1n ligadas al modelo econ\u00f3mico de Milei:<br \/><br \/>La devaluaci\u00f3n del real brasile\u00f1o encareci\u00f3 las exportaciones argentinas, restando competitividad a los autos fabricados en el pa\u00eds.<br \/><br \/>El aumento de la importaci\u00f3n de autos chinos est\u00e1 desplazando a la industria local, favorecida por la desregulaci\u00f3n y la eliminaci\u00f3n de aranceles.<br \/><br \/>La ca\u00edda del mercado interno por el desplome del salario real reduce la demanda de veh\u00edculos.<br \/><br \/><br \/>Seg\u00fan la Asociaci\u00f3n de F\u00e1bricas de Automotores (ADEFA), en los dos primeros meses de 2025 las exportaciones a Brasil bajaron un 13,5%, mientras que los autos brasile\u00f1os ya representan el 44% de las ventas en Argentina.<br \/><br \/>Sergio Gazzera, del sindicato Smata, alert\u00f3 sobre la gravedad del panorama: \u00abHace dos meses se fueron 309 trabajadores. Esto no es solo una suspensi\u00f3n, es un problema estructural y la preocupaci\u00f3n es enorme\u201d.<br \/><br \/>Milei: ajuste para los trabajadores, libertad para los importadores<br \/><br \/>El modelo libertario de Milei est\u00e1 destruyendo la producci\u00f3n nacional. Su pol\u00edtica de apertura indiscriminada de importaciones y tarifazos favorece a los grandes importadores y golpea a las industrias que generan empleo en el pa\u00eds. Mientras se hunden f\u00e1bricas, se suspenden trabajadores y caen las exportaciones, el gobierno sigue beneficiando al capital financiero y a las multinacionales.<br \/><br \/>Lejos de la promesa de un \u00abshock de inversiones\u00bb, lo que se consolida es un shock de desempleo y pobreza. La recesi\u00f3n y la desindustrializaci\u00f3n avanzan, pero el gobierno sigue negando la realidad. \u00bfCu\u00e1nto m\u00e1s podr\u00e1 sostenerse un modelo que solo beneficia a un pu\u00f1ado de especuladores mientras destruye la Argentina productiva?<\/p>\n","protected":false},"excerpt":{"rendered":"<p>El modelo econ\u00f3mico de Javier Milei desangra la industria nacional: despidos en Nestl\u00e9 y suspensiones en General Motors evidencian la crisis. La apreciaci\u00f3n cambiaria, ca\u00edda del consumo y tarifazos golpean a sectores clave. Mientras, el gobierno prioriza importaciones y ajustes, profundizando el desempleo y la recesi\u00f3n.<\/p>\n","protected":false},"author":1,"featured_media":2631,"comment_status":"open","ping_status":"open","sticky":false,"template":"","format":"standard","meta":{"_monsterinsights_skip_tracking":false,"_monsterinsights_sitenote_active":false,"_monsterinsights_sitenote_note":"","_monsterinsights_sitenote_category":0,"footnotes":"","jetpack_publicize_message":"\u26a0\ufe0f El modelo de Milei est\u00e1 destruyendo la industria nacional: despidos en Nestl\u00e9, suspensiones en General Motors y una crisis que no para. \ud83d\udcb8\ud83d\ude97 Mientras, el gobierno prioriza importaciones y ajustes, dejando a miles sin trabajo.","jetpack_publicize_feature_enabled":true,"jetpack_social_post_already_shared":false,"jetpack_social_options":{"image_generator_settings":{"template":"highway","enabled":false},"version":2}},"categories":[3],"tags":[58,43,193,32,938,936,29,45,937,101],"class_list":["post-2625","post","type-post","status-publish","format-standard","has-post-thumbnail","hentry","category-economia","tag-ajuste","tag-crisis","tag-despidos","tag-empleo","tag-generalmotors","tag-importaciones","tag-industria","tag-milei","tag-nestle","tag-recesion"],"jetpack_publicize_connections":[],"_links":{"self":[{"href":"https:\/\/www.enorsai.com\/noticias\/wp-json\/wp\/v2\/posts\/2625","targetHints":{"allow":["GET"]}}],"collection":[{"href":"https:\/\/www.enorsai.com\/noticias\/wp-json\/wp\/v2\/posts"}],"about":[{"href":"https:\/\/www.enorsai.com\/noticias\/wp-json\/wp\/v2\/types\/post"}],"author":[{"embeddable":true,"href":"https:\/\/www.enorsai.com\/noticias\/wp-json\/wp\/v2\/users\/1"}],"replies":[{"embeddable":true,"href":"https:\/\/www.enorsai.com\/noticias\/wp-json\/wp\/v2\/comments?post=2625"}],"version-history":[{"count":2,"href":"https:\/\/www.enorsai.com\/noticias\/wp-json\/wp\/v2\/posts\/2625\/revisions"}],"predecessor-version":[{"id":2632,"href":"https:\/\/www.enorsai.com\/noticias\/wp-json\/wp\/v2\/posts\/2625\/revisions\/2632"}],"wp:featuredmedia":[{"embeddable":true,"href":"https:\/\/www.enorsai.com\/noticias\/wp-json\/wp\/v2\/media\/2631"}],"wp:attachment":[{"href":"https:\/\/www.enorsai.com\/noticias\/wp-json\/wp\/v2\/media?parent=2625"}],"wp:term":[{"taxonomy":"category","embeddable":true,"href":"https:\/\/www.enorsai.com\/noticias\/wp-json\/wp\/v2\/categories?post=2625"},{"taxonomy":"post_tag","embeddable":true,"href":"https:\/\/www.enorsai.com\/noticias\/wp-json\/wp\/v2\/tags?post=2625"}],"curies":[{"name":"wp","href":"https:\/\/api.w.org\/{rel}","templated":true}]}}