{"id":2622,"date":"2025-03-19T15:03:49","date_gmt":"2025-03-19T18:03:49","guid":{"rendered":"http:\/\/www.enorsai.com\/noticias\/?p=2622"},"modified":"2025-03-19T15:03:49","modified_gmt":"2025-03-19T18:03:49","slug":"amenaza-policial-en-vivo-al-movil-de-el-destape-un-agente-de-la-policia-de-la-ciudad-simulo-gatillar-contra-la-periodista","status":"publish","type":"post","link":"https:\/\/www.enorsai.com\/noticias\/politica\/amenaza-policial-en-vivo-al-movil-de-el-destape-un-agente-de-la-policia-de-la-ciudad-simulo-gatillar-contra-la-periodista\/","title":{"rendered":"Amenaza policial en vivo al m\u00f3vil de El Destape: Un agente de la Polic\u00eda de la Ciudad simul\u00f3 gatillar contra la periodista"},"content":{"rendered":"\n<p>Un agente de la Polic\u00eda de la Ciudad simul\u00f3 gatillar contra la periodista Lu Esp\u00edndola, en una clara muestra de amedrentamiento hacia la prensa cr\u00edtica. La escalada represiva del gobierno de Javier Milei avanza sin frenos. Mientras la periodista de <em>El Destape<\/em> realizaba una cobertura en vivo, un polic\u00eda de la Ciudad hizo un adem\u00e1n inequ\u00edvoco de dispararle por la espalda. En un contexto de creciente violencia institucional, la imagen sintetiza el nivel de impunidad con el que operan las fuerzas de seguridad bajo la gesti\u00f3n de Patricia Bullrich.<\/p>\n\n\n\n<p>Las democracias tambi\u00e9n mueren de a poco, no con golpes de Estado televisados, sino con gestos sutiles pero elocuentes que revelan un deterioro sistem\u00e1tico de las libertades. Lo ocurrido el 18 de marzo con la periodista Lu Esp\u00edndola, cronista de <em>El Destape<\/em>, es una postal perfecta de esta degradaci\u00f3n. Mientras realizaba una transmisi\u00f3n en vivo, un agente de la Polic\u00eda de la Ciudad, con su chaleco celeste distintivo, hizo un adem\u00e1n indiscutible: simul\u00f3 gatillarle por la espalda. Un gesto que no solo es amenazante, sino que retrata el verdadero esp\u00edritu del gobierno de Javier Milei: intimidaci\u00f3n, violencia y una guerra abierta contra el periodismo cr\u00edtico.<\/p>\n\n\n\n<p>La escena fue captada por las c\u00e1maras y se viraliz\u00f3 en minutos. El adem\u00e1n no dejaba dudas. La periodista se encontraba saliendo de la zona donde estaban apostados los colectivos que transportaban a la Polic\u00eda Federal. De repente, entre un grupo de agentes de la Ciudad, uno de ellos ejecut\u00f3 el gesto inequ\u00edvoco de una simulaci\u00f3n de disparo. No hubo margen para interpretaciones: fue una amenaza.<\/p>\n\n\n\n<figure class=\"wp-block-embed is-type-video is-provider-youtube wp-block-embed-youtube wp-embed-aspect-16-9 wp-has-aspect-ratio\"><div class=\"wp-block-embed__wrapper\">\n<iframe loading=\"lazy\" title=\"\ud83d\udea8 LA POLIC\u00cdA AMENAZ\u00d3 AL M\u00d3VIL DE EL DESTAPE\" width=\"640\" height=\"360\" src=\"https:\/\/www.youtube.com\/embed\/Rvbc9KDfwTk?feature=oembed\" frameborder=\"0\" allow=\"accelerometer; autoplay; clipboard-write; encrypted-media; gyroscope; picture-in-picture; web-share\" referrerpolicy=\"strict-origin-when-cross-origin\" allowfullscreen><\/iframe>\n<\/div><\/figure>\n\n\n\n<p>El episodio no es un hecho aislado, sino la confirmaci\u00f3n de una pol\u00edtica de amedrentamiento sistem\u00e1tico. Desde la llegada de Milei al poder, con Patricia Bullrich al frente del Ministerio de Seguridad, el discurso de \u00abmano dura\u00bb se ha transformado en carta blanca para las fuerzas de seguridad. El uso indiscriminado de la violencia, la represi\u00f3n brutal de manifestaciones, la criminalizaci\u00f3n de la protesta y la persecuci\u00f3n al periodismo cr\u00edtico se han convertido en la norma. Lo que ocurri\u00f3 con Lu Esp\u00edndola no es una an\u00e9cdota, es un mensaje: \u00abSabemos qui\u00e9nes son, sabemos d\u00f3nde est\u00e1n, y podemos actuar\u00bb.<\/p>\n\n\n\n<p>La intimidaci\u00f3n a la prensa no es un detalle menor. En una democracia funcional, los periodistas son un contrapeso clave al poder. Pero en la Argentina de Milei, la informaci\u00f3n veraz se convierte en un enemigo a neutralizar. El caso de Esp\u00edndola se suma al del fotoperiodista Pablo Grillo, brutalmente golpeado por la Polic\u00eda de la Ciudad hace apenas una semana. Grillo a\u00fan lucha por su vida. \u00bfEs esta la \u00ablibertad\u00bb que proclama el Presidente? \u00bfUna libertad en la que las balas, reales o simuladas, definen qui\u00e9n puede hablar y qui\u00e9n debe callar?<\/p>\n\n\n\n<p>El gobierno de Javier Milei ha dejado en claro que no tolera el disenso. Su ataque sistem\u00e1tico a los medios cr\u00edticos no se limita a la estigmatizaci\u00f3n discursiva: se traduce en hechos concretos. La prensa independiente es hostigada y sus trabajadores, amedrentados. El mensaje es claro: \u00abSi inform\u00e1s lo que no queremos, te vamos a hacer sentir el miedo\u00bb.<\/p>\n\n\n\n<p>El rol de Patricia Bullrich en esta escalada es fundamental. Como ministra de Seguridad, su gesti\u00f3n se ha caracterizado por la promoci\u00f3n de una doctrina de represi\u00f3n sin l\u00edmites. Desde su tristemente c\u00e9lebre \u00abprotocolo antipiquetes\u00bb, que ha convertido el espacio p\u00fablico en un campo de batalla contra manifestantes y periodistas, hasta el aval impl\u00edcito a las fuerzas que operan con violencia e impunidad. La imagen del polic\u00eda apuntando a Esp\u00edndola no es una excentricidad: es la consecuencia natural de un discurso pol\u00edtico que fomenta el autoritarismo y la intimidaci\u00f3n.<\/p>\n\n\n\n<p>La impunidad con la que act\u00faan las fuerzas de seguridad tambi\u00e9n pone en tela de juicio el rol de la Justicia. \u00bfHabr\u00e1 consecuencias para el agente que amenaz\u00f3 a una periodista en vivo? \u00bfSe investigar\u00e1 el caso de Pablo Grillo? \u00bfSe pondr\u00e1 alg\u00fan l\u00edmite a esta maquinaria represiva? La experiencia reciente indica que la respuesta es un rotundo \u00abno\u00bb. En la Argentina de Milei, la impunidad es la norma.<\/p>\n\n\n\n<p>Pero hay algo que el gobierno no ha logrado entender: la intimidaci\u00f3n tambi\u00e9n genera reacciones. La imagen del polic\u00eda apuntando a Esp\u00edndola ha despertado una ola de indignaci\u00f3n en redes sociales y en la opini\u00f3n p\u00fablica. La prensa independiente, los organismos de derechos humanos y amplios sectores de la sociedad han levantado la voz. La represi\u00f3n, por m\u00e1s brutal que sea, no podr\u00e1 acallar la verdad.<\/p>\n\n\n\n<p>Lo ocurrido con Esp\u00edndola es una advertencia de lo que est\u00e1 en juego. No se trata solo de la libertad de prensa: se trata de la democracia misma. Cada adem\u00e1n de gatillo que se tolera, cada golpe impune, cada periodista amenazado es un paso m\u00e1s hacia el abismo. La pregunta es simple: \u00bfhasta cu\u00e1ndo lo vamos a permitir?<\/p>\n","protected":false},"excerpt":{"rendered":"<p>Un polic\u00eda de la Ciudad simul\u00f3 gatillar contra la periodista Lu Esp\u00edndola mientras transmit\u00eda en vivo. El gesto amenazante refleja la creciente represi\u00f3n bajo el gobierno de Javier Milei y Patricia Bullrich. La impunidad de las fuerzas de seguridad y la intimidaci\u00f3n a la prensa ponen en riesgo la democracia.<\/p>\n","protected":false},"author":1,"featured_media":2623,"comment_status":"open","ping_status":"open","sticky":false,"template":"","format":"standard","meta":{"_monsterinsights_skip_tracking":false,"_monsterinsights_sitenote_active":false,"_monsterinsights_sitenote_note":"","_monsterinsights_sitenote_category":0,"footnotes":"","jetpack_publicize_message":"\ud83d\udea8 \u00a1Grav\u00edsimo! Un polic\u00eda de la Ciudad simul\u00f3 gatillarle a la periodista Lu Esp\u00edndola mientras cubr\u00eda en vivo. La escalada represiva del gobierno de Milei y Bullrich no tiene frenos. La prensa cr\u00edtica est\u00e1 en la mira y la impunidad reina.","jetpack_publicize_feature_enabled":true,"jetpack_social_post_already_shared":false,"jetpack_social_options":{"image_generator_settings":{"template":"highway","enabled":false},"version":2}},"categories":[2],"tags":[817,262,504,209,98,45,933,365,86,711],"class_list":["post-2622","post","type-post","status-publish","format-standard","has-post-thumbnail","hentry","category-politica","tag-amenazas","tag-bullrich","tag-censura","tag-democracia","tag-impunidad","tag-milei","tag-periodistas","tag-represion","tag-seguridad","tag-violencia"],"jetpack_publicize_connections":[],"_links":{"self":[{"href":"https:\/\/www.enorsai.com\/noticias\/wp-json\/wp\/v2\/posts\/2622","targetHints":{"allow":["GET"]}}],"collection":[{"href":"https:\/\/www.enorsai.com\/noticias\/wp-json\/wp\/v2\/posts"}],"about":[{"href":"https:\/\/www.enorsai.com\/noticias\/wp-json\/wp\/v2\/types\/post"}],"author":[{"embeddable":true,"href":"https:\/\/www.enorsai.com\/noticias\/wp-json\/wp\/v2\/users\/1"}],"replies":[{"embeddable":true,"href":"https:\/\/www.enorsai.com\/noticias\/wp-json\/wp\/v2\/comments?post=2622"}],"version-history":[{"count":1,"href":"https:\/\/www.enorsai.com\/noticias\/wp-json\/wp\/v2\/posts\/2622\/revisions"}],"predecessor-version":[{"id":2624,"href":"https:\/\/www.enorsai.com\/noticias\/wp-json\/wp\/v2\/posts\/2622\/revisions\/2624"}],"wp:featuredmedia":[{"embeddable":true,"href":"https:\/\/www.enorsai.com\/noticias\/wp-json\/wp\/v2\/media\/2623"}],"wp:attachment":[{"href":"https:\/\/www.enorsai.com\/noticias\/wp-json\/wp\/v2\/media?parent=2622"}],"wp:term":[{"taxonomy":"category","embeddable":true,"href":"https:\/\/www.enorsai.com\/noticias\/wp-json\/wp\/v2\/categories?post=2622"},{"taxonomy":"post_tag","embeddable":true,"href":"https:\/\/www.enorsai.com\/noticias\/wp-json\/wp\/v2\/tags?post=2622"}],"curies":[{"name":"wp","href":"https:\/\/api.w.org\/{rel}","templated":true}]}}