{"id":2619,"date":"2025-03-19T12:48:29","date_gmt":"2025-03-19T15:48:29","guid":{"rendered":"http:\/\/www.enorsai.com\/noticias\/?p=2619"},"modified":"2025-03-19T12:48:29","modified_gmt":"2025-03-19T15:48:29","slug":"marcha-y-dolar-la-lucha-es-una-sola-el-gobierno-de-milei-entre-la-represion-y-la-crisis-economica","status":"publish","type":"post","link":"https:\/\/www.enorsai.com\/noticias\/politica\/marcha-y-dolar-la-lucha-es-una-sola-el-gobierno-de-milei-entre-la-represion-y-la-crisis-economica\/","title":{"rendered":"\u00abMarcha y D\u00f3lar: La Lucha es una Sola. El Gobierno de Milei Entre la Represi\u00f3n y la Crisis Econ\u00f3mica\u00bb"},"content":{"rendered":"\n<p><strong>Mientras el d\u00f3lar se dispara y la inflaci\u00f3n golpea, el gobierno responde con amenazas y represi\u00f3n. \u00bfHacia d\u00f3nde va Argentina bajo la gesti\u00f3n de Milei?<\/strong><\/p>\n\n\n\n<p>En un contexto de incertidumbre econ\u00f3mica y social, el gobierno de Javier Milei enfrenta una doble crisis: la corrida cambiaria y la protesta masiva en las calles. El periodista Roberto Navarro, en su editorial, se\u00f1al\u00f3 que mientras el d\u00f3lar alcanza niveles r\u00e9cord, las medidas del Ejecutivo parecen m\u00e1s enfocadas en reprimir que en resolver. \u00bfEs este el camino hacia una \u00abArgentina normal\u00bb, o estamos ante un retroceso peligroso?<\/p>\n\n\n\n<p>El gobierno de Javier Milei parece haberse enredado en una telara\u00f1a de su propia creaci\u00f3n. Mientras el d\u00f3lar se dispara y la inflaci\u00f3n devora los salarios de los argentinos, la respuesta oficial no es la esperada: en lugar de pol\u00edticas econ\u00f3micas claras y efectivas, lo que vemos son amenazas, represi\u00f3n y un discurso que parece m\u00e1s enfocado en culpar a la ciudadan\u00eda que en resolver los problemas estructurales.<\/p>\n\n\n\n<p>El d\u00f3lar cripto ya supera los $1.300, y la corrida cambiaria no da tregua. Los supermercados ajustan sus precios al ritmo de la divisa, y los ahorristas corren desesperados a comprar d\u00f3lares para proteger sus magros ingresos. El ministro de Econom\u00eda, Luis Caputo, en lugar de tranquilizar a los mercados, genera m\u00e1s incertidumbre. Sus declaraciones ambiguas sobre el acuerdo con el Fondo Monetario Internacional (FMI) y el futuro del tipo de cambio solo alimentan el fuego. \u00bfIneptitud o estrategia? La pregunta queda flotando en el aire, mientras los argentinos pagan las consecuencias.<\/p>\n\n\n\n<figure class=\"wp-block-embed is-type-video is-provider-youtube wp-block-embed-youtube wp-embed-aspect-16-9 wp-has-aspect-ratio\"><div class=\"wp-block-embed__wrapper\">\n<iframe loading=\"lazy\" title=\"MARCHA Y D\u00d3LAR LA LUCHA ES UNA SOLA | Editorial de Roberto Navarro\" width=\"640\" height=\"360\" src=\"https:\/\/www.youtube.com\/embed\/kw69ZMgdEvU?feature=oembed\" frameborder=\"0\" allow=\"accelerometer; autoplay; clipboard-write; encrypted-media; gyroscope; picture-in-picture; web-share\" referrerpolicy=\"strict-origin-when-cross-origin\" allowfullscreen><\/iframe>\n<\/div><\/figure>\n\n\n\n<p>Pero no solo la econom\u00eda est\u00e1 en crisis. Las calles de Argentina se preparan para una marcha masiva, y el gobierno responde con un operativo de seguridad que recuerda a los peores tiempos de la dictadura. Inhibidores de se\u00f1al, controles exhaustivos en el transporte p\u00fablico y carteles amenazantes en las estaciones de tren son solo algunas de las medidas desplegadas para \u00abmantener el orden\u00bb. \u00bfOrden o miedo? La l\u00ednea parece difusa.<\/p>\n\n\n\n<p>Navarro, expres\u00f3 que el vocero presidencial, Manuel Adorni, no deja lugar a dudas: \u00abLas fuerzas de seguridad van a actuar\u00bb. Y aunque insiste en que solo se reprimir\u00e1 a los \u00abviolentos\u00bb, la ret\u00f3rica oficial parece dise\u00f1ada para intimidar. La pregunta es: \u00bfqui\u00e9nes son los violentos? \u00bfLos que salen a protestar por sus derechos, o los que desde el poder amenazan con reprimir cualquier disidencia?<\/p>\n\n\n\n<p>El gobierno de Milei parece empe\u00f1ado en convertir a Argentina en un pa\u00eds \u00abnormal\u00bb, pero su definici\u00f3n de normalidad resulta preocupante. Caputo, en una de sus declaraciones m\u00e1s pol\u00e9micas, compar\u00f3 al pa\u00eds con Per\u00fa, un modelo que, seg\u00fan \u00e9l, deber\u00edamos seguir. Sin embargo, lo que no menciona es que en Per\u00fa m\u00e1s de la mitad de la poblaci\u00f3n no tiene heladera, y el 70% de los trabajadores est\u00e1n en la informalidad. \u00bfEs ese el futuro que quiere para Argentina?<\/p>\n\n\n\n<p>La respuesta de la ciudadan\u00eda no se hizo esperar. Las organizaciones sociales, sindicatos, docentes y movimientos pol\u00edticos como La C\u00e1mpora ya est\u00e1n en las calles, defendiendo no solo sus derechos, sino tambi\u00e9n la historia de lucha que caracteriza a este pa\u00eds. Argentina no es Per\u00fa, y los argentinos no est\u00e1n dispuestos a aceptar un modelo que los condene a la pobreza y la exclusi\u00f3n.<\/p>\n\n\n\n<p>El gobierno, sin embargo, parece no entenderlo. En lugar de dialogar, opta por la represi\u00f3n. En lugar de buscar soluciones, genera m\u00e1s problemas. Y mientras el d\u00f3lar sigue subiendo y la inflaci\u00f3n no da tregua, la pregunta que queda es: \u00bfcu\u00e1nto m\u00e1s aguantar\u00e1 la sociedad argentina?<\/p>\n\n\n\n<p>La marcha de hoy no es solo una protesta; es un grito de dignidad. Un recordatorio de que, en Argentina, la lucha por la justicia y la igualdad no se negocia. Y aunque el gobierno intente reprimir, la historia nos ha ense\u00f1ado que, tarde o temprano, el pueblo siempre tiene la \u00faltima palabra.<\/p>\n\n\n\n<p>El gobierno de Milei enfrenta un desaf\u00edo may\u00fasculo: la econom\u00eda se desmorona, y la sociedad est\u00e1 harta. En lugar de respuestas, ofrece represi\u00f3n; en lugar de soluciones, amenazas. Pero Argentina no es un pa\u00eds que se rinda f\u00e1cilmente. La lucha por un futuro mejor sigue viva, y hoy, m\u00e1s que nunca, las calles son el escenario de esa batalla. \u00bfEstar\u00e1 el gobierno a la altura, o seguir\u00e1 cavando su propia tumba pol\u00edtica? El tiempo lo dir\u00e1, pero una cosa es clara: el pueblo argentino no se rendir\u00e1.<\/p>\n","protected":false},"excerpt":{"rendered":"<p>El gobierno de Milei enfrenta una doble crisis: el d\u00f3lar se dispara y las calles arden. Mientras la econom\u00eda colapsa, la respuesta oficial es represi\u00f3n y amenazas. \u00bfHacia d\u00f3nde va Argentina? La lucha por la dignidad sigue viva, y el pueblo no se rendir\u00e1.<\/p>\n","protected":false},"author":1,"featured_media":2620,"comment_status":"open","ping_status":"open","sticky":false,"template":"","format":"standard","meta":{"_monsterinsights_skip_tracking":false,"_monsterinsights_sitenote_active":false,"_monsterinsights_sitenote_note":"","_monsterinsights_sitenote_category":0,"footnotes":"","jetpack_publicize_message":"\ud83d\udea8 El d\u00f3lar se dispara, la inflaci\u00f3n golpea y el gobierno de Milei responde con represi\u00f3n y amenazas. \ud83d\uded1 Las calles arden de protestas, pero el pueblo no se rinde. \ud83d\udcaa \u00bfHacia d\u00f3nde va Argentina? La lucha por la dignidad sigue viva. \ud83d\udd25","jetpack_publicize_feature_enabled":true,"jetpack_social_post_already_shared":false,"jetpack_social_options":{"image_generator_settings":{"template":"highway","enabled":false},"version":2}},"categories":[2],"tags":[93,184,43,282,15,90,227,45,264,365],"class_list":["post-2619","post","type-post","status-publish","format-standard","has-post-thumbnail","hentry","category-politica","tag-argentina","tag-caputo","tag-crisis","tag-dolar","tag-economia","tag-fmi","tag-inflacion","tag-milei","tag-protestas","tag-represion"],"jetpack_publicize_connections":[],"_links":{"self":[{"href":"https:\/\/www.enorsai.com\/noticias\/wp-json\/wp\/v2\/posts\/2619","targetHints":{"allow":["GET"]}}],"collection":[{"href":"https:\/\/www.enorsai.com\/noticias\/wp-json\/wp\/v2\/posts"}],"about":[{"href":"https:\/\/www.enorsai.com\/noticias\/wp-json\/wp\/v2\/types\/post"}],"author":[{"embeddable":true,"href":"https:\/\/www.enorsai.com\/noticias\/wp-json\/wp\/v2\/users\/1"}],"replies":[{"embeddable":true,"href":"https:\/\/www.enorsai.com\/noticias\/wp-json\/wp\/v2\/comments?post=2619"}],"version-history":[{"count":1,"href":"https:\/\/www.enorsai.com\/noticias\/wp-json\/wp\/v2\/posts\/2619\/revisions"}],"predecessor-version":[{"id":2621,"href":"https:\/\/www.enorsai.com\/noticias\/wp-json\/wp\/v2\/posts\/2619\/revisions\/2621"}],"wp:featuredmedia":[{"embeddable":true,"href":"https:\/\/www.enorsai.com\/noticias\/wp-json\/wp\/v2\/media\/2620"}],"wp:attachment":[{"href":"https:\/\/www.enorsai.com\/noticias\/wp-json\/wp\/v2\/media?parent=2619"}],"wp:term":[{"taxonomy":"category","embeddable":true,"href":"https:\/\/www.enorsai.com\/noticias\/wp-json\/wp\/v2\/categories?post=2619"},{"taxonomy":"post_tag","embeddable":true,"href":"https:\/\/www.enorsai.com\/noticias\/wp-json\/wp\/v2\/tags?post=2619"}],"curies":[{"name":"wp","href":"https:\/\/api.w.org\/{rel}","templated":true}]}}