{"id":2601,"date":"2025-03-19T07:56:57","date_gmt":"2025-03-19T10:56:57","guid":{"rendered":"https:\/\/www.enorsai.com\/noticias\/?p=2601"},"modified":"2025-03-19T07:56:57","modified_gmt":"2025-03-19T10:56:57","slug":"un-juez-federal-ordeno-observar-presencialmente-el-accionar-policial-en-la-marcha-de-los-jubilados","status":"publish","type":"post","link":"https:\/\/www.enorsai.com\/noticias\/sociedad\/un-juez-federal-ordeno-observar-presencialmente-el-accionar-policial-en-la-marcha-de-los-jubilados\/","title":{"rendered":"Un juez federal orden\u00f3 observar presencialmente el accionar policial en la marcha de los jubilados"},"content":{"rendered":"\n<p><strong><em>As\u00ed lo resolvi\u00f3 tras el pedido de distintas organizaciones de suspender la resoluci\u00f3n 943\/23 de la ministra de Seguridad, Patricia Bullrich, que atenta contra la protesta social.<\/em><\/strong><\/p>\n\n\n\n<p>El juez federal Mart\u00edn Cormick estar\u00e1 presente en la marcha de los jubilados de este mi\u00e9rcoles en el Congreso para monitorear la aplicaci\u00f3n del protocolo antipiquete. As\u00ed lo resolvi\u00f3 tras el pedido de distintas organizaciones de suspender la resoluci\u00f3n 943\/23 de la ministra de Seguridad, Patricia Bullrich, que atenta contra la protesta social.<\/p>\n\n\n\n<p>Si bien desde el Juzgado Contencioso Administrativo Federal 11 rechaz\u00f3 la presentaci\u00f3n de Amnist\u00eda Internacional, el Centro de Estudios Legales y Sociales (Cels) y el Sindicato de Prensa de Buenos Aires (Sipreba), el juez estar\u00e1 en el lugar para incorporar de oficio toda prueba que sirva para resolver el planteo de inconstitucionalidad que hicieron las organizaciones.<\/p>\n\n\n\n<p>\u201cEl juez decidi\u00f3 hacer una observaci\u00f3n presencial de la protesta. Eso es un dato relevante porque genera garant\u00edas para quienes quieran manifestarse el mi\u00e9rcoles\u201d, expres\u00f3 la directora Ejecutiva del Cels, Paula Litvachsky, durante la conferencia de prensa en la que se present\u00f3 la pericia de Mapa de la Polic\u00eda, donde demuestran que el gendarme de apellido Guerrero dispar\u00f3 contra el fot\u00f3grafo Pablo Grillo, que se encuentra internado en grave estado.<\/p>\n\n\n\n<p>Tambi\u00e9n asegur\u00f3 que la resoluci\u00f3n del magistrado \u201cda la raz\u00f3n a quienes venimos planteando que el uso de ese protocolo y el operativo de seguridad tuvo por objetivo impedir la manifestaci\u00f3n\u201d.<\/p>\n\n\n\n<p>\u201cEl juez lo que dijo es que efectivamente de las im\u00e1genes, de los relatos, lo que hab\u00eda pasado el mi\u00e9rcoles pasado fue una actuaci\u00f3n policial contraria a los principios que garantizan el derecho a la protesta\u201d, a\u00f1adi\u00f3.<\/p>\n\n\n\n<p>Por Farco Noticias<\/p>\n\n\n\n<p><\/p>\n","protected":false},"excerpt":{"rendered":"<p>As\u00ed lo resolvi\u00f3 tras el pedido de distintas organizaciones de suspender la resoluci\u00f3n 943\/23 de la ministra de Seguridad, Patricia Bullrich, que atenta contra la protesta social. El juez federal Mart\u00edn Cormick estar\u00e1 presente en la marcha de los jubilados de este mi\u00e9rcoles en el Congreso para monitorear la aplicaci\u00f3n del protocolo antipiquete. As\u00ed lo&#8230;<\/p>\n","protected":false},"author":5,"featured_media":2602,"comment_status":"open","ping_status":"open","sticky":false,"template":"","format":"standard","meta":{"_monsterinsights_skip_tracking":false,"_monsterinsights_sitenote_active":false,"_monsterinsights_sitenote_note":"","_monsterinsights_sitenote_category":0,"footnotes":"","jetpack_publicize_message":"","jetpack_publicize_feature_enabled":true,"jetpack_social_post_already_shared":true,"jetpack_social_options":{"image_generator_settings":{"template":"highway","default_image_id":0,"font":"","enabled":false},"version":2}},"categories":[4],"tags":[58,43,509,365],"class_list":["post-2601","post","type-post","status-publish","format-standard","has-post-thumbnail","hentry","category-sociedad","tag-ajuste","tag-crisis","tag-jubilados","tag-represion"],"jetpack_publicize_connections":[],"_links":{"self":[{"href":"https:\/\/www.enorsai.com\/noticias\/wp-json\/wp\/v2\/posts\/2601","targetHints":{"allow":["GET"]}}],"collection":[{"href":"https:\/\/www.enorsai.com\/noticias\/wp-json\/wp\/v2\/posts"}],"about":[{"href":"https:\/\/www.enorsai.com\/noticias\/wp-json\/wp\/v2\/types\/post"}],"author":[{"embeddable":true,"href":"https:\/\/www.enorsai.com\/noticias\/wp-json\/wp\/v2\/users\/5"}],"replies":[{"embeddable":true,"href":"https:\/\/www.enorsai.com\/noticias\/wp-json\/wp\/v2\/comments?post=2601"}],"version-history":[{"count":1,"href":"https:\/\/www.enorsai.com\/noticias\/wp-json\/wp\/v2\/posts\/2601\/revisions"}],"predecessor-version":[{"id":2603,"href":"https:\/\/www.enorsai.com\/noticias\/wp-json\/wp\/v2\/posts\/2601\/revisions\/2603"}],"wp:featuredmedia":[{"embeddable":true,"href":"https:\/\/www.enorsai.com\/noticias\/wp-json\/wp\/v2\/media\/2602"}],"wp:attachment":[{"href":"https:\/\/www.enorsai.com\/noticias\/wp-json\/wp\/v2\/media?parent=2601"}],"wp:term":[{"taxonomy":"category","embeddable":true,"href":"https:\/\/www.enorsai.com\/noticias\/wp-json\/wp\/v2\/categories?post=2601"},{"taxonomy":"post_tag","embeddable":true,"href":"https:\/\/www.enorsai.com\/noticias\/wp-json\/wp\/v2\/tags?post=2601"}],"curies":[{"name":"wp","href":"https:\/\/api.w.org\/{rel}","templated":true}]}}