{"id":2567,"date":"2025-03-18T06:09:58","date_gmt":"2025-03-18T09:09:58","guid":{"rendered":"http:\/\/www.enorsai.com\/noticias\/?p=2567"},"modified":"2025-03-18T06:09:58","modified_gmt":"2025-03-18T09:09:58","slug":"cuando-la-represion-tiene-nombre-y-apellido-identificaron-al-gendarme-que-disparo-contra-pablo-grillo","status":"publish","type":"post","link":"https:\/\/www.enorsai.com\/noticias\/politica\/cuando-la-represion-tiene-nombre-y-apellido-identificaron-al-gendarme-que-disparo-contra-pablo-grillo\/","title":{"rendered":"Cuando la represi\u00f3n tiene nombre y apellido: Identificaron al gendarme que dispar\u00f3 contra Pablo Grillo"},"content":{"rendered":"\n<p><strong><em>El cabo primero Guerrero, de la Secci\u00f3n de Empleo Inmediato de la Gendarmer\u00eda, fue identificado como el responsable del disparo de gas lacrim\u00f3geno que dej\u00f3 en estado cr\u00edtico al fot\u00f3grafo. Im\u00e1genes y testimonios confirman el uso letal de la fuerza, avalado por el Ministerio de Seguridad. Un operativo represivo sin control, efectivos disparando a discreci\u00f3n y un gobierno que alienta la brutalidad policial. La identificaci\u00f3n del gendarme Guerrero solo confirma lo que era evidente: el ataque contra manifestantes no fue un error, sino una pol\u00edtica de Estado.<\/em><\/strong><\/p>\n\n\n\n<p>La represi\u00f3n del gobierno de Javier Milei sigue dejando marcas imborrables. Esta vez, la identificaci\u00f3n del cabo primero Guerrero, legajo 103.208 de la Gendarmer\u00eda Nacional Argentina (GNA), como el efectivo que dispar\u00f3 el proyectil de gas lacrim\u00f3geno que hiri\u00f3 de gravedad al fot\u00f3grafo Pablo Grillo, desnuda el nivel de violencia institucional avalada por el Ministerio de Seguridad. No se trat\u00f3 de un exceso aislado, sino de un accionar sistem\u00e1tico donde las fuerzas de seguridad se sienten impunes para disparar a discreci\u00f3n contra la poblaci\u00f3n civil.<\/p>\n\n\n\n<p>La identificaci\u00f3n de Guerrero fue posible gracias a un trabajo minucioso del colectivo Mapa de la Polic\u00eda, que cruz\u00f3 registros audiovisuales, testimonios y pericias t\u00e9cnicas para determinar la responsabilidad del efectivo. La evidencia es contundente: el disparo ocurri\u00f3 a las 17:18:05, dirigido en l\u00ednea recta y sin rebotes intermedios. Se trata de una acci\u00f3n letal, prohibida por los manuales de las propias fuerzas de seguridad.<\/p>\n\n\n\n<p>La brutalidad de la represi\u00f3n no puede desligarse de la pol\u00edtica de Patricia Bullrich, quien comand\u00f3 el operativo desde el Comando Unificado instalado en el propio Ministerio de Seguridad. Con el cinismo que la caracteriza, Bullrich intent\u00f3 relativizar los hechos y sembrar dudas sobre la trayectoria del disparo, pero los videos la desmienten: el proyectil sali\u00f3 en l\u00ednea recta, con el \u00fanico objetivo de causar da\u00f1o.<\/p>\n\n\n\n<figure class=\"wp-block-embed is-type-wp-embed is-provider-incrustado wp-block-embed-incrustado\"><div class=\"wp-block-embed__wrapper\">\n<blockquote class=\"wp-embedded-content\" data-secret=\"oStDUDRcz7\"><a href=\"https:\/\/www.enorsai.com\/noticias\/politica\/y-la-democracia-el-poder-ejecutivo-persigue-a-la-jueza-que-ordeno-liberar-a-los-detenidos\/\">\u00bfY la democracia? El poder ejecutivo persigue a la jueza que orden\u00f3 liberar a los detenidos<\/a><\/blockquote><iframe loading=\"lazy\" class=\"wp-embedded-content\" sandbox=\"allow-scripts\" security=\"restricted\" style=\"position: absolute; visibility: hidden;\" title=\"\u00ab\u00bfY la democracia? El poder ejecutivo persigue a la jueza que orden\u00f3 liberar a los detenidos\u00bb \u2014 \" src=\"https:\/\/www.enorsai.com\/noticias\/politica\/y-la-democracia-el-poder-ejecutivo-persigue-a-la-jueza-que-ordeno-liberar-a-los-detenidos\/embed\/#?secret=tAMJMU9kOu#?secret=oStDUDRcz7\" data-secret=\"oStDUDRcz7\" width=\"600\" height=\"338\" frameborder=\"0\" marginwidth=\"0\" marginheight=\"0\" scrolling=\"no\"><\/iframe>\n<\/div><\/figure>\n\n\n\n<p>La identificaci\u00f3n del gendarme Guerrero no es un dato menor. Pertenece a la Secci\u00f3n de Empleo Inmediato (SEI), una unidad de elite encargada de actuar en manifestaciones, cuyos integrantes reciben entrenamiento especial para el uso de armamento antidisturbios. Por protocolo, las pistolas lanzagases est\u00e1n en manos de efectivos con experiencia, lo que confirma que Guerrero sab\u00eda exactamente lo que hac\u00eda al disparar en l\u00ednea recta.<\/p>\n\n\n\n<p>El informe tambi\u00e9n revela un dato escalofriante: no solo Guerrero dispar\u00f3 de manera letal, sino que otros gendarmes y polic\u00edas federales hicieron lo mismo. Im\u00e1genes desde diferentes \u00e1ngulos muestran a efectivos lanzando gases lacrim\u00f3genos de manera horizontal, violando todos los protocolos de seguridad.<\/p>\n\n\n\n<p>En gobiernos anteriores, un accionar de este tipo hubiera significado la expulsi\u00f3n inmediata del responsable. Hoy, bajo el paraguas de Bullrich, los represores se sienten impunes, envalentonados por una ministra que los alienta a \u00abcazar zurdos\u00bb y \u00abrestablecer el orden\u00bb a fuerza de golpes y balas de goma.<\/p>\n\n\n\n<p>No es casualidad que la represi\u00f3n del gobierno de Milei tenga estas caracter\u00edsticas. Desde su asunci\u00f3n, el discurso oficial se ha centrado en la estigmatizaci\u00f3n de la protesta social y la glorificaci\u00f3n de la mano dura. La identificaci\u00f3n de Guerrero solo confirma que la violencia es una pol\u00edtica de Estado.<\/p>\n\n\n\n<p>Detr\u00e1s de cada operativo hay nombres y responsables. El director de la Gendarmer\u00eda, Claudio Brilloni, estuvo en el lugar de los hechos mientras sus subordinados disparaban contra manifestantes. Tambi\u00e9n lo estaba el comisario inspector Gerardo Perillo, habitual ejecutor de la represi\u00f3n contra movilizaciones sociales. Ambos deber\u00edan estar imputados por tentativa de homicidio.<\/p>\n\n\n\n<p>Las consecuencias del descontrol policial quedaron expuestas cuando un efectivo de la Polic\u00eda de la Ciudad termin\u00f3 internado por un disparo de otro polic\u00eda. En la confusi\u00f3n del operativo, los propios uniformados resultaron v\u00edctimas de la violencia que ellos mismos desataron.<\/p>\n\n\n\n<div class=\"wp-block-jetpack-related-posts\">\n<h2 class=\"wp-block-heading\"><\/h2>\n<\/div>\n\n\n\n<p>La situaci\u00f3n de Pablo Grillo es cr\u00edtica. Su estado de salud es consecuencia directa de una estrategia represiva que prioriza el uso indiscriminado de la fuerza sobre cualquier consideraci\u00f3n legal o humanitaria. La pregunta que sigue en el aire es si la justicia actuar\u00e1 con la misma dureza que Bullrich exige contra los manifestantes o si, como tantas otras veces, la impunidad ser\u00e1 la regla.<\/p>\n\n\n\n<p>En un pa\u00eds donde la protesta social se criminaliza y la violencia estatal se celebra, el caso de Grillo es una advertencia de lo que vendr\u00e1. La represi\u00f3n tiene nombre y apellido, y la responsabilidad pol\u00edtica tambi\u00e9n. Si nadie frena este avance autoritario, el pr\u00f3ximo disparo podr\u00eda alcanzar a cualquiera.<\/p>\n\n\n\n<p>Fuente:<\/p>\n\n\n\n<ul class=\"wp-block-list\">\n<li><a href=\"https:\/\/www.pagina12.com.ar\/811473-gendarmes-y-policias-con-licencia-para-matar\">https:\/\/www.pagina12.com.ar\/811473-gendarmes-y-policias-con-licencia-para-matar<\/a><\/li>\n<\/ul>\n\n\n\n<p><\/p>\n","protected":false},"excerpt":{"rendered":"<p>La represi\u00f3n del gobierno de Javier Milei qued\u00f3 al desnudo con la identificaci\u00f3n del gendarme que dispar\u00f3 contra Pablo Grillo. El cabo primero Guerrero, de la Secci\u00f3n de Empleo Inmediato, utiliz\u00f3 una t\u00e1ctica letal prohibida. El Ministerio de Seguridad avala este accionar, consolidando la impunidad y la violencia estatal.<\/p>\n","protected":false},"author":12,"featured_media":2568,"comment_status":"open","ping_status":"open","sticky":false,"template":"","format":"standard","meta":{"_monsterinsights_skip_tracking":false,"_monsterinsights_sitenote_active":false,"_monsterinsights_sitenote_note":"","_monsterinsights_sitenote_category":0,"footnotes":"","jetpack_publicize_message":"\ud83d\udce2 La represi\u00f3n tiene nombre y apellido: el cabo primero Guerrero fue identificado como el gendarme que dispar\u00f3 contra Pablo Grillo \ud83c\udfa5. Su accionar, prohibido por protocolos, fue avalado por el Ministerio de Seguridad. La impunidad y la violencia son pol\u00edtica de Estado \ud83d\udca5\ud83d\udea8","jetpack_publicize_feature_enabled":true,"jetpack_social_post_already_shared":false,"jetpack_social_options":{"image_generator_settings":{"template":"highway","enabled":false},"version":2}},"categories":[2],"tags":[262,261,98,70,913,45,371,365,86,711],"class_list":["post-2567","post","type-post","status-publish","format-standard","has-post-thumbnail","hentry","category-politica","tag-bullrich","tag-gendarmeria","tag-impunidad","tag-justicia","tag-manifestacion","tag-milei","tag-protesta","tag-represion","tag-seguridad","tag-violencia"],"jetpack_publicize_connections":[],"_links":{"self":[{"href":"https:\/\/www.enorsai.com\/noticias\/wp-json\/wp\/v2\/posts\/2567","targetHints":{"allow":["GET"]}}],"collection":[{"href":"https:\/\/www.enorsai.com\/noticias\/wp-json\/wp\/v2\/posts"}],"about":[{"href":"https:\/\/www.enorsai.com\/noticias\/wp-json\/wp\/v2\/types\/post"}],"author":[{"embeddable":true,"href":"https:\/\/www.enorsai.com\/noticias\/wp-json\/wp\/v2\/users\/12"}],"replies":[{"embeddable":true,"href":"https:\/\/www.enorsai.com\/noticias\/wp-json\/wp\/v2\/comments?post=2567"}],"version-history":[{"count":1,"href":"https:\/\/www.enorsai.com\/noticias\/wp-json\/wp\/v2\/posts\/2567\/revisions"}],"predecessor-version":[{"id":2569,"href":"https:\/\/www.enorsai.com\/noticias\/wp-json\/wp\/v2\/posts\/2567\/revisions\/2569"}],"wp:featuredmedia":[{"embeddable":true,"href":"https:\/\/www.enorsai.com\/noticias\/wp-json\/wp\/v2\/media\/2568"}],"wp:attachment":[{"href":"https:\/\/www.enorsai.com\/noticias\/wp-json\/wp\/v2\/media?parent=2567"}],"wp:term":[{"taxonomy":"category","embeddable":true,"href":"https:\/\/www.enorsai.com\/noticias\/wp-json\/wp\/v2\/categories?post=2567"},{"taxonomy":"post_tag","embeddable":true,"href":"https:\/\/www.enorsai.com\/noticias\/wp-json\/wp\/v2\/tags?post=2567"}],"curies":[{"name":"wp","href":"https:\/\/api.w.org\/{rel}","templated":true}]}}