{"id":2559,"date":"2025-03-18T05:31:04","date_gmt":"2025-03-18T08:31:04","guid":{"rendered":"http:\/\/www.enorsai.com\/noticias\/?p=2559"},"modified":"2025-03-18T05:31:04","modified_gmt":"2025-03-18T08:31:04","slug":"la-caida-de-reservas-el-banco-central-dilapido-usd-700-millones-y-el-riesgo-cambiario-se-vuelve-incontrolable","status":"publish","type":"post","link":"https:\/\/www.enorsai.com\/noticias\/economia\/la-caida-de-reservas-el-banco-central-dilapido-usd-700-millones-y-el-riesgo-cambiario-se-vuelve-incontrolable\/","title":{"rendered":"La ca\u00edda de reservas: El Banco Central dilapid\u00f3 USD 700 millones y el riesgo cambiario se vuelve incontrolable"},"content":{"rendered":"\n<p><strong><em>En una nueva se\u00f1al de inestabilidad, las reservas brutas cayeron USD 700 millones, exponiendo la fragilidad del plan econ\u00f3mico del gobierno de Javier Milei. Con la incertidumbre cambiaria en ascenso, los inversores desconf\u00edan de la capacidad oficial para estabilizar la econom\u00eda y buscan refugio en el d\u00f3lar. La presi\u00f3n sobre el tipo de cambio y la falta de confianza en el acuerdo con el FMI agravan el cuadro de crisis latente.<\/em><\/strong><\/p>\n\n\n\n<p>El modelo econ\u00f3mico de Javier Milei comienza a mostrar signos evidentes de agotamiento. La p\u00e9rdida de USD 700 millones en reservas en apenas unas jornadas desnuda la precariedad de una pol\u00edtica que promet\u00eda orden pero est\u00e1 conduciendo al pa\u00eds a un abismo cambiario. La situaci\u00f3n se agrav\u00f3 con una venta neta de USD 474 millones en el mercado oficial, reflejando el drenaje imparable de divisas y la creciente demanda de d\u00f3lares por parte de los inversores que ya no creen en la sostenibilidad del plan del gobierno.<\/p>\n\n\n\n<p>El economista Gabriel Caama\u00f1o fue tajante al respecto: \u00abLo m\u00e1s relevante es la ca\u00edda de las reservas brutas. Ah\u00ed impactan las ventas del viernes, y tiene que haber habido ca\u00edda de encajes. A mitad de mes, es dif\u00edcil no asignarla a una baja de dep\u00f3sitos en d\u00f3lares y algo de costo de intervenci\u00f3n en CCL y MEP\u00bb. En otras palabras, el esquema de Milei no logra evitar el desplome de los activos en moneda extranjera, mientras la desconfianza se expande entre los operadores financieros.<\/p>\n\n\n\n<figure class=\"wp-block-embed is-type-wp-embed is-provider-incrustado wp-block-embed-incrustado\"><div class=\"wp-block-embed__wrapper\">\n<blockquote class=\"wp-embedded-content\" data-secret=\"CLhi4mfn6j\"><a href=\"https:\/\/www.enorsai.com\/noticias\/opinion\/navarro-se-acabo-el-ajuste-con-paz-social-la-violencia-como-nuevo-pacto-de-gobernabilidad\/\">Navarro: \u00abSe acab\u00f3 el ajuste con paz social, la violencia como nuevo pacto de gobernabilidad<\/a><\/blockquote><iframe loading=\"lazy\" class=\"wp-embedded-content\" sandbox=\"allow-scripts\" security=\"restricted\" style=\"position: absolute; visibility: hidden;\" title=\"\u00abNavarro: \u00abSe acab\u00f3 el ajuste con paz social, la violencia como nuevo pacto de gobernabilidad\u00bb \u2014 \" src=\"https:\/\/www.enorsai.com\/noticias\/opinion\/navarro-se-acabo-el-ajuste-con-paz-social-la-violencia-como-nuevo-pacto-de-gobernabilidad\/embed\/#?secret=XDfmq2Ucjc#?secret=CLhi4mfn6j\" data-secret=\"CLhi4mfn6j\" width=\"600\" height=\"338\" frameborder=\"0\" marginwidth=\"0\" marginheight=\"0\" scrolling=\"no\"><\/iframe>\n<\/div><\/figure>\n\n\n\n<p>El plan de ajuste extremo impulsado por el gobierno ha generado una contracci\u00f3n brutal en la econom\u00eda, pero no ha logrado contener la presi\u00f3n cambiaria ni consolidar la confianza de los mercados. En este contexto, la negociaci\u00f3n con el Fondo Monetario Internacional se convierte en una carrera contra reloj. Mientras desde el oficialismo intentan transmitir calma, en Wall Street y en los c\u00edrculos financieros internacionales la preocupaci\u00f3n es evidente.<\/p>\n\n\n\n<p>\u00abRiesgo al rojo vivo. Los inversores piden un plus para quedarse en activos argentinos\u00bb, advierte una fuente del sector financiero. \u00abLas luces rojas se encendieron cuando el mercado desconfi\u00f3 del timing de los desembolsos del FMI. Los activos en d\u00f3lares volaron y la plaza cambiaria no vislumbra una sobreoferta de d\u00f3lares. Esto que ocurre sirve como una suerte de simulaci\u00f3n a lo que ocurrir\u00eda si hoy se levantara el cepo\u00bb. Dicho en t\u00e9rminos simples, la econom\u00eda argentina est\u00e1 sometida a un test de resistencia y, por el momento, lo est\u00e1 perdiendo.<\/p>\n\n\n\n<p>El d\u00f3lar blue reaccion\u00f3 con fuerza a esta incertidumbre y cerr\u00f3 en $1.255, marcando un incremento de $15 en solo una jornada. Mientras tanto, el MEP y el contado con liquidaci\u00f3n (CCL) treparon a $1.254 y $1.255 respectivamente. El mercado de futuros tambi\u00e9n refleja el descontento: los contratos de d\u00f3lar hasta agosto de 2025 descuentan una devaluaci\u00f3n superior al 2% mensual. El giro dolarizador es imparable, reflejando que los tenedores de Bopreal prefieren deshacerse de sus t\u00edtulos en lugar de seguir apostando por la estabilidad del gobierno libertario.<\/p>\n\n\n\n<figure class=\"wp-block-embed is-type-wp-embed is-provider-incrustado wp-block-embed-incrustado\"><div class=\"wp-block-embed__wrapper\">\n<blockquote class=\"wp-embedded-content\" data-secret=\"Ioh5M4sn92\"><a href=\"https:\/\/www.enorsai.com\/noticias\/opinion\/desquiciada-victor-hugo-cruzo-a-bullrich-por-el-papelon-y-la-caceria-represiva\/\">\u00abDesquiciada\u00bb: V\u00edctor Hugo cruz\u00f3 a Bullrich por el papel\u00f3n y la cacer\u00eda represiva\u00a0<\/a><\/blockquote><iframe loading=\"lazy\" class=\"wp-embedded-content\" sandbox=\"allow-scripts\" security=\"restricted\" style=\"position: absolute; visibility: hidden;\" title=\"\u00ab\u00abDesquiciada\u00bb: V\u00edctor Hugo cruz\u00f3 a Bullrich por el papel\u00f3n y la cacer\u00eda represiva\u00a0\u00bb \u2014 \" src=\"https:\/\/www.enorsai.com\/noticias\/opinion\/desquiciada-victor-hugo-cruzo-a-bullrich-por-el-papelon-y-la-caceria-represiva\/embed\/#?secret=5Z8HoDFKIl#?secret=Ioh5M4sn92\" data-secret=\"Ioh5M4sn92\" width=\"600\" height=\"338\" frameborder=\"0\" marginwidth=\"0\" marginheight=\"0\" scrolling=\"no\"><\/iframe>\n<\/div><\/figure>\n\n\n\n<p>El paquete de asistencia del FMI, que el gobierno presenta como una tabla de salvaci\u00f3n, es visto con escepticismo por los analistas financieros. La consultora estadounidense TCW, especializada en mercados emergentes, advirti\u00f3 que \u00abel programa con el FMI ya est\u00e1 descontado\u00bb y que \u00ablos inversores no ven el pr\u00f3ximo catalizador positivo\u00bb. En otras palabras, ni siquiera los d\u00f3lares que podr\u00edan ingresar desde Washington calman la sed del mercado, que sigue buscando refugio en moneda dura ante el temor de una crisis mayor.<\/p>\n\n\n\n<p>Desde Wall Street, las expectativas son cada vez m\u00e1s pesimistas: \u00abSe descuenta una generosa asistencia del FMI. Sin embargo, eso no bastar\u00eda para despegar. Podr\u00eda ser algo similar al &#8216;Blindaje&#8217; de De la R\u00faa, con participaci\u00f3n del BID, el Banco Mundial y la CAF\u00bb, se\u00f1ala otra fuente. La referencia a la crisis del 2001 no es casual: la Argentina ya conoce de memoria las consecuencias de financiar su estabilidad con endeudamiento externo sin respaldo productivo.<\/p>\n\n\n\n<p>La posibilidad de que otros organismos multilaterales intervengan en la crisis tambi\u00e9n est\u00e1 en el aire, pero con un serio inconveniente: el BID y la Corporaci\u00f3n Andina de Fomento (CAF) no ofrecen financiamiento de libre disponibilidad, sino que entregan cr\u00e9ditos con asignaci\u00f3n espec\u00edfica. \u00abSi le dan fondos a la Argentina para intervenir el precio del d\u00f3lar, atentan contra la naturaleza de esos propios organismos, que en teor\u00eda financian el desarrollo\u00bb, explican desde el mercado. Esto significa que, a\u00fan en el improbable caso de que se consigan d\u00f3lares frescos por esta v\u00eda, no podr\u00edan utilizarse para frenar la corrida cambiaria.<\/p>\n\n\n\n<p>El gobierno de Milei enfrenta una tormenta perfecta: un mercado que ya no le cree, un FMI que exige resultados concretos y una poblaci\u00f3n que sigue sufriendo el ajuste. La ca\u00edda de reservas es solo un s\u00edntoma m\u00e1s de un modelo econ\u00f3mico que est\u00e1 dejando de sostenerse sobre sus propios pilares. La falta de d\u00f3lares, el desarme de la deuda en pesos y la creciente presi\u00f3n sobre el tipo de cambio empujan al pa\u00eds a una situaci\u00f3n de extrema fragilidad.<\/p>\n\n\n\n<p>Mientras tanto, el discurso oficial sigue apelando a la ret\u00f3rica del \u00abcambio\u00bb y la \u00ablibertad\u00bb econ\u00f3mica, pero los hechos muestran una realidad muy diferente. La Argentina de Milei no est\u00e1 encaminada hacia la estabilidad, sino hacia una nueva crisis de confianza que amenaza con repetir los errores del pasado. Con cada d\u00eda que pasa, la promesa de orden se diluye, y el mercado ya lo sabe: la paciencia se acab\u00f3, y la cuenta regresiva para el estallido ya comenz\u00f3.<\/p>\n\n\n\n<p>Fuente:<\/p>\n\n\n\n<ul class=\"wp-block-list\">\n<li><a href=\"https:\/\/www.lapoliticaonline.com\/economia\/las-reservas-cayeron-usd-700-millones-y-se-agudiza-el-riesgo-cambiario\/\">https:\/\/www.lapoliticaonline.com\/economia\/las-reservas-cayeron-usd-700-millones-y-se-agudiza-el-riesgo-cambiario\/<\/a><\/li>\n<\/ul>\n\n\n\n<p><\/p>\n","protected":false},"excerpt":{"rendered":"<p>Las reservas del Banco Central cayeron USD 700 millones en solo unos d\u00edas, reflejando la crisis financiera que el gobierno de Javier Milei no logra contener. El mercado desconf\u00eda del plan con el FMI y la fuga de capitales se acelera, agravando el riesgo cambiario y la incertidumbre econ\u00f3mica.<\/p>\n","protected":false},"author":9,"featured_media":2560,"comment_status":"open","ping_status":"open","sticky":false,"template":"","format":"standard","meta":{"_monsterinsights_skip_tracking":false,"_monsterinsights_sitenote_active":false,"_monsterinsights_sitenote_note":"","_monsterinsights_sitenote_category":0,"footnotes":"","jetpack_publicize_message":"\ud83d\udcc9 Argentina se hunde en la crisis: las reservas del Banco Central cayeron USD 700 millones y el mercado ya no conf\u00eda en el plan de Milei. La fuga de d\u00f3lares se acelera y el FMI no alcanza para frenar el desastre. \ud83d\udea8\ud83d\udcb0","jetpack_publicize_feature_enabled":true,"jetpack_social_post_already_shared":false,"jetpack_social_options":{"image_generator_settings":{"template":"highway","enabled":false},"version":2}},"categories":[3],"tags":[43,147,282,15,90,918,227,790,45,66],"class_list":["post-2559","post","type-post","status-publish","format-standard","has-post-thumbnail","hentry","category-economia","tag-crisis","tag-devaluacion","tag-dolar","tag-economia","tag-fmi","tag-incertidumbre","tag-inflacion","tag-mercado","tag-milei","tag-reservas"],"jetpack_publicize_connections":[],"_links":{"self":[{"href":"https:\/\/www.enorsai.com\/noticias\/wp-json\/wp\/v2\/posts\/2559","targetHints":{"allow":["GET"]}}],"collection":[{"href":"https:\/\/www.enorsai.com\/noticias\/wp-json\/wp\/v2\/posts"}],"about":[{"href":"https:\/\/www.enorsai.com\/noticias\/wp-json\/wp\/v2\/types\/post"}],"author":[{"embeddable":true,"href":"https:\/\/www.enorsai.com\/noticias\/wp-json\/wp\/v2\/users\/9"}],"replies":[{"embeddable":true,"href":"https:\/\/www.enorsai.com\/noticias\/wp-json\/wp\/v2\/comments?post=2559"}],"version-history":[{"count":1,"href":"https:\/\/www.enorsai.com\/noticias\/wp-json\/wp\/v2\/posts\/2559\/revisions"}],"predecessor-version":[{"id":2561,"href":"https:\/\/www.enorsai.com\/noticias\/wp-json\/wp\/v2\/posts\/2559\/revisions\/2561"}],"wp:featuredmedia":[{"embeddable":true,"href":"https:\/\/www.enorsai.com\/noticias\/wp-json\/wp\/v2\/media\/2560"}],"wp:attachment":[{"href":"https:\/\/www.enorsai.com\/noticias\/wp-json\/wp\/v2\/media?parent=2559"}],"wp:term":[{"taxonomy":"category","embeddable":true,"href":"https:\/\/www.enorsai.com\/noticias\/wp-json\/wp\/v2\/categories?post=2559"},{"taxonomy":"post_tag","embeddable":true,"href":"https:\/\/www.enorsai.com\/noticias\/wp-json\/wp\/v2\/tags?post=2559"}],"curies":[{"name":"wp","href":"https:\/\/api.w.org\/{rel}","templated":true}]}}