{"id":2555,"date":"2025-03-17T16:34:02","date_gmt":"2025-03-17T19:34:02","guid":{"rendered":"https:\/\/www.enorsai.com\/noticias\/?p=2555"},"modified":"2025-03-17T16:34:27","modified_gmt":"2025-03-17T19:34:27","slug":"la-hipocresia-de-milei-120-000-millones-para-comprar-la-lealtad-politica-del-gobernador-de-chaco-leandro-zdero","status":"publish","type":"post","link":"https:\/\/www.enorsai.com\/noticias\/politica\/la-hipocresia-de-milei-120-000-millones-para-comprar-la-lealtad-politica-del-gobernador-de-chaco-leandro-zdero\/","title":{"rendered":"La hipocres\u00eda de Milei: $120.000 millones para comprar la lealtad pol\u00edtica del gobernador de Chaco, Leandro Zdero"},"content":{"rendered":"\n<p><strong><em>El presidente, que pregona la austeridad y critica el gasto p\u00fablico, transfiere una millonaria suma al gobernador radical de Chaco tras sellar una alianza electoral. La reciente transferencia de $120.000 millones del gobierno de Javier Milei al gobernador de Chaco, Leandro Zdero, evidencia una contradicci\u00f3n flagrante entre el discurso de austeridad del presidente y sus acciones pol\u00edticas. Esta maniobra, que busca consolidar alianzas electorales, pone en tela de juicio la coherencia y \u00e9tica del actual gobierno.<\/em><\/strong><\/p>\n\n\n\n<p>En un acto que desnuda la incoherencia entre discurso y acci\u00f3n, el presidente Javier Milei, conocido por su ret\u00f3rica incendiaria contra el gasto p\u00fablico y la \u00abcasta pol\u00edtica\u00bb, ha autorizado la transferencia de $120.000 millones al gobernador radical de Chaco, Leandro Zdero. Esta decisi\u00f3n, oficializada a trav\u00e9s del decreto 190\/2025 publicado recientemente en el Bolet\u00edn Oficial, se produce apenas d\u00edas despu\u00e9s de que Zdero sellara una alianza electoral con el partido oficialista, La Libertad Avanza, de cara a las elecciones legislativas del 11 de mayo.<\/p>\n\n\n\n<p>La provincia de Chaco atraviesa una crisis econ\u00f3mica profunda, con dificultades para cumplir con sus compromisos presupuestarios y de amortizaci\u00f3n de deudas. La dependencia de la coparticipaci\u00f3n federal es tal que, sin estos fondos, la provincia no podr\u00eda cubrir ni siquiera los salarios de la administraci\u00f3n p\u00fablica. En este contexto, la transferencia millonaria aparece como una tabla de salvaci\u00f3n para Zdero, quien, acorralado por la falta de recursos, no dud\u00f3 en alinearse con Milei para asegurar la supervivencia financiera de su gesti\u00f3n. <\/p>\n\n\n\n<p>Sin embargo, esta maniobra pol\u00edtica revela una contradicci\u00f3n flagrante en la narrativa del presidente. Milei ha construido su imagen p\u00fablica sobre la base de una cr\u00edtica feroz al gasto p\u00fablico desmedido y a las pr\u00e1cticas de la \u00abvieja pol\u00edtica\u00bb. No obstante, al utilizar fondos p\u00fablicos para asegurar lealtades pol\u00edticas y consolidar alianzas electorales, incurre en las mismas pr\u00e1cticas que tanto ha denostado. Esta transferencia de fondos no solo contradice su discurso de austeridad, sino que tambi\u00e9n plantea serios interrogantes sobre la \u00e9tica y transparencia de su administraci\u00f3n.<\/p>\n\n\n\n<p>La rapidez con la que se concret\u00f3 la transferencia es otro aspecto que genera suspicacias. Menos de una semana despu\u00e9s de oficializarse la alianza entre Zdero y La Libertad Avanza, los fondos ya estaban en las arcas chaque\u00f1as. Esta celeridad contrasta con la lentitud habitual de la burocracia estatal y sugiere una motivaci\u00f3n pol\u00edtica detr\u00e1s de la decisi\u00f3n. Adem\u00e1s, el hecho de que el gobernador Zdero haya adelantado las elecciones provinciales para el 11 de mayo, buscando capitalizar su imagen antes de que la crisis econ\u00f3mica profundice su desgaste, a\u00f1ade una capa adicional de oportunismo pol\u00edtico a la ecuaci\u00f3n. \ue200cite\ue202turn0search0\ue201<\/p>\n\n\n\n<p>La situaci\u00f3n se agrava al considerar las acciones recientes de Zdero en el \u00e1mbito nacional. El mes pasado, el gobernador forz\u00f3 la renuncia de su ministro de Producci\u00f3n, V\u00edctor Zimmerman, para que este retomara su banca en el Senado y votara en contra de la comisi\u00f3n investigadora por el \u00abcriptogate\u00bb, un esc\u00e1ndalo que podr\u00eda haber puesto en aprietos a Milei. Esta movida evidencia la disposici\u00f3n de Zdero para sacrificar la estabilidad de su gabinete en pos de alinearse con los intereses del presidente, lo que a su vez refleja la presi\u00f3n pol\u00edtica y econ\u00f3mica que enfrenta su administraci\u00f3n.<\/p>\n\n\n\n<p>La dependencia econ\u00f3mica de Chaco respecto de la Naci\u00f3n es un problema estructural que trasciende gestiones y partidos pol\u00edticos. Sin embargo, utilizar esta vulnerabilidad para tejer alianzas pol\u00edticas y asegurar lealtades es una pr\u00e1ctica que socava la integridad del sistema democr\u00e1tico. La transferencia de fondos condicionada a alineamientos pol\u00edticos es una forma de coerci\u00f3n que perpet\u00faa la dependencia y limita la autonom\u00eda provincial.<\/p>\n\n\n\n<p>Adem\u00e1s, esta situaci\u00f3n sienta un precedente peligroso para el federalismo argentino. Si las provincias entienden que la lealtad pol\u00edtica al gobierno central es la llave para acceder a recursos indispensables, se erosiona la esencia del federalismo y se fomenta un unitarismo de facto. Las provincias deber\u00edan recibir los fondos que les corresponden por derecho, no como recompensa por su alineamiento pol\u00edtico.<\/p>\n\n\n\n<p>La oposici\u00f3n y diversos sectores de la sociedad civil han expresado su preocupaci\u00f3n por esta maniobra. Se\u00f1alan que, mientras Milei predica la reducci\u00f3n del gasto p\u00fablico y la eliminaci\u00f3n de privilegios, en la pr\u00e1ctica utiliza el poder del Estado para beneficiar a aliados pol\u00edticos, replicando las mismas pr\u00e1cticas que critica. Esta doble moral no solo desacredita su discurso, sino que tambi\u00e9n erosiona la confianza p\u00fablica en las instituciones y en la clase pol\u00edtica en general.<\/p>\n\n\n\n<p>Es fundamental que los organismos de control fiscalicen esta transferencia y garanticen que los fondos se utilicen de manera transparente y en beneficio de la poblaci\u00f3n chaque\u00f1a. La ciudadan\u00eda merece saber si este dinero se destinar\u00e1 a mejorar servicios esenciales, infraestructura y calidad de vida, o si simplemente servir\u00e1 para apuntalar una alianza pol\u00edtica que poco tiene que ver con las necesidades reales de la provincia.<\/p>\n\n\n\n<p>La situaci\u00f3n en Chaco es un reflejo de las contradicciones y desaf\u00edos que enfrenta la pol\u00edtica argentina. Mientras los discursos grandilocuentes prometen cambios y reformas, las pr\u00e1cticas pol\u00edticas tradicionales siguen vigentes, adapt\u00e1ndose y camufl\u00e1ndose seg\u00fan las necesidades del momento. La transferencia de $120.000 millones a Chaco es una muestra palpable de c\u00f3mo el poder y el dinero siguen siendo las monedas de cambio en el tablero pol\u00edtico nacional.<\/p>\n\n\n\n<p>En conclusi\u00f3n, la reciente transferencia de fondos del gobierno de Javier Milei al gobernador Leandro Zdero expone una contradicci\u00f3n insalvable entre el discurso de austeridad y anticorrupci\u00f3n del presidente y sus acciones concretas.<\/p>\n\n\n\n<p>Fuente:<\/p>\n\n\n\n<ul class=\"wp-block-list\">\n<li><a href=\"https:\/\/www.lapoliticaonline.com\/politica\/fue-primicia-de-lpo-milei-le-giro-120-mil-millones-al-radical-zdero-luego-de-que-cerro-la-alianza-con-los-libertarios\/\">https:\/\/www.lapoliticaonline.com\/politica\/fue-primicia-de-lpo-milei-le-giro-120-mil-millones-al-radical-zdero-luego-de-que-cerro-la-alianza-con-los-libertarios\/<\/a><\/li>\n<\/ul>\n\n\n\n<p><\/p>\n","protected":false},"excerpt":{"rendered":"<p>El presidente, que pregona la austeridad y critica el gasto p\u00fablico, transfiere una millonaria suma al gobernador radical de Chaco tras sellar una alianza electoral. La reciente transferencia de $120.000 millones del gobierno de Javier Milei al gobernador de Chaco, Leandro Zdero, evidencia una contradicci\u00f3n flagrante entre el discurso de austeridad del presidente y sus&#8230;<\/p>\n","protected":false},"author":1,"featured_media":2557,"comment_status":"open","ping_status":"open","sticky":false,"template":"","format":"standard","meta":{"_monsterinsights_skip_tracking":false,"_monsterinsights_sitenote_active":false,"_monsterinsights_sitenote_note":"","_monsterinsights_sitenote_category":0,"footnotes":"","jetpack_publicize_message":"","jetpack_publicize_feature_enabled":true,"jetpack_social_post_already_shared":true,"jetpack_social_options":{"image_generator_settings":{"template":"highway","default_image_id":0,"font":"","enabled":false},"version":2}},"categories":[2],"tags":[],"class_list":["post-2555","post","type-post","status-publish","format-standard","has-post-thumbnail","hentry","category-politica"],"jetpack_publicize_connections":[],"_links":{"self":[{"href":"https:\/\/www.enorsai.com\/noticias\/wp-json\/wp\/v2\/posts\/2555","targetHints":{"allow":["GET"]}}],"collection":[{"href":"https:\/\/www.enorsai.com\/noticias\/wp-json\/wp\/v2\/posts"}],"about":[{"href":"https:\/\/www.enorsai.com\/noticias\/wp-json\/wp\/v2\/types\/post"}],"author":[{"embeddable":true,"href":"https:\/\/www.enorsai.com\/noticias\/wp-json\/wp\/v2\/users\/1"}],"replies":[{"embeddable":true,"href":"https:\/\/www.enorsai.com\/noticias\/wp-json\/wp\/v2\/comments?post=2555"}],"version-history":[{"count":1,"href":"https:\/\/www.enorsai.com\/noticias\/wp-json\/wp\/v2\/posts\/2555\/revisions"}],"predecessor-version":[{"id":2556,"href":"https:\/\/www.enorsai.com\/noticias\/wp-json\/wp\/v2\/posts\/2555\/revisions\/2556"}],"wp:featuredmedia":[{"embeddable":true,"href":"https:\/\/www.enorsai.com\/noticias\/wp-json\/wp\/v2\/media\/2557"}],"wp:attachment":[{"href":"https:\/\/www.enorsai.com\/noticias\/wp-json\/wp\/v2\/media?parent=2555"}],"wp:term":[{"taxonomy":"category","embeddable":true,"href":"https:\/\/www.enorsai.com\/noticias\/wp-json\/wp\/v2\/categories?post=2555"},{"taxonomy":"post_tag","embeddable":true,"href":"https:\/\/www.enorsai.com\/noticias\/wp-json\/wp\/v2\/tags?post=2555"}],"curies":[{"name":"wp","href":"https:\/\/api.w.org\/{rel}","templated":true}]}}