{"id":2550,"date":"2025-03-17T14:57:37","date_gmt":"2025-03-17T17:57:37","guid":{"rendered":"https:\/\/www.enorsai.com\/noticias\/?p=2550"},"modified":"2025-03-17T14:57:37","modified_gmt":"2025-03-17T17:57:37","slug":"navarro-se-acabo-el-ajuste-con-paz-social-la-violencia-como-nuevo-pacto-de-gobernabilidad","status":"publish","type":"post","link":"https:\/\/www.enorsai.com\/noticias\/opinion\/navarro-se-acabo-el-ajuste-con-paz-social-la-violencia-como-nuevo-pacto-de-gobernabilidad\/","title":{"rendered":"Navarro: \u00abSe acab\u00f3 el ajuste con paz social, la violencia como nuevo pacto de gobernabilidad"},"content":{"rendered":"\n<p><strong>La represi\u00f3n como mensaje pol\u00edtico y el encubrimiento del intento de asesinato a Pablo Grillo<\/strong><\/p>\n\n\n\n<p>El modelo de ajuste de Javier Milei ha alcanzado su punto de quiebre. La violencia policial ya no es un exceso, sino una estrategia de Estado. La brutal represi\u00f3n contra manifestantes en el Congreso durante la discusi\u00f3n de la Ley Bases no solo dej\u00f3 un saldo de decenas de heridos y detenidos arbitrariamente, sino que expuso el verdadero pacto del gobierno libertario con las fuerzas de seguridad: impunidad a cambio de obediencia ciega. El caso del fotorreportero Pablo Grillo, quien recibi\u00f3 un disparo directo en la cabeza por parte de un gendarme, es la evidencia m\u00e1s brutal de este nuevo paradigma. Y lo que es peor, el gobierno y sus operadores medi\u00e1ticos encubrieron el intento de asesinato, dejando un mensaje claro: los responsables de la represi\u00f3n tienen v\u00eda libre para matar.<\/p>\n\n\n\n<p>El periodista Roberto Navarro lo se\u00f1al\u00f3 con todas las letras: si un medio independiente pudo identificar al autor del disparo, Patricia Bullrich y el gobierno tambi\u00e9n lo sab\u00edan. Pero el objetivo no es esclarecer el caso ni sancionar al responsable, sino sentar un precedente: los manifestantes y los periodistas que registran la represi\u00f3n son blancos leg\u00edtimos. \u00c9ste no es un hecho aislado. La doctrina Chocobar, aplicada con mano de hierro por la ministra de Seguridad, es ahora la regla general. Se encubri\u00f3 al gendarme que asesin\u00f3 a Santiago Maldonado, se premi\u00f3 al que mat\u00f3 a Rafael Nahuel y se exalt\u00f3 como h\u00e9roe al ex oficial Luis Chocobar. Ahora, el cabo primero Guerrero, identificado como el autor del disparo contra Grillo, goza de la misma protecci\u00f3n.<\/p>\n\n\n\n<figure class=\"wp-block-embed is-type-video is-provider-youtube wp-block-embed-youtube wp-embed-aspect-16-9 wp-has-aspect-ratio\"><div class=\"wp-block-embed__wrapper\">\n<iframe loading=\"lazy\" title=\"SE ACAB\u00d3 EL AJUSTE CON PAZ SOCIAL Y APARECI\u00d3 EL QUE LE TIR\u00d3 A GRILLO | Editorial de Roberto Navarro\" width=\"640\" height=\"360\" src=\"https:\/\/www.youtube.com\/embed\/W5spdDLGKZ4?feature=oembed\" frameborder=\"0\" allow=\"accelerometer; autoplay; clipboard-write; encrypted-media; gyroscope; picture-in-picture; web-share\" referrerpolicy=\"strict-origin-when-cross-origin\" allowfullscreen><\/iframe>\n<\/div><\/figure>\n\n\n\n<p>Durante meses, Milei y su gabinete insistieron en que pod\u00edan ejecutar el ajuste m\u00e1s brutal de la historia sin generar una reacci\u00f3n social significativa. Apostaron a la desmovilizaci\u00f3n, a la fragmentaci\u00f3n de las protestas y a la compra de voluntades en sectores sindicales y pol\u00edticos. Pero la realidad, como siempre, es implacable. Los efectos devastadores de las pol\u00edticas libertarias en el poder adquisitivo, el empleo y la calidad de vida no han hecho m\u00e1s que aumentar el malestar social. Y cuando la estrategia del desgaste fall\u00f3, el gobierno recurri\u00f3 a su carta de siempre: la violencia.<\/p>\n\n\n\n<p>La represi\u00f3n del mi\u00e9rcoles fue un mensaje pol\u00edtico en varios niveles. En primer lugar, para la sociedad: salir a la calle a protestar implica arriesgar la vida. En segundo lugar, para los medios cr\u00edticos y el periodismo independiente: documentar la represi\u00f3n te convierte en objetivo. Y en tercer lugar, para las propias fuerzas de seguridad: la orden es actuar sin l\u00edmites, porque el gobierno los respaldar\u00e1.<\/p>\n\n\n\n<p>Lo ocurrido con Grillo es la consecuencia l\u00f3gica de esta ecuaci\u00f3n. Su trabajo como fotorreportero lo convirti\u00f3 en un enemigo a neutralizar. No es casualidad que los disparos de los gendarmes hayan sido dirigidos, una y otra vez, a periodistas y comunicadores que registraban los hechos. No se trata de dispersar manifestaciones: se trata de silenciar testigos.<\/p>\n\n\n\n<div class=\"wp-block-jetpack-related-posts\">\n<h2 class=\"wp-block-heading\"><\/h2>\n<\/div>\n\n\n\n<p>Bullrich no es una ministra que desconozca lo que sucede. Es la arquitecta de este modelo represivo. Su objetivo no es solo reprimir manifestaciones, sino instalar un estado de terror que inhiba cualquier resistencia al ajuste. Pero, como se\u00f1ala Navarro, la historia demuestra que esta estrategia es un bumer\u00e1n. La impunidad con la que se manejan las fuerzas de seguridad genera un espiral de violencia que, lejos de controlar la situaci\u00f3n, la desborda.<\/p>\n\n\n\n<p>La represi\u00f3n del mi\u00e9rcoles no pas\u00f3 desapercibida a nivel internacional. Organismos de derechos humanos, sindicatos y referentes pol\u00edticos han condenado el accionar del gobierno. Y mientras Milei se refugia en sus discursos grandilocuentes sobre el \u00absue\u00f1o libertario\u00bb, la realidad le estalla en la cara. El ajuste con paz social ha muerto. Lo que queda es un pa\u00eds al borde del caos, con una econom\u00eda en picada y un gobierno que solo ofrece m\u00e1s violencia como respuesta.<\/p>\n\n\n\n<p>El caso de Pablo Grillo es un punto de inflexi\u00f3n. No solo porque expone la brutalidad del gobierno, sino porque marca el fin de una etapa. Milei ya no tiene margen para sostener el discurso de la estabilidad. Su ajuste salvaje, lejos de pacificar el pa\u00eds, ha encendido una chispa que amenaza con convertirse en incendio. Y la violencia estatal, lejos de ser una soluci\u00f3n, solo acelera la crisis.<\/p>\n\n\n\n<p>Los mercados ya lo entienden. El viernes, tras la jornada de represi\u00f3n, se fugaron del pa\u00eds 500 millones de d\u00f3lares. La imagen de un gobierno que responde con balas a las protestas espanta inversores y genera desconfianza. La situaci\u00f3n recuerda al peor momento del macrismo, cuando la crisis econ\u00f3mica y la represi\u00f3n precipitaron el derrumbe pol\u00edtico de Mauricio Macri.<\/p>\n\n\n\n<p>El desenlace es previsible. Un gobierno que s\u00f3lo se sostiene con violencia est\u00e1 condenado a caer. La pregunta ya no es si Milei podr\u00e1 continuar con su plan de ajuste sin enfrentar resistencia. La pregunta es cu\u00e1nto tiempo podr\u00e1 sostenerse un gobierno que ha hecho del miedo su \u00fanico programa pol\u00edtico. Y la respuesta, como la historia demuestra, es que no por mucho tiempo.<\/p>\n\n\n\n<p><\/p>\n","protected":false},"excerpt":{"rendered":"<p>El gobierno de Javier Milei elimin\u00f3 el Fondo Compensador del Transporte, golpeando duramente a las provincias y favoreciendo al AMBA. Mientras el interior enfrenta aumentos brutales en el boleto, la Casa Rosada profundiza la desigualdad. \u00bfFederalismo? Solo en los discursos. El ajuste recae, una vez m\u00e1s, sobre los trabajadores.<\/p>\n","protected":false},"author":1,"featured_media":0,"comment_status":"open","ping_status":"open","sticky":false,"template":"","format":"standard","meta":{"_monsterinsights_skip_tracking":false,"_monsterinsights_sitenote_active":false,"_monsterinsights_sitenote_note":"","_monsterinsights_sitenote_category":0,"footnotes":"","jetpack_publicize_message":"","jetpack_publicize_feature_enabled":true,"jetpack_social_post_already_shared":true,"jetpack_social_options":{"image_generator_settings":{"template":"highway","default_image_id":0,"font":"","enabled":false},"version":2}},"categories":[17],"tags":[58,43,34,227,45,463,916,861,915,917,914],"class_list":["post-2550","post","type-post","status-publish","format-standard","hentry","category-opinion","tag-ajuste","tag-crisis","tag-desigualdad","tag-inflacion","tag-milei","tag-neoliberalismo","tag-provincias","tag-roberto-navarro","tag-subsidios","tag-tarifas","tag-transporte"],"jetpack_publicize_connections":[],"_links":{"self":[{"href":"https:\/\/www.enorsai.com\/noticias\/wp-json\/wp\/v2\/posts\/2550","targetHints":{"allow":["GET"]}}],"collection":[{"href":"https:\/\/www.enorsai.com\/noticias\/wp-json\/wp\/v2\/posts"}],"about":[{"href":"https:\/\/www.enorsai.com\/noticias\/wp-json\/wp\/v2\/types\/post"}],"author":[{"embeddable":true,"href":"https:\/\/www.enorsai.com\/noticias\/wp-json\/wp\/v2\/users\/1"}],"replies":[{"embeddable":true,"href":"https:\/\/www.enorsai.com\/noticias\/wp-json\/wp\/v2\/comments?post=2550"}],"version-history":[{"count":2,"href":"https:\/\/www.enorsai.com\/noticias\/wp-json\/wp\/v2\/posts\/2550\/revisions"}],"predecessor-version":[{"id":2552,"href":"https:\/\/www.enorsai.com\/noticias\/wp-json\/wp\/v2\/posts\/2550\/revisions\/2552"}],"wp:attachment":[{"href":"https:\/\/www.enorsai.com\/noticias\/wp-json\/wp\/v2\/media?parent=2550"}],"wp:term":[{"taxonomy":"category","embeddable":true,"href":"https:\/\/www.enorsai.com\/noticias\/wp-json\/wp\/v2\/categories?post=2550"},{"taxonomy":"post_tag","embeddable":true,"href":"https:\/\/www.enorsai.com\/noticias\/wp-json\/wp\/v2\/tags?post=2550"}],"curies":[{"name":"wp","href":"https:\/\/api.w.org\/{rel}","templated":true}]}}