{"id":2546,"date":"2025-03-17T12:55:03","date_gmt":"2025-03-17T15:55:03","guid":{"rendered":"https:\/\/www.enorsai.com\/noticias\/?p=2546"},"modified":"2025-03-17T12:58:05","modified_gmt":"2025-03-17T15:58:05","slug":"el-gobierno-no-pudo-ocultarlo-fue-identificado-el-gendarme-que-disparo-a-pablo-grillo","status":"publish","type":"post","link":"https:\/\/www.enorsai.com\/noticias\/politica\/el-gobierno-no-pudo-ocultarlo-fue-identificado-el-gendarme-que-disparo-a-pablo-grillo\/","title":{"rendered":"El Gobierno no pudo ocultarlo: Fue identificado el gendarme que dispar\u00f3 a Pablo Grillo"},"content":{"rendered":"\n<p><strong>La represi\u00f3n tiene responsables: el cabo 1\u00b0 Guerrero de la Unidad 6 del SEI<\/strong>. <strong>Una investigaci\u00f3n colectiva desarm\u00f3 el encubrimiento y se\u00f1al\u00f3 al tirador que hiri\u00f3 gravemente al fot\u00f3grafo durante la brutal represi\u00f3n frente al Congreso. La responsabilidad llega hasta la c\u00fapula de Gendarmer\u00eda y la ministra de Seguridad, Patricia Bullrich.<\/strong><\/p>\n\n\n\n<p>La represi\u00f3n ordenada por el Gobierno de Javier Milei el mi\u00e9rcoles pasado contra la marcha de jubilados no solo dej\u00f3 decenas de detenidos injustamente, sino tambi\u00e9n un brutal episodio de violencia institucional que el oficialismo intent\u00f3 ocultar. Sin embargo, la verdad se impuso: tras una investigaci\u00f3n colectiva realizada por el equipo de Mapa de la Polic\u00eda, con el apoyo de Crisis Revista, el Centro de Estudios Legales y Sociales (CELS) y la organizaci\u00f3n ARGra, fue identificado el gendarme que le dispar\u00f3 a Pablo Grillo, el fot\u00f3grafo que result\u00f3 gravemente herido en la cabeza.<\/p>\n\n\n\n<blockquote class=\"twitter-tweet\"><p lang=\"es\" dir=\"ltr\">\u00bfQui\u00e9n le dispar\u00f3 a Pablo Grillo?<br><br>Desde el Mapa de la Polic\u00eda, realizamos una segunda reconstrucci\u00f3n en donde identificamos al tirador que hiri\u00f3 gravemente a Pablo.<br><br>Esto fue posible gracias a la participaci\u00f3n colectiva de quienes aportaron nuevas evidencias sobre el hecho.<br><br>\ud83d\udc47\ud83c\udffd <a href=\"https:\/\/t.co\/MWZrfOFnfA\">pic.twitter.com\/MWZrfOFnfA<\/a><\/p>&mdash; Mapa de la Polic\u00eda (@mapadelapolicia) <a href=\"https:\/\/twitter.com\/mapadelapolicia\/status\/1901600137136234815?ref_src=twsrc%5Etfw\">March 17, 2025<\/a><\/blockquote> <script async src=\"https:\/\/platform.twitter.com\/widgets.js\" charset=\"utf-8\"><\/script>\n\n\n\n<p>El efectivo en cuesti\u00f3n es el cabo 1 Guerrero, perteneciente a la Unidad 6 del Servicio de Especialidades de Intervenci\u00f3n (SEI). Su accionar qued\u00f3 registrado en diversas grabaciones y fotograf\u00edas aportadas por ciudadanos comprometidos con la verdad, que lograron reconstruir el momento en que abri\u00f3 fuego contra Grillo en un acto de represi\u00f3n indiscriminada. Este hallazgo derrumba la versi\u00f3n oficial de Patricia Bullrich, quien neg\u00f3 sistem\u00e1ticamente la responsabilidad de las fuerzas de seguridad y busc\u00f3 instalar la narrativa de un operativo \u00ableg\u00edtimo\u00bb frente a supuestos \u00abviolentos\u00bb.<\/p>\n\n\n\n<figure class=\"wp-block-embed is-type-wp-embed is-provider-incrustado wp-block-embed-incrustado\"><div class=\"wp-block-embed__wrapper\">\n<blockquote class=\"wp-embedded-content\" data-secret=\"zURFpGOCzS\"><a href=\"https:\/\/www.enorsai.com\/noticias\/politica\/y-la-democracia-el-poder-ejecutivo-persigue-a-la-jueza-que-ordeno-liberar-a-los-detenidos\/\">\u00bfY la democracia? El poder ejecutivo persigue a la jueza que orden\u00f3 liberar a los detenidos<\/a><\/blockquote><iframe loading=\"lazy\" class=\"wp-embedded-content\" sandbox=\"allow-scripts\" security=\"restricted\" style=\"position: absolute; visibility: hidden;\" title=\"\u00ab\u00bfY la democracia? El poder ejecutivo persigue a la jueza que orden\u00f3 liberar a los detenidos\u00bb \u2014 \" src=\"https:\/\/www.enorsai.com\/noticias\/politica\/y-la-democracia-el-poder-ejecutivo-persigue-a-la-jueza-que-ordeno-liberar-a-los-detenidos\/embed\/#?secret=xBrVBVeGR1#?secret=zURFpGOCzS\" data-secret=\"zURFpGOCzS\" width=\"600\" height=\"338\" frameborder=\"0\" marginwidth=\"0\" marginheight=\"0\" scrolling=\"no\"><\/iframe>\n<\/div><\/figure>\n\n\n\n<p>Pero la identificaci\u00f3n del tirador es solo la punta del iceberg. La investigaci\u00f3n tambi\u00e9n revel\u00f3 la cadena de mando involucrada en la represi\u00f3n, evidenciando que la actuaci\u00f3n de Guerrero no fue un hecho aislado, sino parte de una estrategia de control y disciplinamiento social dirigida desde la c\u00fapula de Gendarmer\u00eda. En la l\u00ednea de responsabilidad aparecen jefes operativos que ordenaron el accionar represivo, avalados por la ministra Bullrich, quien, lejos de condenar la violencia ejercida contra manifestantes pac\u00edficos y periodistas, la justific\u00f3 con el habitual discurso de \u00abmano dura\u00bb.<\/p>\n\n\n\n<p>La represi\u00f3n contra las protestas no es una excepci\u00f3n en el gobierno de Milei, sino una pol\u00edtica sistem\u00e1tica orientada a criminalizar la disidencia y el derecho a la protesta. La identificaci\u00f3n de Guerrero y la exposici\u00f3n de la cadena de mando representan un golpe al relato oficialista y ponen en evidencia el verdadero rostro autoritario de esta administraci\u00f3n.<\/p>\n\n\n\n<p>A pesar del silencio c\u00f3mplice de sectores del poder y de los intentos de encubrimiento, la sociedad civil demostr\u00f3 que la verdad no se puede ocultar. La reconstrucci\u00f3n de los hechos es el primer paso hacia la justicia y una advertencia para quienes, desde el poder, creen que pueden reprimir impunemente. La historia est\u00e1 en nuestras manos, y la exigencia es clara: justicia para Pablo Grillo y para todas las v\u00edctimas de la violencia estatal.<\/p>\n","protected":false},"excerpt":{"rendered":"<p>El cabo 1\u00b0 Guerrero de la Unidad 6 del SEI fue identificado como el gendarme que dispar\u00f3 contra Pablo Grillo. La represi\u00f3n violenta del gobierno de Javier Milei y Patricia Bullrich qued\u00f3 expuesta gracias a la reconstrucci\u00f3n colectiva. Las mentiras oficiales se desmoronan, pero la impunidad sigue en pie.<\/p>\n","protected":false},"author":1,"featured_media":2547,"comment_status":"open","ping_status":"open","sticky":false,"template":"","format":"standard","meta":{"_monsterinsights_skip_tracking":false,"_monsterinsights_sitenote_active":false,"_monsterinsights_sitenote_note":"","_monsterinsights_sitenote_category":0,"footnotes":"","jetpack_publicize_message":"\ud83d\udce2 \u00a1Justicia para Pablo Grillo! \nEl cabo 1\u00b0 Guerrero de la Gendarmer\u00eda fue identificado como el tirador. La represi\u00f3n de Bullrich y Milei no deja dudas: el Estado apunta contra el pueblo. \u00bfHasta cu\u00e1ndo la impunidad? \ud83d\udea8\u270a","jetpack_publicize_feature_enabled":true,"jetpack_social_post_already_shared":false,"jetpack_social_options":{"image_generator_settings":{"template":"highway","enabled":false},"version":2}},"categories":[2],"tags":[262,69,261,98,70,913,45,365,711],"class_list":["post-2546","post","type-post","status-publish","format-standard","has-post-thumbnail","hentry","category-politica","tag-bullrich","tag-derechos","tag-gendarmeria","tag-impunidad","tag-justicia","tag-manifestacion","tag-milei","tag-represion","tag-violencia"],"jetpack_publicize_connections":[],"_links":{"self":[{"href":"https:\/\/www.enorsai.com\/noticias\/wp-json\/wp\/v2\/posts\/2546","targetHints":{"allow":["GET"]}}],"collection":[{"href":"https:\/\/www.enorsai.com\/noticias\/wp-json\/wp\/v2\/posts"}],"about":[{"href":"https:\/\/www.enorsai.com\/noticias\/wp-json\/wp\/v2\/types\/post"}],"author":[{"embeddable":true,"href":"https:\/\/www.enorsai.com\/noticias\/wp-json\/wp\/v2\/users\/1"}],"replies":[{"embeddable":true,"href":"https:\/\/www.enorsai.com\/noticias\/wp-json\/wp\/v2\/comments?post=2546"}],"version-history":[{"count":2,"href":"https:\/\/www.enorsai.com\/noticias\/wp-json\/wp\/v2\/posts\/2546\/revisions"}],"predecessor-version":[{"id":2549,"href":"https:\/\/www.enorsai.com\/noticias\/wp-json\/wp\/v2\/posts\/2546\/revisions\/2549"}],"wp:featuredmedia":[{"embeddable":true,"href":"https:\/\/www.enorsai.com\/noticias\/wp-json\/wp\/v2\/media\/2547"}],"wp:attachment":[{"href":"https:\/\/www.enorsai.com\/noticias\/wp-json\/wp\/v2\/media?parent=2546"}],"wp:term":[{"taxonomy":"category","embeddable":true,"href":"https:\/\/www.enorsai.com\/noticias\/wp-json\/wp\/v2\/categories?post=2546"},{"taxonomy":"post_tag","embeddable":true,"href":"https:\/\/www.enorsai.com\/noticias\/wp-json\/wp\/v2\/tags?post=2546"}],"curies":[{"name":"wp","href":"https:\/\/api.w.org\/{rel}","templated":true}]}}