{"id":2543,"date":"2025-03-17T12:43:57","date_gmt":"2025-03-17T15:43:57","guid":{"rendered":"https:\/\/www.enorsai.com\/noticias\/?p=2543"},"modified":"2025-03-17T12:43:57","modified_gmt":"2025-03-17T15:43:57","slug":"y-la-democracia-el-poder-ejecutivo-persigue-a-la-jueza-que-ordeno-liberar-a-los-detenidos","status":"publish","type":"post","link":"https:\/\/www.enorsai.com\/noticias\/politica\/y-la-democracia-el-poder-ejecutivo-persigue-a-la-jueza-que-ordeno-liberar-a-los-detenidos\/","title":{"rendered":"\u00bfY la democracia? El poder ejecutivo persigue a la jueza que orden\u00f3 liberar a los detenidos"},"content":{"rendered":"\n<p><strong><em>El Ministerio de Seguridad, bajo la direcci\u00f3n de Patricia Bullrich, denunci\u00f3 penalmente a la jueza Karina Andrade tras su decisi\u00f3n de liberar a los detenidos en la represi\u00f3n frente al Congreso. La causa cay\u00f3 en manos de la jueza federal Mar\u00eda Servini, quien tambi\u00e9n investiga denuncias contra Bullrich por abusos de autoridad. Un ataque directo contra la independencia judicial y el derecho a la protesta.<\/em><\/strong><\/p>\n\n\n\n<p>El Gobierno de Javier Milei avanza sin tapujos en su af\u00e1n de anular cualquier vestigio de autonom\u00eda judicial. La \u00faltima embestida tiene como blanco a la jueza porte\u00f1a Karina Andrade, quien tuvo la \u00abosad\u00eda\u00bb de respetar el derecho a la protesta y ordenar la liberaci\u00f3n de los 114 detenidos durante la violenta represi\u00f3n policial en la marcha de los jubilados frente al Congreso. En una jugada que deja en evidencia la vocaci\u00f3n autoritaria del Ejecutivo, el Ministerio de Seguridad, encabezado por Patricia Bullrich, present\u00f3 una denuncia penal contra la magistrada acus\u00e1ndola de prevaricato, abuso de autoridad y encubrimiento.<\/p>\n\n\n\n<p>La demanda fue presentada por Fernando Soto, un nombre recurrente en los entramados m\u00e1s oscuros de la \u00abmano dura\u00bb estatal. Soto, abogado de Luis Chocobar y funcionario del Ministerio de Seguridad, es un ferviente defensor del modelo represivo. Su denuncia sostiene que Andrade tom\u00f3 una \u00abdecisi\u00f3n pol\u00edtica\u00bb y que su accionar estuvo \u00abbasado en pura ideolog\u00eda\u00bb. Como si el hecho de velar por derechos constitucionales fuera motivo de condena.<\/p>\n\n\n\n<p>El expediente qued\u00f3 en manos de la jueza federal Mar\u00eda Servini, quien tambi\u00e9n tiene bajo su \u00f3rbita causas que apuntan a la propia Bullrich por privaciones ilegales de la libertad, apremios ilegales y abuso de autoridad. Es decir, el Ejecutivo denuncia a una jueza por cumplir con su funci\u00f3n, mientras una de sus m\u00e1ximas funcionarias est\u00e1 bajo investigaci\u00f3n por delitos de lesa institucionalidad.<\/p>\n\n\n\n<figure class=\"wp-block-embed is-type-wp-embed is-provider-incrustado wp-block-embed-incrustado\"><div class=\"wp-block-embed__wrapper\">\n<blockquote class=\"wp-embedded-content\" data-secret=\"zbMedkox8C\"><a href=\"https:\/\/www.enorsai.com\/noticias\/sociedad\/paro-de-docentes-universitarios-y-se-prepara-para-una-nueva-marcha-masiva\/\">Paro de docentes universitarios y se prepara una nueva marcha masiva<\/a><\/blockquote><iframe loading=\"lazy\" class=\"wp-embedded-content\" sandbox=\"allow-scripts\" security=\"restricted\" style=\"position: absolute; visibility: hidden;\" title=\"\u00abParo de docentes universitarios y se prepara una nueva marcha masiva\u00bb \u2014 \" src=\"https:\/\/www.enorsai.com\/noticias\/sociedad\/paro-de-docentes-universitarios-y-se-prepara-para-una-nueva-marcha-masiva\/embed\/#?secret=SoIX4iWonb#?secret=zbMedkox8C\" data-secret=\"zbMedkox8C\" width=\"600\" height=\"338\" frameborder=\"0\" marginwidth=\"0\" marginheight=\"0\" scrolling=\"no\"><\/iframe>\n<\/div><\/figure>\n\n\n\n<p>El trasfondo de esta persecuci\u00f3n es claro: el Gobierno necesita disciplinar a jueces y fiscales para garantizar la impunidad de su aparato represivo. Andrade ponder\u00f3 el derecho a la protesta y desestim\u00f3 la detenci\u00f3n en flagrancia, un mecanismo utilizado para encarcelar manifestantes sin pruebas concretas. Seg\u00fan el Ministerio de Seguridad, la jueza \u00abaceler\u00f3 los tiempos procesales\u00bb e inform\u00f3 sus resoluciones por Whatsapp, omitiendo que la detenci\u00f3n de los manifestantes se bas\u00f3 en filmaciones editadas y declaraciones sesgadas de las fuerzas de seguridad.<\/p>\n\n\n\n<p>Bullrich y su equipo no se detienen en formalismos jur\u00eddicos: buscan instalar la idea de que protestar es un delito y que los jueces que defienden derechos b\u00e1sicos deben ser apartados o directamente castigados. Para reforzar su narrativa, el Ministerio afirm\u00f3 que la movilizaci\u00f3n de jubilados fue \u00aborquestada por barras bravas\u00bb con el objetivo de \u00abprovocar la represi\u00f3n\u00bb. Una afirmaci\u00f3n rid\u00edcula, que no resiste el menor an\u00e1lisis.<\/p>\n\n\n\n<p>La denuncia tambi\u00e9n menciona la existencia de \u00abarmas blancas\u00bb y \u00abelementos contundentes\u00bb, pero omite lo fundamental: la ausencia de pruebas que vinculen a los detenidos con estos elementos. La jueza Andrade no decidi\u00f3 en base a suposiciones ni relatos medi\u00e1ticos: observ\u00f3 que no hab\u00eda fundamentos para sostener las detenciones y actu\u00f3 en consecuencia.<\/p>\n\n\n\n<figure class=\"wp-block-embed is-type-wp-embed is-provider-incrustado wp-block-embed-incrustado\"><div class=\"wp-block-embed__wrapper\">\n<blockquote class=\"wp-embedded-content\" data-secret=\"O8l2K7rYIC\"><a href=\"https:\/\/www.enorsai.com\/noticias\/sociedad\/la-represion-mas-grande-desde-2001-el-ajuste-solo-se-sostiene-con-un-bano-de-sangre\/\">La represi\u00f3n m\u00e1s grande desde 2001: El ajuste s\u00f3lo se sostiene con un ba\u00f1o de sangre<\/a><\/blockquote><iframe loading=\"lazy\" class=\"wp-embedded-content\" sandbox=\"allow-scripts\" security=\"restricted\" style=\"position: absolute; visibility: hidden;\" title=\"\u00abLa represi\u00f3n m\u00e1s grande desde 2001: El ajuste s\u00f3lo se sostiene con un ba\u00f1o de sangre\u00bb \u2014 \" src=\"https:\/\/www.enorsai.com\/noticias\/sociedad\/la-represion-mas-grande-desde-2001-el-ajuste-solo-se-sostiene-con-un-bano-de-sangre\/embed\/#?secret=zJMKWtVkUC#?secret=O8l2K7rYIC\" data-secret=\"O8l2K7rYIC\" width=\"600\" height=\"338\" frameborder=\"0\" marginwidth=\"0\" marginheight=\"0\" scrolling=\"no\"><\/iframe>\n<\/div><\/figure>\n\n\n\n<p>Lo que est\u00e1 en juego no es solo la suerte de una jueza, sino la capacidad del sistema judicial para operar sin presiones pol\u00edticas. La maniobra de Bullrich es parte de una estrategia m\u00e1s amplia para subordinar el Poder Judicial a los intereses del Ejecutivo. La intenci\u00f3n es clara: garantizar que los jueces act\u00faen como meros sellos de goma de sus decisiones, sin margen para el criterio propio.<\/p>\n\n\n\n<p>En este contexto, el mensaje es directo: todo magistrado que contradiga los intereses del oficialismo ser\u00e1 perseguido. La independencia judicial, piedra angular de cualquier democracia, es una molestia para un Gobierno que ve en el autoritarismo la mejor forma de gobernar. Se busca asfixiar cualquier resistencia y transformar la Justicia en un ap\u00e9ndice del poder pol\u00edtico.<\/p>\n\n\n\n<p>El caso de la jueza Andrade se inscribe en un esquema m\u00e1s amplio de militarizaci\u00f3n de la seguridad y persecuci\u00f3n a la disidencia. El Gobierno no solo criminaliza la protesta social, sino que tambi\u00e9n intenta sentar un precedente peligroso: jueces, fiscales y organismos de derechos humanos deben alinearse o enfrentar la m\u00e1quina judicial del Estado.<\/p>\n\n\n\n<p>El operativo represivo en la marcha de los jubilados fue un laboratorio para profundizar este modelo. La brutalidad policial, la detenci\u00f3n arbitraria de manifestantes y la posterior construcci\u00f3n de un relato oficial que justifica el uso de la fuerza son elementos que revelan el avance de una doctrina del enemigo interno. Cualquier opositor es considerado un potencial \u00abterrorista\u00bb y, por lo tanto, susceptible de ser reprimido y perseguido.<\/p>\n\n\n\n<figure class=\"wp-block-embed is-type-wp-embed is-provider-incrustado wp-block-embed-incrustado\"><div class=\"wp-block-embed__wrapper\">\n<blockquote class=\"wp-embedded-content\" data-secret=\"Bf5s7PQSqn\"><a href=\"https:\/\/www.enorsai.com\/noticias\/economia\/otro-gigante-multinacional-abandona-la-argentina-y-confirma-el-fracaso-del-modelo-de-milei\/\">Otro gigante multinacional abandona la Argentina y confirma el fracaso del modelo de Milei<\/a><\/blockquote><iframe loading=\"lazy\" class=\"wp-embedded-content\" sandbox=\"allow-scripts\" security=\"restricted\" style=\"position: absolute; visibility: hidden;\" title=\"\u00abOtro gigante multinacional abandona la Argentina y confirma el fracaso del modelo de Milei\u00bb \u2014 \" src=\"https:\/\/www.enorsai.com\/noticias\/economia\/otro-gigante-multinacional-abandona-la-argentina-y-confirma-el-fracaso-del-modelo-de-milei\/embed\/#?secret=KFrOCWMPA4#?secret=Bf5s7PQSqn\" data-secret=\"Bf5s7PQSqn\" width=\"600\" height=\"338\" frameborder=\"0\" marginwidth=\"0\" marginheight=\"0\" scrolling=\"no\"><\/iframe>\n<\/div><\/figure>\n\n\n\n<p>La presentaci\u00f3n contra Andrade es un mensaje a la Justicia en su conjunto: el Gobierno quiere jueces obedientes y sumisos. Los que se atrevan a actuar con independencia ser\u00e1n blanco de denuncias, escraches medi\u00e1ticos y presiones pol\u00edticas. No se trata solo de una jueza, sino de una embestida contra la divisi\u00f3n de poderes y la democracia misma.<\/p>\n\n\n\n<p>La ofensiva contra Karina Andrade no es un hecho aislado. Es parte de una estrategia sistem\u00e1tica de Javier Milei y Patricia Bullrich para consolidar un Estado punitivo, en el que la Justicia sea una herramienta de castigo y no de garant\u00eda de derechos. La denuncia contra la jueza es, en esencia, un intento de disciplinamiento que no solo busca amedrentar a un magistrado, sino tambi\u00e9n enviar un mensaje claro a todos aquellos que osen cuestionar el avance represivo del Ejecutivo.<\/p>\n\n\n\n<p>Mientras Bullrich persigue jueces y manifestantes, los problemas estructurales del pa\u00eds se profundizan. La inflaci\u00f3n se dispara, la pobreza se multiplica y la violencia institucional se convierte en pol\u00edtica de Estado. En este contexto, la pregunta es ineludible: \u00bfcu\u00e1nta democracia puede sobrevivir en un pa\u00eds donde el Gobierno persigue jueces por hacer su trabajo?<\/p>\n\n\n\n<p>Fuente:<\/p>\n\n\n\n<ul class=\"wp-block-list\">\n<li><a href=\"https:\/\/www.pagina12.com.ar\/811295-despues-de-la-represion-la-persecucion-a-la-jueza-andrade\">https:\/\/www.pagina12.com.ar\/811295-despues-de-la-represion-la-persecucion-a-la-jueza-andrade<\/a><\/li>\n<\/ul>\n\n\n\n<p><\/p>\n","protected":false},"excerpt":{"rendered":"<p>El gobierno de Milei desat\u00f3 una persecuci\u00f3n judicial contra la jueza Karina Andrade tras su fallo a favor del derecho a la protesta. La denuncia penal busca intimidar al Poder Judicial y avalar la represi\u00f3n estatal. La causa recay\u00f3 en Mar\u00eda Servini, quien tambi\u00e9n investiga a Bullrich por abuso de autoridad.<\/p>\n","protected":false},"author":12,"featured_media":2544,"comment_status":"open","ping_status":"open","sticky":false,"template":"","format":"standard","meta":{"_monsterinsights_skip_tracking":false,"_monsterinsights_sitenote_active":false,"_monsterinsights_sitenote_note":"","_monsterinsights_sitenote_category":0,"footnotes":"","jetpack_publicize_message":"\ud83d\udea8 GOBIERNO AUTORITARIO \ud83d\udea8\nMilei y Bullrich atacan la independencia judicial: denunciaron a la jueza Karina Andrade por liberar manifestantes reprimidos brutalmente. \u2696\ufe0f\ud83d\ude94 La causa recay\u00f3 en la jueza Servini, quien tambi\u00e9n investiga a Bullrich.","jetpack_publicize_feature_enabled":true,"jetpack_social_post_already_shared":false,"jetpack_social_options":{"image_generator_settings":{"template":"highway","enabled":false},"version":2}},"categories":[2],"tags":[804,262,209,69,98,70,45,267,371,365],"class_list":["post-2543","post","type-post","status-publish","format-standard","has-post-thumbnail","hentry","category-politica","tag-autoritarismo","tag-bullrich","tag-democracia","tag-derechos","tag-impunidad","tag-justicia","tag-milei","tag-persecucion","tag-protesta","tag-represion"],"jetpack_publicize_connections":[],"_links":{"self":[{"href":"https:\/\/www.enorsai.com\/noticias\/wp-json\/wp\/v2\/posts\/2543","targetHints":{"allow":["GET"]}}],"collection":[{"href":"https:\/\/www.enorsai.com\/noticias\/wp-json\/wp\/v2\/posts"}],"about":[{"href":"https:\/\/www.enorsai.com\/noticias\/wp-json\/wp\/v2\/types\/post"}],"author":[{"embeddable":true,"href":"https:\/\/www.enorsai.com\/noticias\/wp-json\/wp\/v2\/users\/12"}],"replies":[{"embeddable":true,"href":"https:\/\/www.enorsai.com\/noticias\/wp-json\/wp\/v2\/comments?post=2543"}],"version-history":[{"count":1,"href":"https:\/\/www.enorsai.com\/noticias\/wp-json\/wp\/v2\/posts\/2543\/revisions"}],"predecessor-version":[{"id":2545,"href":"https:\/\/www.enorsai.com\/noticias\/wp-json\/wp\/v2\/posts\/2543\/revisions\/2545"}],"wp:featuredmedia":[{"embeddable":true,"href":"https:\/\/www.enorsai.com\/noticias\/wp-json\/wp\/v2\/media\/2544"}],"wp:attachment":[{"href":"https:\/\/www.enorsai.com\/noticias\/wp-json\/wp\/v2\/media?parent=2543"}],"wp:term":[{"taxonomy":"category","embeddable":true,"href":"https:\/\/www.enorsai.com\/noticias\/wp-json\/wp\/v2\/categories?post=2543"},{"taxonomy":"post_tag","embeddable":true,"href":"https:\/\/www.enorsai.com\/noticias\/wp-json\/wp\/v2\/tags?post=2543"}],"curies":[{"name":"wp","href":"https:\/\/api.w.org\/{rel}","templated":true}]}}