{"id":254,"date":"2025-01-29T12:00:00","date_gmt":"2025-01-29T12:00:00","guid":{"rendered":"https:\/\/www.enorsai.com\/noticias\/?p=254"},"modified":"2025-01-29T22:38:57","modified_gmt":"2025-01-29T22:38:57","slug":"dato-mata-relato-un-60-mas-de-trabajadores-cobraron-seguro-por-desempleo-en-la-era-milei","status":"publish","type":"post","link":"https:\/\/www.enorsai.com\/noticias\/sociedad\/dato-mata-relato-un-60-mas-de-trabajadores-cobraron-seguro-por-desempleo-en-la-era-milei\/","title":{"rendered":"Dato mata relato: un 60% m\u00e1s de trabajadores cobraron seguro por desempleo en la era Milei"},"content":{"rendered":"\n<p>En 2024, 174.335 empleados registrados comenzaron a percibir la Prestaci\u00f3n por Desempleo, marcando un r\u00e9cord hist\u00f3rico en la \u00faltima d\u00e9cada. La construcci\u00f3n, la industria y el comercio lideran las cifras de despidos sin causa justificada.<\/p>\n\n\n\n<p>El gobierno de Javier Milei enfrenta una de sus peores crisis laborales: el desempleo creci\u00f3 un 60% en comparaci\u00f3n con 2023, alcanzando cifras r\u00e9cord en la \u00faltima d\u00e9cada. Seg\u00fan datos oficiales de la Seguridad Social, 174.335 empleados registrados fueron despedidos sin causa justificada y comenzaron a cobrar la Prestaci\u00f3n por Desempleo. Esta cifra duplica las 86.268 altas registradas en 2022 y marca el punto m\u00e1s alto de la serie hist\u00f3rica 2014-2024.<\/p>\n\n\n\n<p><br>Los sectores m\u00e1s afectados son la construcci\u00f3n, con 54.046 trabajadores despedidos, seguido por la industria manufacturera (36.233) y el comercio (28.790). Tambi\u00e9n se registraron altas significativas en actividades administrativas, transporte, servicios de comida y alojamiento, y salud. La crisis laboral no discrimina: de los 102.549 beneficiarios activos en diciembre de 2024, el 73% eran varones y el 27% mujeres.<\/p>\n\n\n\n<p>Geogr\u00e1ficamente, la Provincia de Buenos Aires y Santa Fe concentran la mayor cantidad de afectados.<\/p>\n\n\n\n<p> <a href=\"https:\/\/www.enorsai.com.ar\/politica\/42399-javier-milei-lo-hizo--historica-automotriz-se-va-del-pais-y-peligran-los-trabajadores.html\">Javier Milei lo hizo: hist\u00f3rica automotriz se va del pa\u00eds y peligran los trabajadores<\/a><strong> <\/strong><br><\/p>\n\n\n\n<p><\/p>\n\n\n\n<p><strong>Un seguro insuficiente para una crisis profunda<\/strong><\/p>\n\n\n\n<p><br>La Prestaci\u00f3n por Desempleo, que puede extenderse hasta 12 meses, ofrece un monto promedio de $214.822. Sin embargo, este beneficio est\u00e1 lejos de compensar la p\u00e9rdida de ingresos. Seg\u00fan la normativa vigente, la prestaci\u00f3n equivale al 75% de la mejor remuneraci\u00f3n mensual de los \u00faltimos seis meses, pero tiene un tope del 100% del Salario M\u00ednimo Vital y M\u00f3vil, lo que en la pr\u00e1ctica anula su efectividad.<\/p>\n\n\n\n<p><br>Adem\u00e1s, para acceder al seguro, los trabajadores deben haber cotizado al menos seis meses en los \u00faltimos tres a\u00f1os. En el caso de los empleados eventuales o de temporada, el requisito es haber trabajado m\u00e1s de 90 d\u00edas en el \u00faltimo a\u00f1o. Aunque el beneficio incluye la cobertura de obra social y el c\u00f3mputo de antig\u00fcedad para la jubilaci\u00f3n, la realidad es que miles de familias quedan en una situaci\u00f3n de vulnerabilidad extrema.<\/p>\n\n\n\n<p><\/p>\n\n\n\n<p><br><strong>La herencia de un modelo que excluye<\/strong><\/p>\n\n\n\n<p><br>El aumento del desempleo no es solo un n\u00famero fr\u00edo: es el reflejo de un modelo econ\u00f3mico que prioriza el ajuste sobre el bienestar social. Mientras el gobierno de Milei celebra supuestos logros macroecon\u00f3micos, los trabajadores y trabajadoras enfrentan despidos masivos, precarizaci\u00f3n laboral y un sistema de seguridad social que no alcanza para cubrir las necesidades b\u00e1sicas.<\/p>\n\n\n\n<p><br>La construcci\u00f3n, hist\u00f3ricamente un term\u00f3metro de la actividad econ\u00f3mica, lidera la lista de despidos, seguida por la industria y el comercio. Estos datos no solo confirman la recesi\u00f3n, sino que tambi\u00e9n exponen la falta de pol\u00edticas p\u00fablicas para generar empleo genuino y proteger a los sectores m\u00e1s vulnerables.<\/p>\n\n\n\n<p><br><strong>En un contexto de inflaci\u00f3n galopante y ca\u00edda del poder adquisitivo, el seguro por desempleo se convierte en un parche insuficiente para una herida que no deja de sangrar. La pregunta que queda flotando es: \u00bfhasta cu\u00e1ndo?<\/strong><\/p>\n\n\n\n<figure class=\"wp-block-image size-full\"><img loading=\"lazy\" decoding=\"async\" width=\"640\" height=\"362\" src=\"https:\/\/www.enorsai.com\/noticias\/wp-content\/uploads\/2025\/01\/relatomilei.png\" alt=\"\" class=\"wp-image-255\" srcset=\"https:\/\/www.enorsai.com\/noticias\/wp-content\/uploads\/2025\/01\/relatomilei.png 640w, https:\/\/www.enorsai.com\/noticias\/wp-content\/uploads\/2025\/01\/relatomilei-300x170.png 300w\" sizes=\"auto, (max-width: 640px) 100vw, 640px\" \/><\/figure>\n","protected":false},"excerpt":{"rendered":"<p>En 2024, 174.335 empleados registrados comenzaron a cobrar la Prestaci\u00f3n por Desempleo, marcando un r\u00e9cord en la \u00faltima d\u00e9cada. La construcci\u00f3n, industria y comercio lideran los despidos bajo el gobierno de Milei.<\/p>\n","protected":false},"author":3,"featured_media":258,"comment_status":"open","ping_status":"open","sticky":false,"template":"","format":"standard","meta":{"_monsterinsights_skip_tracking":false,"_monsterinsights_sitenote_active":false,"_monsterinsights_sitenote_note":"","_monsterinsights_sitenote_category":0,"footnotes":"","jetpack_publicize_message":"","jetpack_publicize_feature_enabled":true,"jetpack_social_post_already_shared":true,"jetpack_social_options":{"image_generator_settings":{"template":"highway","default_image_id":0,"font":"","enabled":false},"version":2}},"categories":[4],"tags":[58,43,57,15,59],"class_list":["post-254","post","type-post","status-publish","format-standard","has-post-thumbnail","hentry","category-sociedad","tag-ajuste","tag-crisis","tag-desempleo","tag-economia","tag-precarizacion"],"jetpack_publicize_connections":[],"_links":{"self":[{"href":"https:\/\/www.enorsai.com\/noticias\/wp-json\/wp\/v2\/posts\/254","targetHints":{"allow":["GET"]}}],"collection":[{"href":"https:\/\/www.enorsai.com\/noticias\/wp-json\/wp\/v2\/posts"}],"about":[{"href":"https:\/\/www.enorsai.com\/noticias\/wp-json\/wp\/v2\/types\/post"}],"author":[{"embeddable":true,"href":"https:\/\/www.enorsai.com\/noticias\/wp-json\/wp\/v2\/users\/3"}],"replies":[{"embeddable":true,"href":"https:\/\/www.enorsai.com\/noticias\/wp-json\/wp\/v2\/comments?post=254"}],"version-history":[{"count":4,"href":"https:\/\/www.enorsai.com\/noticias\/wp-json\/wp\/v2\/posts\/254\/revisions"}],"predecessor-version":[{"id":280,"href":"https:\/\/www.enorsai.com\/noticias\/wp-json\/wp\/v2\/posts\/254\/revisions\/280"}],"wp:featuredmedia":[{"embeddable":true,"href":"https:\/\/www.enorsai.com\/noticias\/wp-json\/wp\/v2\/media\/258"}],"wp:attachment":[{"href":"https:\/\/www.enorsai.com\/noticias\/wp-json\/wp\/v2\/media?parent=254"}],"wp:term":[{"taxonomy":"category","embeddable":true,"href":"https:\/\/www.enorsai.com\/noticias\/wp-json\/wp\/v2\/categories?post=254"},{"taxonomy":"post_tag","embeddable":true,"href":"https:\/\/www.enorsai.com\/noticias\/wp-json\/wp\/v2\/tags?post=254"}],"curies":[{"name":"wp","href":"https:\/\/api.w.org\/{rel}","templated":true}]}}