{"id":2532,"date":"2025-03-17T08:09:41","date_gmt":"2025-03-17T11:09:41","guid":{"rendered":"https:\/\/www.enorsai.com\/noticias\/?p=2532"},"modified":"2025-03-17T08:10:11","modified_gmt":"2025-03-17T11:10:11","slug":"paro-de-docentes-universitarios-y-se-prepara-para-una-nueva-marcha-masiva","status":"publish","type":"post","link":"https:\/\/www.enorsai.com\/noticias\/sociedad\/paro-de-docentes-universitarios-y-se-prepara-para-una-nueva-marcha-masiva\/","title":{"rendered":"Paro de docentes universitarios y se prepara una nueva marcha masiva"},"content":{"rendered":"\n<p><strong><em>La medida de fuerza de los docentes universitarios ser\u00e1 el lunes y el martes, por la grave situaci\u00f3n salarial y el desfinanciamiento. El mi\u00e9rcoles acompa\u00f1ar\u00e1n a los jubilados.<\/em><\/strong><\/p>\n\n\n\n<p>Advirtiendo que \u201cest\u00e1 en riesgo el futuro de la juventud\u201d, docentes universitarios ratificaron el paro de 48 horas para el lunes y martes pr\u00f3ximos, en reclamo por la grave situaci\u00f3n salarial que atraviesa el sector y frente al \u201cdesfinanciamiento estructural\u201d que est\u00e1 ejecutando el Gobierno nacional.<\/p>\n\n\n\n<p>La medida de fuerza, que ser\u00e1 acompa\u00f1ada por una gran movilizaci\u00f3n, fue confirmada por el Frente Sindical de Universidades Nacionales, que agrupa a los principales gremios de docentes y trabajadores no docentes de las universidades p\u00fablicas en Argentina.<\/p>\n\n\n\n<p>M\u00e1s all\u00e1 de la creciente preocupaci\u00f3n por la p\u00e9rdida del poder adquisitivo de los salarios, uno de los principales problemas es el \u201cdesfinanciamiento estructural\u201d que, seg\u00fan denuncian, afecta gravemente el funcionamiento de las casas de altos estudios.<\/p>\n\n\n\n<p>Las voces de los docentes universitarios<\/p>\n\n\n\n<p>\u201cAc\u00e1 est\u00e1 en juego algo m\u00e1s que el salario de los docentes universitarios, ac\u00e1 est\u00e1 en juego la rep\u00fablica\u201d, manifest\u00f3 en la conferencia de prensa realizada el secretario general de FAGDUT, Norberto Heyaca.<\/p>\n\n\n\n<p>Los docentes universitarios se solidarizaron con las v\u00edctimas de la represi\u00f3n en el Congreso y avisaron que marchar\u00e1n el mi\u00e9rcoles.<\/p>\n\n\n\n<p>Seg\u00fan detall\u00f3, \u201cla situaci\u00f3n de los trabajadores universitarios es compleja: los aumentos otorgados de 1,5% para enero y 1,2% para febrero no lograron siquiera recuperar la inflaci\u00f3n de dichos meses. Esto sin mencionar lo perdido el a\u00f1o anterior\u201d. Y a\u00f1adi\u00f3: \u201cDurante el gobierno libertario hemos perdido, sumado las p\u00e9rdidas que tuvimos mes a mes, un total de cuatro sueldos\u201d.<\/p>\n\n\n\n<p>Adem\u00e1s, asegur\u00f3 que no hay di\u00e1logo con el Gobierno y remarc\u00f3 que los trabajadores universitarios todav\u00eda no han recibido ninguna convocatoria en lo que va del a\u00f1o a mesa alguna de negociaci\u00f3n salarial. \u201cSe est\u00e1 arriesgando el futuro de nuestra juventud, porque muchos docentes han dejado la universidad porque no les alcanza para llegar a fin de mes\u201d, advirti\u00f3 Heyaca.<\/p>\n\n\n\n<p>En el mismo sentido, plante\u00f3 que \u201ces muy dif\u00edcil conseguir j\u00f3venes egresados que quieran sumarse a la carrera docente universitaria\u201d.<\/p>\n\n\n\n<p>Por otro lado, desde FAGDUT tambi\u00e9n anunciaron que, por la falta de presupuesto, se ver\u00e1n afectadas actividades acad\u00e9micas y de investigaci\u00f3n en las 30 Facultades Regionales que posee la UTN, el Instituto Nacional Superior del Profesorado T\u00e9cnico y el Colegio Siemens.<\/p>\n\n\n\n<p>Por su parte, Federico Montero, secretario de Organizaci\u00f3n de CONADU, se\u00f1al\u00f3 que \u201cno tenemos presupuesto universitario por una decisi\u00f3n pol\u00edtica del Gobierno nacional de no debatirlo en el Congreso\u201d.<\/p>\n\n\n\n<p>Tambi\u00e9n marchar\u00e1n con los jubilados<\/p>\n\n\n\n<p>A la vez que apunt\u00f3 a la \u201ccompleta arbitrariedad\u00bb del Ejecutivo nacional en el manejo de los fondos p\u00fablicos, dando lugar a una situaci\u00f3n de extorsi\u00f3n \u201crespecto de qui\u00e9nes reciben y qui\u00e9nes no\u201d.<\/p>\n\n\n\n<p>Durante el a\u00f1o pasado las universidades p\u00fablicas ya hab\u00edan advertido sobre la situaci\u00f3n presupuestaria, un reclamo que nunca tuvo eco en la administraci\u00f3n de Javier Milei, lo que condujo a la masiva Marcha Federal Universitaria del pasado 23 de abril. La recomposici\u00f3n del salario fue uno de los puntos centrales de aquella marcha, y ahora lo sigue siendo.<\/p>\n\n\n\n<p>M\u00e1s all\u00e1 del paro por 48 horas, los universitarios tambi\u00e9n se sumar\u00e1n a la protesta de los jubilados frente al Congreso, el mi\u00e9rcoles pr\u00f3ximo.<\/p>\n\n\n\n<p>En ese sentido expresaron su \u201csolidaridad con aquellos que fueron v\u00edctimas de la represi\u00f3n\u201d el mi\u00e9rcoles de esta semana. Y advirtieron sobre el riesgo para la democracia en el actual contexto pol\u00edtico. \u201cCuando se fue De la R\u00faa tuvimos que lamentar muertos en un pa\u00eds que explot\u00f3, y la verdad es que no queremos eso de nuevo\u201d, expres\u00f3 Daniel Ricci, de FEDUN, al insistir en la necesidad de la movilizaci\u00f3n.<\/p>\n\n\n\n<p>Por Gesti\u00f3n Sindical<\/p>\n","protected":false},"excerpt":{"rendered":"<p>La medida de fuerza de los docentes universitarios ser\u00e1 el lunes y el martes, por la grave situaci\u00f3n salarial y el desfinanciamiento. El mi\u00e9rcoles acompa\u00f1ar\u00e1n a los jubilados. Advirtiendo que \u201cest\u00e1 en riesgo el futuro de la juventud\u201d, docentes universitarios ratificaron el paro de 48 horas para el lunes y martes pr\u00f3ximos, en reclamo por&#8230;<\/p>\n","protected":false},"author":5,"featured_media":2533,"comment_status":"open","ping_status":"open","sticky":false,"template":"","format":"standard","meta":{"_monsterinsights_skip_tracking":false,"_monsterinsights_sitenote_active":false,"_monsterinsights_sitenote_note":"","_monsterinsights_sitenote_category":0,"footnotes":"","jetpack_publicize_message":"","jetpack_publicize_feature_enabled":true,"jetpack_social_post_already_shared":true,"jetpack_social_options":{"image_generator_settings":{"template":"highway","default_image_id":0,"font":"","enabled":false},"version":2}},"categories":[4],"tags":[58,43,45,908],"class_list":["post-2532","post","type-post","status-publish","format-standard","has-post-thumbnail","hentry","category-sociedad","tag-ajuste","tag-crisis","tag-milei","tag-universidades-publicas"],"jetpack_publicize_connections":[],"_links":{"self":[{"href":"https:\/\/www.enorsai.com\/noticias\/wp-json\/wp\/v2\/posts\/2532","targetHints":{"allow":["GET"]}}],"collection":[{"href":"https:\/\/www.enorsai.com\/noticias\/wp-json\/wp\/v2\/posts"}],"about":[{"href":"https:\/\/www.enorsai.com\/noticias\/wp-json\/wp\/v2\/types\/post"}],"author":[{"embeddable":true,"href":"https:\/\/www.enorsai.com\/noticias\/wp-json\/wp\/v2\/users\/5"}],"replies":[{"embeddable":true,"href":"https:\/\/www.enorsai.com\/noticias\/wp-json\/wp\/v2\/comments?post=2532"}],"version-history":[{"count":2,"href":"https:\/\/www.enorsai.com\/noticias\/wp-json\/wp\/v2\/posts\/2532\/revisions"}],"predecessor-version":[{"id":2535,"href":"https:\/\/www.enorsai.com\/noticias\/wp-json\/wp\/v2\/posts\/2532\/revisions\/2535"}],"wp:featuredmedia":[{"embeddable":true,"href":"https:\/\/www.enorsai.com\/noticias\/wp-json\/wp\/v2\/media\/2533"}],"wp:attachment":[{"href":"https:\/\/www.enorsai.com\/noticias\/wp-json\/wp\/v2\/media?parent=2532"}],"wp:term":[{"taxonomy":"category","embeddable":true,"href":"https:\/\/www.enorsai.com\/noticias\/wp-json\/wp\/v2\/categories?post=2532"},{"taxonomy":"post_tag","embeddable":true,"href":"https:\/\/www.enorsai.com\/noticias\/wp-json\/wp\/v2\/tags?post=2532"}],"curies":[{"name":"wp","href":"https:\/\/api.w.org\/{rel}","templated":true}]}}