{"id":2524,"date":"2025-03-17T06:02:59","date_gmt":"2025-03-17T09:02:59","guid":{"rendered":"http:\/\/www.enorsai.com\/noticias\/?p=2524"},"modified":"2025-03-17T06:02:59","modified_gmt":"2025-03-17T09:02:59","slug":"gremios-organizaciones-sociales-y-jubilados-se-preparan-para-una-nueva-movilizacion-al-congreso-mientras-el-gobierno-solo-promete-mas-violencia","status":"publish","type":"post","link":"https:\/\/www.enorsai.com\/noticias\/politica\/gremios-organizaciones-sociales-y-jubilados-se-preparan-para-una-nueva-movilizacion-al-congreso-mientras-el-gobierno-solo-promete-mas-violencia\/","title":{"rendered":"Gremios, organizaciones sociales y jubilados se preparan para una nueva movilizaci\u00f3n al Congreso, mientras el Gobierno s\u00f3lo promete m\u00e1s violencia"},"content":{"rendered":"\n<p><strong><em>Ante la masiva movilizaci\u00f3n de jubilados y el apoyo creciente de sindicatos y movimientos sociales, el Gobierno de Javier Milei y la ministra Patricia Bullrich insisten en la represi\u00f3n como \u00fanica respuesta. Con un discurso maniqueo y sin pruebas, buscan justificar la violencia policial y criminalizar la protesta. \u00bfEs esta la democracia que prometieron?<\/em><\/strong><\/p>\n\n\n\n<p>El pr\u00f3ximo mi\u00e9rcoles, las calles de Buenos Aires volver\u00e1n a ser testigo de un enfrentamiento desigual: por un lado, miles de jubilados, acompa\u00f1ados por gremios, organizaciones sociales y movimientos pol\u00edticos, marchar\u00e1n hacia el Congreso para reclamar por sus derechos; por el otro, el Gobierno de Javier Milei y la ministra de Seguridad, Patricia Bullrich, prometen \u00abm\u00e1s de lo mismo\u00bb: palos, gases lacrim\u00f3genos y balas de goma.<\/p>\n\n\n\n<p>La semana pasada, la represi\u00f3n desmedida de las fuerzas de seguridad dej\u00f3 m\u00e1s de 100 detenidos, decenas de heridos y un fotoperiodista, Pablo Grillo, en estado cr\u00edtico tras recibir un impacto de gas lacrim\u00f3geno en el rostro. Sin embargo, lejos de reflexionar sobre el uso excesivo de la fuerza, el Gobierno ha decidido redoblar la apuesta. \u00abEstamos preparados para lo que venga\u00bb, desaf\u00edan desde la Casa Rosada, mientras Bullrich anuncia \u00absorpresas\u00bb para el pr\u00f3ximo operativo.<\/p>\n\n\n\n<p>Pero, \u00bfqu\u00e9 hay detr\u00e1s de esta escalada represiva? \u00bfEs realmente una respuesta a la \u00abviolencia\u00bb de los manifestantes, como alega el Gobierno, o se trata de una estrategia para silenciar el descontento social que crece d\u00eda a d\u00eda?<\/p>\n\n\n\n<p>En un intento por justificar la represi\u00f3n, Bullrich presentar\u00e1 este lunes un proyecto de ley \u00abantibarras\u00bb, que busca sancionar a las barrabravas como \u00abasociaciones il\u00edcitas\u00bb y responsabilizar a los dirigentes de los clubes de f\u00fatbol por sus acciones. Sin embargo, este proyecto llega en un momento en que no hay pruebas de la presencia de barras bravas en las \u00faltimas movilizaciones. De los 114 detenidos durante la represi\u00f3n del mi\u00e9rcoles pasado, ninguno ten\u00eda antecedentes como barrabrava.<\/p>\n\n\n\n<figure class=\"wp-block-embed is-type-wp-embed is-provider-incrustado wp-block-embed-incrustado\"><div class=\"wp-block-embed__wrapper\">\n<blockquote class=\"wp-embedded-content\" data-secret=\"FISCfxuK9m\"><a href=\"https:\/\/www.enorsai.com\/noticias\/opinion\/un-gobierno-fracasado-que-se-sostiene-a-sangre-y-fuego-el-ajuste-no-cierra-sin-represion\/\">Un gobierno fracasado que se sostiene a sangre y fuego: El ajuste no cierra sin represi\u00f3n<\/a><\/blockquote><iframe loading=\"lazy\" class=\"wp-embedded-content\" sandbox=\"allow-scripts\" security=\"restricted\" style=\"position: absolute; visibility: hidden;\" title=\"\u00abUn gobierno fracasado que se sostiene a sangre y fuego: El ajuste no cierra sin represi\u00f3n\u00bb \u2014 \" src=\"https:\/\/www.enorsai.com\/noticias\/opinion\/un-gobierno-fracasado-que-se-sostiene-a-sangre-y-fuego-el-ajuste-no-cierra-sin-represion\/embed\/#?secret=kZnRS9MZj3#?secret=FISCfxuK9m\" data-secret=\"FISCfxuK9m\" width=\"600\" height=\"338\" frameborder=\"0\" marginwidth=\"0\" marginheight=\"0\" scrolling=\"no\"><\/iframe>\n<\/div><\/figure>\n\n\n\n<p>Esta medida, m\u00e1s que una soluci\u00f3n a un problema real, parece ser una cortina de humo para desviar la atenci\u00f3n de la violencia ejercida por las fuerzas de seguridad. Adem\u00e1s, refleja la tendencia del Gobierno a criminalizar la protesta social, equiparando a los manifestantes con delincuentes y utilizando un discurso maniqueo que divide a la sociedad entre \u00abbuenos\u00bb y \u00abmalos\u00bb.<\/p>\n\n\n\n<p>El Gobierno no solo ha fallado en presentar pruebas concretas para justificar su accionar, sino que tambi\u00e9n ha recurrido a la desinformaci\u00f3n y la manipulaci\u00f3n. Bullrich ha acusado a \u00abJuan Grabois, los peronistas y la izquierda\u00bb de querer \u00abconvertir los mi\u00e9rcoles en un d\u00eda del horror\u00bb, y ha mencionado a supuestos \u00abbarras de Newell&#8217;s y Central\u00bb como parte de una \u00abnarcopol\u00edtica\u00bb.<\/p>\n\n\n\n<p>Estas declaraciones, carentes de fundamentos, buscan estigmatizar a los movimientos sociales y a la oposici\u00f3n pol\u00edtica, present\u00e1ndolos como enemigos internos que amenazan la estabilidad del pa\u00eds. Sin embargo, lo que realmente amenaza la democracia no son los jubilados que reclaman por sus pensiones, ni los sindicatos que defienden los derechos laborales, sino un Gobierno que responde con violencia a las demandas leg\u00edtimas de su pueblo.<\/p>\n\n\n\n<figure class=\"wp-block-embed is-type-wp-embed is-provider-incrustado wp-block-embed-incrustado\"><div class=\"wp-block-embed__wrapper\">\n<blockquote class=\"wp-embedded-content\" data-secret=\"TbQw9liShe\"><a href=\"https:\/\/www.enorsai.com\/noticias\/sociedad\/la-policia-de-bullrich-dos-chicos-detenidos-con-precintos-y-tirados-al-piso-al-salir-de-la-escuela-hablo-la-madre-de-uno-de-ellos\/\">La polic\u00eda de Bullrich: Dos chicos detenidos con precintos y tirados al piso al salir de la escuela, habl\u00f3 la madre de uno de ellos<\/a><\/blockquote><iframe loading=\"lazy\" class=\"wp-embedded-content\" sandbox=\"allow-scripts\" security=\"restricted\" style=\"position: absolute; visibility: hidden;\" title=\"\u00abLa polic\u00eda de Bullrich: Dos chicos detenidos con precintos y tirados al piso al salir de la escuela, habl\u00f3 la madre de uno de ellos\u00bb \u2014 \" src=\"https:\/\/www.enorsai.com\/noticias\/sociedad\/la-policia-de-bullrich-dos-chicos-detenidos-con-precintos-y-tirados-al-piso-al-salir-de-la-escuela-hablo-la-madre-de-uno-de-ellos\/embed\/#?secret=0bKQmG9NBL#?secret=TbQw9liShe\" data-secret=\"TbQw9liShe\" width=\"600\" height=\"338\" frameborder=\"0\" marginwidth=\"0\" marginheight=\"0\" scrolling=\"no\"><\/iframe>\n<\/div><\/figure>\n\n\n\n<p>Frente a esta escalada represiva, la resistencia no ha hecho m\u00e1s que crecer. Este mi\u00e9rcoles, las dos CTA, la Uni\u00f3n de Trabajadores de la Econom\u00eda Popular (UTEP), movimientos piqueteros y partidos de izquierda acompa\u00f1ar\u00e1n a los jubilados en su marcha al Congreso. Adem\u00e1s, gremios como La Bancaria y la Federaci\u00f3n Gr\u00e1fica Bonaerense, junto con la Juventud Sindical de la CGT, han confirmado su participaci\u00f3n.<\/p>\n\n\n\n<p>La movilizaci\u00f3n no solo busca denunciar el desmedido uso de la fuerza por parte del Estado, sino tambi\u00e9n exigir justicia por Pablo Grillo y rechazar el proyecto de ley \u00abantibarras\u00bb, que muchos ven como un intento m\u00e1s de criminalizar la protesta.<\/p>\n\n\n\n<p>El clima social se ha vuelto cada vez m\u00e1s tenso para el oficialismo. Mientras la popularidad de Milei contin\u00faa en ca\u00edda libre, el Gobierno insiste en que la represi\u00f3n es la \u00fanica forma de mantener el orden. \u00abA nosotros un 2017, no\u00bb, espetan desde el entorno presidencial, en referencia al declive de Mauricio Macri tras la represi\u00f3n de las protestas contra la reforma previsional.<\/p>\n\n\n\n<p>Sin embargo, esta estrategia de mano dura no solo no ha logrado amedrentar a los manifestantes, sino que ha fortalecido la unidad de los sectores populares. La pregunta que queda en el aire es: \u00bfcu\u00e1nto m\u00e1s podr\u00e1 sostenerse un Gobierno que responde con violencia a las demandas de su pueblo?<\/p>\n\n\n\n<p>Este mi\u00e9rcoles, mientras los jubilados y sus aliados marchan hacia el Congreso, el mundo estar\u00e1 observando. Y la respuesta del Gobierno, ya sea con m\u00e1s represi\u00f3n o con un gesto de di\u00e1logo, definir\u00e1 el rumbo de una democracia que parece estar al borde del abismo.<\/p>\n\n\n\n<p>En un contexto de creciente descontento social, el Gobierno de Milei y Bullrich ha optado por la represi\u00f3n y la criminalizaci\u00f3n de la protesta como \u00fanica respuesta. Sin embargo, la resistencia no ha hecho m\u00e1s que crecer, y este mi\u00e9rcoles ser\u00e1 una nueva prueba de fuego para un oficialismo que parece haber olvidado que, en una democracia, la violencia nunca puede ser la respuesta.<\/p>\n\n\n\n<p>Fuentes:<\/p>\n\n\n\n<ul class=\"wp-block-list\">\n<li><a href=\"https:\/\/www.pagina12.com.ar\/811211-patricia-bullrich-redobla-la-apuesta-y-el-gobierno-promete-o\">https:\/\/www.pagina12.com.ar\/811211-patricia-bullrich-redobla-la-apuesta-y-el-gobierno-promete-o<\/a><\/li>\n\n\n\n<li><a href=\"https:\/\/www.pagina12.com.ar\/811213-volver-al-congreso-para-no-dejarse-amedrentar\">https:\/\/www.pagina12.com.ar\/811213-volver-al-congreso-para-no-dejarse-amedrentar<\/a><\/li>\n<\/ul>\n\n\n","protected":false},"excerpt":{"rendered":"<p>El Gobierno de Milei y Bullrich redoblan la represi\u00f3n contra jubilados y manifestantes, prometiendo m\u00e1s violencia este mi\u00e9rcoles. Con un proyecto de ley \u00abantibarras\u00bb sin fundamentos, buscan criminalizar la protesta. Sindicatos y organizaciones sociales se suman a la movilizaci\u00f3n, desafiando la escalada represiva del oficialismo.<\/p>\n","protected":false},"author":12,"featured_media":2525,"comment_status":"open","ping_status":"open","sticky":false,"template":"","format":"standard","meta":{"_monsterinsights_skip_tracking":false,"_monsterinsights_sitenote_active":false,"_monsterinsights_sitenote_note":"","_monsterinsights_sitenote_category":0,"footnotes":"","jetpack_publicize_message":"\ud83d\udea8 Este mi\u00e9rcoles, el Gobierno de Milei y Bullrich promete m\u00e1s represi\u00f3n contra jubilados y manifestantes. Con un proyecto de ley \"antibarras\" sin pruebas, buscan criminalizar la protesta. \ud83d\udca5 Sindicatos y organizaciones sociales se unen para resistir. \u00bfHasta cu\u00e1ndo la violencia? \u270a","jetpack_publicize_feature_enabled":true,"jetpack_social_post_already_shared":false,"jetpack_social_options":{"image_generator_settings":{"template":"highway","enabled":false},"version":2}},"categories":[2],"tags":[262,257,906,509,905,45,371,365,904,711],"class_list":["post-2524","post","type-post","status-publish","format-standard","has-post-thumbnail","hentry","category-politica","tag-bullrich","tag-congreso","tag-descontento","tag-jubilados","tag-leyantibarras","tag-milei","tag-protesta","tag-represion","tag-sindicatos","tag-violencia"],"jetpack_publicize_connections":[],"_links":{"self":[{"href":"https:\/\/www.enorsai.com\/noticias\/wp-json\/wp\/v2\/posts\/2524","targetHints":{"allow":["GET"]}}],"collection":[{"href":"https:\/\/www.enorsai.com\/noticias\/wp-json\/wp\/v2\/posts"}],"about":[{"href":"https:\/\/www.enorsai.com\/noticias\/wp-json\/wp\/v2\/types\/post"}],"author":[{"embeddable":true,"href":"https:\/\/www.enorsai.com\/noticias\/wp-json\/wp\/v2\/users\/12"}],"replies":[{"embeddable":true,"href":"https:\/\/www.enorsai.com\/noticias\/wp-json\/wp\/v2\/comments?post=2524"}],"version-history":[{"count":1,"href":"https:\/\/www.enorsai.com\/noticias\/wp-json\/wp\/v2\/posts\/2524\/revisions"}],"predecessor-version":[{"id":2526,"href":"https:\/\/www.enorsai.com\/noticias\/wp-json\/wp\/v2\/posts\/2524\/revisions\/2526"}],"wp:featuredmedia":[{"embeddable":true,"href":"https:\/\/www.enorsai.com\/noticias\/wp-json\/wp\/v2\/media\/2525"}],"wp:attachment":[{"href":"https:\/\/www.enorsai.com\/noticias\/wp-json\/wp\/v2\/media?parent=2524"}],"wp:term":[{"taxonomy":"category","embeddable":true,"href":"https:\/\/www.enorsai.com\/noticias\/wp-json\/wp\/v2\/categories?post=2524"},{"taxonomy":"post_tag","embeddable":true,"href":"https:\/\/www.enorsai.com\/noticias\/wp-json\/wp\/v2\/tags?post=2524"}],"curies":[{"name":"wp","href":"https:\/\/api.w.org\/{rel}","templated":true}]}}