{"id":2515,"date":"2025-03-15T14:22:38","date_gmt":"2025-03-15T17:22:38","guid":{"rendered":"https:\/\/www.enorsai.com\/noticias\/?p=2515"},"modified":"2025-03-15T14:22:38","modified_gmt":"2025-03-15T17:22:38","slug":"la-represion-mas-grande-desde-2001-el-ajuste-solo-se-sostiene-con-un-bano-de-sangre","status":"publish","type":"post","link":"https:\/\/www.enorsai.com\/noticias\/sociedad\/la-represion-mas-grande-desde-2001-el-ajuste-solo-se-sostiene-con-un-bano-de-sangre\/","title":{"rendered":"La represi\u00f3n m\u00e1s grande desde 2001: El ajuste s\u00f3lo se sostiene con un ba\u00f1o de sangre"},"content":{"rendered":"\n<p><strong><em>El gobierno de Javier Milei enfrenta su mayor crisis tras una violenta represi\u00f3n a jubilados y manifestantes, muchos heridos y un fot\u00f3grafo al borde de la muerte. Con un ajuste econ\u00f3mico que golpea a los m\u00e1s vulnerables y una represi\u00f3n desmedida, el gobierno de Milei parece empe\u00f1ado en repetir los errores m\u00e1s oscuros de la historia argentina. La violencia desatada frente al Congreso no solo dej\u00f3 heridos y balas de goma, sino tambi\u00e9n un profundo cuestionamiento a la democracia.<\/em><\/strong><\/p>\n\n\n\n<p>El mi\u00e9rcoles pasado, Argentina vivi\u00f3 la represi\u00f3n m\u00e1s grande desde el estallido social de 2001. Frente al Congreso, el gobierno de Javier Milei despleg\u00f3 un operativo de seguridad que termin\u00f3 en un ba\u00f1o de sangre, muchos heridos, un fot\u00f3grafo con un disparo en la cabeza y una sociedad que, una vez m\u00e1s, se pregunta si la democracia es solo una palabra vac\u00eda. <\/p>\n\n\n\n<p>El periodista Roberto Navarro explic\u00f3 en su editorial que el detonante fue una protesta de jubilados que reclamaban por sus magros ingresos, golpeados a\u00fan m\u00e1s por el ajuste econ\u00f3mico del gobierno. Sin embargo, lo que pudo haber sido una marcha pac\u00edfica se convirti\u00f3 en un campo de batalla. La polic\u00eda, en lugar de garantizar el orden, actu\u00f3 como fuerza de choque, reprimiendo con gases lacrim\u00f3genos, balas de goma y una violencia que dej\u00f3 a decenas de ancianos heridos. Entre ellos, Pablo Grillo, un fot\u00f3grafo que se debate entre la vida y la muerte tras recibir un disparo en la cabeza.<\/p>\n\n\n\n<figure class=\"wp-block-embed is-type-video is-provider-youtube wp-block-embed-youtube wp-embed-aspect-16-9 wp-has-aspect-ratio\"><div class=\"wp-block-embed__wrapper\">\n<iframe loading=\"lazy\" title=\"SIN D\u00d3LARES, MILEI GENER\u00d3 UN BA\u00d1O DE SANGRE Y SE LE CORRI\u00d3 HASTA VIALE | Editorial Roberto Navarro\" width=\"640\" height=\"360\" src=\"https:\/\/www.youtube.com\/embed\/DF6_Yakr8YQ?feature=oembed\" frameborder=\"0\" allow=\"accelerometer; autoplay; clipboard-write; encrypted-media; gyroscope; picture-in-picture; web-share\" referrerpolicy=\"strict-origin-when-cross-origin\" allowfullscreen><\/iframe>\n<\/div><\/figure>\n\n\n\n<p>El gobierno intent\u00f3 justificar lo injustificable. Patricia Bullrich, ministra de Seguridad, asegur\u00f3 que no hubo excesos policiales y que las fuerzas actuaron \u00abde acuerdo a la necesidad\u00bb. Sin embargo, los videos y testimonios desmienten su versi\u00f3n. Los cartuchos de gas lacrim\u00f3geno utilizados est\u00e1n prohibidos en Argentina por su letalidad, y el disparo que impact\u00f3 a Grillo fue directo, no un rebote como intentaron hacer creer.<\/p>\n\n\n\n<p>Pero m\u00e1s all\u00e1 de la violencia, lo que queda al descubierto es la insostenibilidad del ajuste econ\u00f3mico de Milei. Los mercados reaccionaron con desconfianza: el d\u00f3lar subi\u00f3, el riesgo pa\u00eds se dispar\u00f3 y los bonos cayeron. El gobierno, que prometi\u00f3 estabilidad, demostr\u00f3 que su receta solo genera caos.<\/p>\n\n\n\n<div class=\"wp-block-jetpack-related-posts\">\n<h2 class=\"wp-block-heading\"><\/h2>\n<\/div>\n\n\n\n<p>El ajuste, basado en recortes a jubilaciones y obra p\u00fablica, no solo es socialmente injusto, sino tambi\u00e9n econ\u00f3micamente inviable. Los jubilados, que ya viv\u00edan al borde de la pobreza, son ahora el sector m\u00e1s golpeado. Y la represi\u00f3n del mi\u00e9rcoles no hizo m\u00e1s que encender la mecha de un conflicto que podr\u00eda escalar en los pr\u00f3ximos d\u00edas.<\/p>\n\n\n\n<p>La CGT ya anunci\u00f3 que acompa\u00f1ar\u00e1 a los jubilados en sus reclamos, y organizaciones sociales planean nuevas movilizaciones. El gobierno, en lugar de buscar di\u00e1logo, opt\u00f3 por la represi\u00f3n y la criminalizaci\u00f3n de la protesta. Bullrich incluso amenaz\u00f3 con denuncias penales por \u00absedici\u00f3n\u00bb y \u00abatentado al orden constitucional\u00bb, un guion que recuerda a los peores a\u00f1os de la dictadura.<\/p>\n\n\n\n<p>Pero la sociedad no se deja enga\u00f1ar. Los medios internacionales, como la BBC, destacaron que los manifestantes eran jubilados, no \u00abbarras bravas\u00bb como intent\u00f3 instalar el gobierno. Y en las redes sociales, las im\u00e1genes de la represi\u00f3n circularon sin filtros, mostrando la crudeza de un Estado que parece haber olvidado su rol de protector.<\/p>\n\n\n\n<p>El caso de Pablo Grillo es emblem\u00e1tico. No solo por la gravedad de sus heridas, sino por la indiferencia con la que fue tratado, por ejemplo, por Florencia Arieto, quien lo calific\u00f3 como un \u00abda\u00f1o colateral\u00bb. Esa frialdad, propia de un manual de guerra, no tiene lugar en una democracia.<\/p>\n\n\n\n<p>Milei, por su parte, parece empe\u00f1ado en seguir adelante con su ajuste, sin importar el costo social. Pero la represi\u00f3n del mi\u00e9rcoles dej\u00f3 en claro que su gobierno no tiene margen para seguir adelante. Los mercados desconf\u00edan, la sociedad se moviliza y la violencia solo profundiza la crisis.<\/p>\n\n\n\n<p>El fantasma de 2001 vuelve a rondar Argentina. Y mientras Milei insiste en su receta de ajuste y represi\u00f3n, la pregunta que queda en el aire es cu\u00e1nta sangre m\u00e1s est\u00e1 dispuesto a derramar para mantener un proyecto que, desde el principio, estaba condenado al fracaso.<\/p>\n\n\n\n<p>La represi\u00f3n del mi\u00e9rcoles no fue solo un acto de violencia, sino tambi\u00e9n un s\u00edntoma de un gobierno que ha perdido el rumbo. Con un ajuste insostenible y una respuesta desmedida a la protesta social, Milei y su gabinete est\u00e1n cavando su propia tumba pol\u00edtica. Y mientras tanto, la sociedad argentina, una vez m\u00e1s, paga el precio.<\/p>\n\n\n","protected":false},"excerpt":{"rendered":"<p>El gobierno de Javier Milei enfrenta su mayor crisis tras una violenta represi\u00f3n a jubilados y manifestantes, muchos heridos y un fot\u00f3grafo al borde de la muerte. Con un ajuste econ\u00f3mico que golpea a los m\u00e1s vulnerables y una represi\u00f3n desmedida, el gobierno de Milei parece empe\u00f1ado en repetir los errores m\u00e1s oscuros de la&#8230;<\/p>\n","protected":false},"author":1,"featured_media":2516,"comment_status":"open","ping_status":"open","sticky":false,"template":"","format":"standard","meta":{"_monsterinsights_skip_tracking":false,"_monsterinsights_sitenote_active":false,"_monsterinsights_sitenote_note":"","_monsterinsights_sitenote_category":0,"footnotes":"","jetpack_publicize_message":"La represi\u00f3n m\u00e1s grande desde 2001: El ajuste s\u00f3lo se sostiene con un ba\u00f1o de sangre ","jetpack_publicize_feature_enabled":true,"jetpack_social_post_already_shared":false,"jetpack_social_options":{"image_generator_settings":{"template":"highway","enabled":false},"version":2}},"categories":[4],"tags":[43,15,45,861],"class_list":["post-2515","post","type-post","status-publish","format-standard","has-post-thumbnail","hentry","category-sociedad","tag-crisis","tag-economia","tag-milei","tag-roberto-navarro"],"jetpack_publicize_connections":[],"_links":{"self":[{"href":"https:\/\/www.enorsai.com\/noticias\/wp-json\/wp\/v2\/posts\/2515","targetHints":{"allow":["GET"]}}],"collection":[{"href":"https:\/\/www.enorsai.com\/noticias\/wp-json\/wp\/v2\/posts"}],"about":[{"href":"https:\/\/www.enorsai.com\/noticias\/wp-json\/wp\/v2\/types\/post"}],"author":[{"embeddable":true,"href":"https:\/\/www.enorsai.com\/noticias\/wp-json\/wp\/v2\/users\/1"}],"replies":[{"embeddable":true,"href":"https:\/\/www.enorsai.com\/noticias\/wp-json\/wp\/v2\/comments?post=2515"}],"version-history":[{"count":1,"href":"https:\/\/www.enorsai.com\/noticias\/wp-json\/wp\/v2\/posts\/2515\/revisions"}],"predecessor-version":[{"id":2517,"href":"https:\/\/www.enorsai.com\/noticias\/wp-json\/wp\/v2\/posts\/2515\/revisions\/2517"}],"wp:featuredmedia":[{"embeddable":true,"href":"https:\/\/www.enorsai.com\/noticias\/wp-json\/wp\/v2\/media\/2516"}],"wp:attachment":[{"href":"https:\/\/www.enorsai.com\/noticias\/wp-json\/wp\/v2\/media?parent=2515"}],"wp:term":[{"taxonomy":"category","embeddable":true,"href":"https:\/\/www.enorsai.com\/noticias\/wp-json\/wp\/v2\/categories?post=2515"},{"taxonomy":"post_tag","embeddable":true,"href":"https:\/\/www.enorsai.com\/noticias\/wp-json\/wp\/v2\/tags?post=2515"}],"curies":[{"name":"wp","href":"https:\/\/api.w.org\/{rel}","templated":true}]}}