{"id":2511,"date":"2025-03-15T10:29:07","date_gmt":"2025-03-15T13:29:07","guid":{"rendered":"https:\/\/www.enorsai.com\/noticias\/?p=2511"},"modified":"2025-07-10T06:09:08","modified_gmt":"2025-07-10T09:09:08","slug":"milei-cancela-viaje-a-espana-la-criptoestafa-libra-destruyo-su-imagen-internacional","status":"publish","type":"post","link":"https:\/\/www.enorsai.com\/noticias\/politica\/milei-cancela-viaje-a-espana-la-criptoestafa-libra-destruyo-su-imagen-internacional\/","title":{"rendered":"Milei cancela viaje a Espa\u00f1a: la criptoestafa $LIBRA destruy\u00f3 su \u00abimagen\u00bb internacional"},"content":{"rendered":"\n<p><em>El presidente argentino enfrenta denuncias internacionales y cr\u00edticas por su implicaci\u00f3n en la promoci\u00f3n de una criptomoneda fraudulenta, lo que ha llevado a la suspensi\u00f3n de su visita a Europa.<\/em><\/p>\n\n\n\n<p>El presidente, Javier Milei, ha suspendido abruptamente su viaje programado a Espa\u00f1a, donde ten\u00eda previsto recibir el premio \u00abEscuela de Salamanca\u00bb otorgado por la organizaci\u00f3n \u00abEl Club de los Viernes\u00bb. Esta cancelaci\u00f3n se produce en medio de un esc\u00e1ndalo internacional relacionado con la promoci\u00f3n de la criptomoneda $LIBRA, que ha sido denunciada como una estafa masiva, afectando gravemente la credibilidad del mandatario tanto a nivel nacional como internacional.<\/p>\n\n\n\n<p><strong>La criptoestafa $LIBRA: un \u00abexperimento\u00bb fallido<\/strong><\/p>\n\n\n\n<p>La controversia en torno a $LIBRA comenz\u00f3 cuando Milei, conocido por su ret\u00f3rica libertaria y su defensa de las criptomonedas como alternativa al sistema financiero tradicional, promovi\u00f3 p\u00fablicamente esta moneda digital. Sin embargo, tras un breve per\u00edodo de auge impulsado por su respaldo, $LIBRA sufri\u00f3 una ca\u00edda estrepitosa en su valor, resultando en p\u00e9rdidas significativas para numerosos inversores. Uno de los principales arquitectos de la criptomoneda, Hayden Mark Davis, intent\u00f3 minimizar la situaci\u00f3n calific\u00e1ndola de \u00abun experimento\u00bb que no sali\u00f3 como se esperaba. No obstante, esta explicaci\u00f3n ha sido recibida con escepticismo y ha alimentado a\u00fan m\u00e1s las sospechas de fraude.<\/p>\n\n\n\n<p><strong>Denuncias en Estados Unidos y repercusiones internacionales<\/strong><\/p>\n\n\n\n<p>La gravedad del asunto escal\u00f3 cuando un estudio jur\u00eddico con sede en Estados Unidos present\u00f3 una denuncia ante el Departamento de Justicia y la Oficina Federal de Investigaciones (FBI), acusando a Milei y a otros implicados de operar una estafa que gener\u00f3 ganancias il\u00edcitas estimadas entre 80 y 100 millones de d\u00f3lares. Esta acci\u00f3n legal ha puesto al presidente argentino en el centro de una investigaci\u00f3n internacional, afectando su reputaci\u00f3n en el extranjero.<\/p>\n\n\n\n<p>Medios internacionales no han tardado en reaccionar. El diario espa\u00f1ol <em>El Pa\u00eds<\/em> titul\u00f3 \u00abMilei: cat\u00e1strofe o criptoestafa\u00bb, reflejando la preocupaci\u00f3n global sobre la implicaci\u00f3n de un jefe de Estado en una operaci\u00f3n financiera fraudulenta. La prensa internacional destaca las posibles implicaciones de fraude, lo que ha motivado a los opositores a exigir una investigaci\u00f3n exhaustiva y medidas legales contra el presidente.<\/p>\n\n\n\n<p><strong>Cancelaci\u00f3n del viaje a Espa\u00f1a: \u00bfuna estrategia de evasi\u00f3n?<\/strong><\/p>\n\n\n\n<p>Inicialmente, la organizaci\u00f3n \u00abEl Club de los Viernes\u00bb anunci\u00f3 que Milei pospon\u00eda su viaje para \u00abocuparse de las adversidades que est\u00e1 enfrentando tanto \u00e9l mismo como el propio pa\u00eds\u00bb, refiri\u00e9ndose a una supuesta \u00abdelicada situaci\u00f3n que transcurre la pol\u00edtica y la institucionalidad democr\u00e1tica\u00bb en Argentina. Sin embargo, analistas pol\u00edticos sugieren que la verdadera raz\u00f3n detr\u00e1s de la cancelaci\u00f3n es el temor a enfrentar cuestionamientos inc\u00f3modos y el rechazo de l\u00edderes europeos que, anteriormente, buscaban asociarse con \u00e9l, pero que ahora lo evitan debido al esc\u00e1ndalo de $LIBRA.<\/p>\n\n\n\n<p>Un embajador europeo, bajo condici\u00f3n de anonimato, coment\u00f3: \u00abAntes, todos los l\u00edderes de derecha de Europa quer\u00edan sacarse una foto con Milei; despu\u00e9s de la estafa de $LIBRA, le huyen como si tuviera peste\u00bb. Esta afirmaci\u00f3n refleja el aislamiento creciente del presidente en la arena internacional.<\/p>\n\n\n\n\n\n<p><strong>Reacci\u00f3n interna: represi\u00f3n y acusaciones de golpe de Estado<\/strong><\/p>\n\n\n\n<p>Mientras tanto, en el \u00e1mbito dom\u00e9stico, la administraci\u00f3n de Milei enfrenta cr\u00edticas por su manejo de protestas sociales. Recientemente, una manifestaci\u00f3n de jubilados en Buenos Aires culmin\u00f3 en enfrentamientos con la polic\u00eda, resultando en heridos y detenciones. En lugar de abordar las demandas de los manifestantes, el gobierno opt\u00f3 por una narrativa confrontativa, acusando a la oposici\u00f3n de intentar desestabilizar su mandato.<\/p>\n\n\n\n<p>La diputada oficialista Lilia Lemoine declar\u00f3: \u00abLos mismos que hicieron el golpe para devaluar en 2001 quieren el golpe ahora\u00bb, insinuando una conspiraci\u00f3n para derrocar al presidente. Esta ret\u00f3rica ha sido vista por muchos como una t\u00e1ctica para desviar la atenci\u00f3n del esc\u00e1ndalo de $LIBRA y consolidar el apoyo de su base pol\u00edtica mediante la victimizaci\u00f3n.<\/p>\n\n\n\n<p><strong>La fragilidad de las alianzas pol\u00edticas<\/strong><\/p>\n\n\n\n<p>La crisis tambi\u00e9n ha evidenciado fisuras dentro del propio movimiento libertario. La relaci\u00f3n entre Milei y su vicepresidenta, Victoria Villarruel, se ha tornado tensa. Villarruel se solidariz\u00f3 p\u00fablicamente con las v\u00edctimas de la represi\u00f3n policial y defendi\u00f3 el derecho de los jubilados a protestar, marcando una clara distancia respecto a la postura oficial del presidente. Esta divergencia podr\u00eda indicar fracturas internas que amenazan la cohesi\u00f3n del gobierno.<\/p>\n\n\n\n<p><strong>Un liderazgo en entredicho<\/strong><\/p>\n\n\n\n<p>La suspensi\u00f3n del viaje a Espa\u00f1a y el esc\u00e1ndalo de $LIBRA han colocado a Javier Milei en una posici\u00f3n precaria. Su imagen de l\u00edder disruptivo y defensor de la libertad econ\u00f3mica se ha visto empa\u00f1ada por acusaciones de fraude y una gesti\u00f3n autoritaria de la disidencia interna. La comunidad internacional observa con cautela, mientras que en el frente interno, la desilusi\u00f3n y el descontento crecen.<\/p>\n\n\n\n<p>Es imperativo que el presidente aborde estas crisis con transparencia y responsabilidad, alej\u00e1ndose de teor\u00edas conspirativas y enfrentando las consecuencias de sus acciones. Solo as\u00ed podr\u00e1 recuperar la confianza perdida y demostrar que su compromiso con la libertad y la justicia no es meramente ret\u00f3rico, sino una gu\u00eda para su administraci\u00f3n.<\/p>\n\n\n","protected":false},"excerpt":{"rendered":"<p>El presidente argentino enfrenta denuncias internacionales y cr\u00edticas por su implicaci\u00f3n en la promoci\u00f3n de una criptomoneda fraudulenta, lo que ha llevado a la suspensi\u00f3n de su visita a Europa. El presidente, Javier Milei, ha suspendido abruptamente su viaje programado a Espa\u00f1a, donde ten\u00eda previsto recibir el premio \u00abEscuela de Salamanca\u00bb otorgado por la organizaci\u00f3n&#8230;<\/p>\n","protected":false},"author":1,"featured_media":2512,"comment_status":"open","ping_status":"open","sticky":false,"template":"","format":"standard","meta":{"_monsterinsights_skip_tracking":false,"_monsterinsights_sitenote_active":false,"_monsterinsights_sitenote_note":"","_monsterinsights_sitenote_category":0,"footnotes":"","jetpack_publicize_message":"","jetpack_publicize_feature_enabled":true,"jetpack_social_post_already_shared":true,"jetpack_social_options":{"image_generator_settings":{"template":"highway","default_image_id":0,"font":"","enabled":false},"version":2}},"categories":[1956,2],"tags":[75,43,15,45],"class_list":["post-2511","post","type-post","status-publish","format-standard","has-post-thumbnail","hentry","category-libra","category-politica","tag-corrupcion","tag-crisis","tag-economia","tag-milei"],"jetpack_publicize_connections":[],"_links":{"self":[{"href":"https:\/\/www.enorsai.com\/noticias\/wp-json\/wp\/v2\/posts\/2511","targetHints":{"allow":["GET"]}}],"collection":[{"href":"https:\/\/www.enorsai.com\/noticias\/wp-json\/wp\/v2\/posts"}],"about":[{"href":"https:\/\/www.enorsai.com\/noticias\/wp-json\/wp\/v2\/types\/post"}],"author":[{"embeddable":true,"href":"https:\/\/www.enorsai.com\/noticias\/wp-json\/wp\/v2\/users\/1"}],"replies":[{"embeddable":true,"href":"https:\/\/www.enorsai.com\/noticias\/wp-json\/wp\/v2\/comments?post=2511"}],"version-history":[{"count":2,"href":"https:\/\/www.enorsai.com\/noticias\/wp-json\/wp\/v2\/posts\/2511\/revisions"}],"predecessor-version":[{"id":2514,"href":"https:\/\/www.enorsai.com\/noticias\/wp-json\/wp\/v2\/posts\/2511\/revisions\/2514"}],"wp:featuredmedia":[{"embeddable":true,"href":"https:\/\/www.enorsai.com\/noticias\/wp-json\/wp\/v2\/media\/2512"}],"wp:attachment":[{"href":"https:\/\/www.enorsai.com\/noticias\/wp-json\/wp\/v2\/media?parent=2511"}],"wp:term":[{"taxonomy":"category","embeddable":true,"href":"https:\/\/www.enorsai.com\/noticias\/wp-json\/wp\/v2\/categories?post=2511"},{"taxonomy":"post_tag","embeddable":true,"href":"https:\/\/www.enorsai.com\/noticias\/wp-json\/wp\/v2\/tags?post=2511"}],"curies":[{"name":"wp","href":"https:\/\/api.w.org\/{rel}","templated":true}]}}