{"id":2497,"date":"2025-03-14T21:44:56","date_gmt":"2025-03-15T00:44:56","guid":{"rendered":"http:\/\/www.enorsai.com\/noticias\/?p=2497"},"modified":"2025-03-14T21:46:31","modified_gmt":"2025-03-15T00:46:31","slug":"la-obra-social-de-la-policia-federal-no-esta-pagando-las-prestaciones-de-los-afiliados-con-discapacidad","status":"publish","type":"post","link":"https:\/\/www.enorsai.com\/noticias\/sociedad\/la-obra-social-de-la-policia-federal-no-esta-pagando-las-prestaciones-de-los-afiliados-con-discapacidad\/","title":{"rendered":"La Obra Social de la Polic\u00eda Federal no est\u00e1 pagando las prestaciones de los afiliados con discapacidad"},"content":{"rendered":"\n<p><strong><em>\u201cEs una vulneraci\u00f3n a los derechos porque la discapacidad es un gasto para el gobierno\u00bb indic\u00f3 Gabriela Paredes Domanico. <\/em><\/strong><\/p>\n\n\n\n<p>Ante un conflicto por las coberturas y autorizaciones en \u00e1reas de discapacidad, afiliados a la <strong>obra social de la Polic\u00eda Federal Argentina<\/strong>&nbsp; reclamaron por la falta de respuestas, aprobaciones para distintas atenciones y la falta de pago a prestadores.<\/p>\n\n\n\n<p>En ese sentido, nos encontramos con el caso de Gabriela Paredes Domanico. Ella es madre de dos ni\u00f1as que poseen CUD (Certificado \u00danico de Discapacidad) y se encuentra en una situaci\u00f3n desesperante porque desde el mes de agosto del 2024 la obra social dej\u00f3 de hacerse cargo de las personas con discapacidad.<\/p>\n\n\n\n<p><strong>\u00bfQu\u00e9 es lo que les est\u00e1 sucediendo?<\/strong><\/p>\n\n\n\n<p>Desde el mes de agosto, la obra social de la Polic\u00eda Federal Argentina dej\u00f3 de pagar todas las prestaciones vinculadas a discapacidad, como as\u00ed tambi\u00e9n, tratamiento y estudios externos al Hospital Churruca. Antes, mediante una autorizaci\u00f3n, se les pagaba a los prestadores de los servicios, a las farmacias. Hoy ya no le pagan a nadie, tal es asi que el Colegio de fermaceuticos de la Provincia de Buenos Aires estableci\u00f3 en la primera resoluci\u00f3n del a\u00f1o que dejaba de trabajar con la obra social de la Polic\u00eda Federal por esta falta de pago. Si bien, luego de varios reclamos esto se revirti\u00f3,&nbsp; no as\u00ed el pago a los prestadores externos.<\/p>\n\n\n\n<p>Sin embargo, en agosto del 2024 se cort\u00f3 todo abruptamente. El argumento de ellos es que como consecuencia del cambio del sistema todo se volvi\u00f3 m\u00e1s lento y que los afiliados debiamos acostumbrarnos. A esto debemos sumarle la mudanza de la&nbsp; oficina de abordaje a la discapacidad que se encontraba en el Hospital Churruca al tercer piso del Departamento Central de Polic\u00eda, haciendo que todo se vuelva m\u00e1s engorroso y m\u00e1s intimidante para muchos afiliados.<\/p>\n\n\n\n<p>Como si esta situaci\u00f3n no fuese suficiente, el 3 de diciembre nos dicen que el sistema fue hackeado, perdi\u00e9ndose las historias cl\u00ednicas, los pagos y eso les sirvi\u00f3 de excusa porque ahora todo se lo atribuyen al hackeo: \u00abNo se puede hacer nada, no se puede pagar por el hackeo\u00bb me dicen cada vez que voy a realizar un reclamo.<\/p>\n\n\n\n<p>La verdad es que yo no creo en ese hackeo y solo pienso de que es un gran chivo expiatorio. La realidad es que todo se complic\u00f3 mucho m\u00e1s, nos pidieron a los afiliados que mandemos un excel detallando todas las facturas que deben a los prestadores. En lo personal, hice todo lo que nos pidieron y solo logr\u00e9 que pagaran el colegio especial de mi nena de los meses de abril y mayo del 2024, debiendo todos los meses que restan de ese a\u00f1o y el actual.<\/p>\n\n\n\n<p><strong>\u00bfHace cu\u00e1nto tiempo sufren esta situaci\u00f3n?<\/strong><\/p>\n\n\n\n<p>Desde agosto pero quiero aclarar que si bien durante la pandemia se vivi\u00f3 una situaci\u00f3n similar, obtuve inmediamente una respuesta de quien era en ese momento el Ministro de Seguridad, Anibal Fern\u00e1ndez luego de arrobarlo en twitter. A las dos horas, recibo un correo electr\u00f3nico del Ministerio para brindarme una entrevista con el comisario que en ese momento se encontraba a cargo del sector de prestaciones de discapacidad de la obra social, d\u00e1ndome una respuesta inmediata no solo a mi, sino tambi\u00e9n a todos los que se encontraban en una situaci\u00f3n similar.<\/p>\n\n\n\n<p>De hecho, luego me dieron una entrevista con la Jefa de Bienestar y muchisimas cosas que plantee en esa reuni\u00f3n se solucionaron.<\/p>\n\n\n\n<p>Ahora, intent\u00e9 hacer lo mismo, arrobando en Twitter a la Ministra de Seguridad. Sin embargo, no he recibido ninguna respuesta.<\/p>\n\n\n\n<p><strong>\u00bfPor qu\u00e9 pens\u00e1s que se est\u00e1n vulnerando sus derechos?<\/strong><\/p>\n\n\n\n<p>Porque para este gobierno las personas con discapacidad son un gasto. No una inversi\u00f3n, no les importa si tienen derechos, si tienen el CUD, si hay una ley o un amparo. Por eso no les importan, porque no garpan politicamente y m\u00e1s en un contexto en donde lo \u00fanico que importa es el superavit, esto claramente es una p\u00e9rdida. Imaginate que si no le importa a la autoridad m\u00e1xima del pa\u00eds, menos le van a importar al resto de la sociedad.<\/p>\n\n\n\n<p><strong>\u00bfC\u00f3mo te afecta a vos desde lo emocional este abandono de la obra social?<\/strong><\/p>\n\n\n\n<p>Imaginate c\u00f3mo afecta. Yo tengo dos nenas que se encuentran en situaci\u00f3n vulnerable, siempre con el temor de si van a recibir o no la medicaci\u00f3n que tanto necesitan, el acompa\u00f1amiento de la terapia, la escuela o la fonoaudi\u00f3loga. Y si bien, despu\u00e9s de tantos a\u00f1os las terapeutas ya son parte de la familia, me angustia el hecho de que no puedan cobrar. M\u00e1s all\u00e1 de lo que uno pasa con un hijo con alguna discapacidad, se le suma una tristeza enorme como consecuencia de la burocracia que hay en las obras sociales.<\/p>\n\n\n\n<p>Ya para una familia recibir un dian\u00f3stico de neurodiversidad en algunos de sus hijos ya es tremendo porque ten\u00e9s que hacer un duelo del hijo que so\u00f1aste para aceptar al hijo que ten\u00e9s. Eso ya implica un desgaste emocional tremendo. A todo esto, sumale la burocracia de los tr\u00e1mites y&nbsp; los problemas con la obra social que generan problemas en la pareja o de salud mental en nosotros.<\/p>\n\n\n\n<p><strong>\u00bfQu\u00e9 respuesta han dado los distintos responsables de esta problem\u00e1tica?<\/strong><\/p>\n\n\n\n<p>La respuesta ser\u00eda hasta tragic\u00f3mica si uno no estar\u00eda en esta situaci\u00f3n. Las personas que est\u00e1n a cargo de mi obra social se r\u00eden, nos toman el pelo. Imaginate, yo vivo en Quilmes y me tengo que movilizar hasta CABA para tener un tipo de respuesta de la obra social. Y cuando voy, repiten las mismas excusas, llev\u00e1ndote a una situaci\u00f3n de nervios tremenda para luego amenazarte con que llamar\u00e1n a la guardia policial por levantar un poco el tono de voz.<\/p>\n\n\n\n<p><strong>\u00bfCu\u00e1l crees que es la salida?<\/strong><\/p>\n\n\n\n<p>La salida es que todos los afiliados nos unamos y que desde el Ministerio pongan gente emp\u00e1tica, que le interece lo que les pasa a los afiliados. Pero las personas con discapacidad no le importan ni al presidente ni al Ministerio porque no hay gente resolutiva que pueda tomar el problema y encuentre la forma de solucionarlo, teniendo a disposici\u00f3n un conjunto de herramientas que le permitan hacerlo. Sobre todo hay que tener voluntad de solucionar, utilizando los fondos designados para estas \u00e1reas y no desviarlos como parecer\u00eda que viene sucediendo.<\/p>\n\n\n\n<figure class=\"wp-block-embed is-type-wp-embed is-provider-incrustado wp-block-embed-incrustado\"><div class=\"wp-block-embed__wrapper\">\n<blockquote class=\"wp-embedded-content\" data-secret=\"3gt6OCdPVA\"><a href=\"https:\/\/www.enorsai.com\/noticias\/politica\/bullrich-en-la-cuerda-floja-la-represion-desato-la-furia-en-las-calles-y-un-pasado-judicial-que-la-persigue\/\">Bullrich, en la cuerda floja: La represi\u00f3n desat\u00f3 la furia en las calles y un pasado judicial que la persigue<\/a><\/blockquote><iframe loading=\"lazy\" class=\"wp-embedded-content\" sandbox=\"allow-scripts\" security=\"restricted\" style=\"position: absolute; visibility: hidden;\" title=\"\u00abBullrich, en la cuerda floja: La represi\u00f3n desat\u00f3 la furia en las calles y un pasado judicial que la persigue\u00bb \u2014 \" src=\"https:\/\/www.enorsai.com\/noticias\/politica\/bullrich-en-la-cuerda-floja-la-represion-desato-la-furia-en-las-calles-y-un-pasado-judicial-que-la-persigue\/embed\/#?secret=zGpbOG6oBj#?secret=3gt6OCdPVA\" data-secret=\"3gt6OCdPVA\" width=\"600\" height=\"338\" frameborder=\"0\" marginwidth=\"0\" marginheight=\"0\" scrolling=\"no\"><\/iframe>\n<\/div><\/figure>\n\n\n\n<p><strong>\u00bfMientras tanto c\u00f3mo hacen para hacerse de los gastos de las chicas?<\/strong><\/p>\n\n\n\n<p>Con la escuela &#8211;de gesti\u00f3n privada&#8211; lo que hicimos con mi esposo es firmar un convenio de pago y cumplirlo a rajatabla para cubrir la deuda que tiene la obra social. Cuando logramos que la Obra Social abone las cuotas, el colegio nos hace el reintegro a nosotros. De paso, cuento que es muy dificil conseguir una vacante en un colegio especial estatal, y una vez que se consigue las maestras integradoras tienen entre 20 y 30 alumnos lo que hace imposible que le dedique a la totalidad de ellos el tiempo necesario de atenci\u00f3n.<\/p>\n\n\n\n<p>Por esta raz\u00f3n, la mayor\u00eda optan por un colegio de gesti\u00f3n privada lo que no garantiza el ingreso ya que la demanda es alt\u00edsima a lo que hay que sumarle el alto valor de las cuotas.<\/p>\n\n\n\n<p>Y con las terapeutas existe un acuerdo de confianza ya que despu\u00e9s de tantos a\u00f1os hemos creado un v\u00ednculo casi familiar. Ellas nos esperan, porque saben que hacemos todo lo posible para que la obra social les pague.<\/p>\n\n\n\n<p><strong>\u00bfSab\u00e9s de otras familias que se encuentran atravesando la misma situaci\u00f3n?<\/strong><\/p>\n\n\n\n<p>S\u00ed, much\u00edsimas familias. Yo cada vez que voy a reclamar no hay menos de 15 o 20 famlias luchando por lo mismo. A todos nos tratan de la misma manera, incluso escuchando casos tremendos, peores que el nuestro. Por ejemplo, durante el 2024 no se pag\u00f3 el transporte, por lo que muchos pacientes\/afiliados en silla de ruedas no pudieron ser trasladados. Yo creo que todas las familias que dependemos de la oficina de abordaje a la discapacidad de la obra social de los policias nos encontramos en la misma situaci\u00f3n.<\/p>\n\n\n\n<p><strong>\u00bfC\u00f3mo ayudar\u00eda a mejorar la calidad de vida de aquellas personas con discapacidad con una obra social que se hace cargo 100% de ellos?<\/strong><\/p>\n\n\n\n<p>Ser\u00eda ideal que eso suceda, ser\u00eda perfecto. Imaginate, ya el diagn\u00f3stico de nuerodiversidad complica las cosas, si la obra social se hiciese cargo al 100% de ellos, nos evitar\u00eda muchos dolores de cabeza, permitiendo tener una mejor calidad de vida y compartir m\u00e1s tiempo con nuestros hijos.<\/p>\n\n\n\n<p><strong>\u00bfCre\u00e9s que hay una falta de empat\u00eda de la sociedad hacia las personas con discapacidad? \u00bfPor qu\u00e9?<\/strong><\/p>\n\n\n\n<p>Es muy dificil ponerse en el lugar de una persona sin nunca haber experimentado algo igual. Yo antes hab\u00eda un mont\u00f3n de cosas que ignoraba y siempre digo que agradezco haber vivido esto porque aprend\u00ed much\u00edsimo sobre muchas cosas. Yo pienso que la sociedad est\u00e1 aprendiendo. El ejemplo es el colegio al que fueron mis hijas mayores, nunca hab\u00edan tenido ni acompa\u00f1ante ni maestra integradora, despu\u00e9s del caso de mi hija Esperanza la escuela nos contuvo y ayud\u00f3. Yo creo que la falta de empat\u00eda est\u00e1 en aquellos que tienen el poder, no en la gente de a pie, porque para ellos la discapacidad es un gasto.<\/p>\n\n\n\n<p>Si bien existe una Ley de Inclusi\u00f3n que obliga a los colegios a aceptar a chicos y chicas con neurodiversidad, pero no hay escuelas suficientes y las maestras no se encuentran capacitadas ni saben c\u00f3mo llegar a ellos.<\/p>\n\n\n\n<p><strong>\u00bfCre\u00e9s que hay otros grupos abandonados por el gobierno adem\u00e1s de las personas con discapacidad?<\/strong><\/p>\n\n\n\n<p>Bueno est\u00e1 a la vista que los m\u00e1s vulnerables en principio son los jubilados, discapacitados,&nbsp; enfermos terminales, ect ya que le son pocos \u00fatiles.&nbsp; Pero si te fij\u00e1s bien no protege a nadie; f\u00edjate que us\u00f3 a las fuerzas de seguridad para tama\u00f1a represi\u00f3n y a ellos mismos en calidad de afiliados no les cumple los derechos. Es decir, no les importa nada ni nadie.<\/p>\n\n\n","protected":false},"excerpt":{"rendered":"<p>La obra social de la Polic\u00eda Federal Argentina dej\u00f3 de pagar las prestaciones para personas con discapacidad desde agosto de 2024. Gabriela Paredes Domanico denuncia que la falta de pagos y el desinter\u00e9s del gobierno de Javier Milei vulneran derechos esenciales. \u201cPara este gobierno, la discapacidad es un gasto\u201d, advierte.<\/p>\n","protected":false},"author":1,"featured_media":2498,"comment_status":"open","ping_status":"open","sticky":false,"template":"","format":"standard","meta":{"_monsterinsights_skip_tracking":false,"_monsterinsights_sitenote_active":false,"_monsterinsights_sitenote_note":"","_monsterinsights_sitenote_category":0,"footnotes":"","jetpack_publicize_message":"\ud83d\udea8 \u00a1Grave denuncia! La obra social de la Polic\u00eda Federal dej\u00f3 de pagar prestaciones a personas con discapacidad desde agosto de 2024. Gabriela Paredes Domanico, madre afectada, advierte: \u201cPara este gobierno, la discapacidad es un gasto\u201d. \ud83d\ude21 El ajuste golpea a los m\u00e1s vulnerables.  \u274c","jetpack_publicize_feature_enabled":true,"jetpack_social_post_already_shared":false,"jetpack_social_options":{"image_generator_settings":{"template":"highway","enabled":false},"version":2}},"categories":[4],"tags":[58,901,43,69,900,902,45,122,899,249],"class_list":["post-2497","post","type-post","status-publish","format-standard","has-post-thumbnail","hentry","category-sociedad","tag-ajuste","tag-burocracia","tag-crisis","tag-derechos","tag-discapacidad","tag-exclusion","tag-milei","tag-negligencia","tag-obra-social","tag-salud"],"jetpack_publicize_connections":[],"_links":{"self":[{"href":"https:\/\/www.enorsai.com\/noticias\/wp-json\/wp\/v2\/posts\/2497","targetHints":{"allow":["GET"]}}],"collection":[{"href":"https:\/\/www.enorsai.com\/noticias\/wp-json\/wp\/v2\/posts"}],"about":[{"href":"https:\/\/www.enorsai.com\/noticias\/wp-json\/wp\/v2\/types\/post"}],"author":[{"embeddable":true,"href":"https:\/\/www.enorsai.com\/noticias\/wp-json\/wp\/v2\/users\/1"}],"replies":[{"embeddable":true,"href":"https:\/\/www.enorsai.com\/noticias\/wp-json\/wp\/v2\/comments?post=2497"}],"version-history":[{"count":2,"href":"https:\/\/www.enorsai.com\/noticias\/wp-json\/wp\/v2\/posts\/2497\/revisions"}],"predecessor-version":[{"id":2501,"href":"https:\/\/www.enorsai.com\/noticias\/wp-json\/wp\/v2\/posts\/2497\/revisions\/2501"}],"wp:featuredmedia":[{"embeddable":true,"href":"https:\/\/www.enorsai.com\/noticias\/wp-json\/wp\/v2\/media\/2498"}],"wp:attachment":[{"href":"https:\/\/www.enorsai.com\/noticias\/wp-json\/wp\/v2\/media?parent=2497"}],"wp:term":[{"taxonomy":"category","embeddable":true,"href":"https:\/\/www.enorsai.com\/noticias\/wp-json\/wp\/v2\/categories?post=2497"},{"taxonomy":"post_tag","embeddable":true,"href":"https:\/\/www.enorsai.com\/noticias\/wp-json\/wp\/v2\/tags?post=2497"}],"curies":[{"name":"wp","href":"https:\/\/api.w.org\/{rel}","templated":true}]}}