{"id":2487,"date":"2025-03-14T08:04:20","date_gmt":"2025-03-14T11:04:20","guid":{"rendered":"https:\/\/www.enorsai.com\/noticias\/?p=2487"},"modified":"2025-03-14T08:04:20","modified_gmt":"2025-03-14T11:04:20","slug":"argra-y-sipreba-piden-la-renuncia-de-bullrich-y-la-denunciaran-penalmente-junto-al-cels","status":"publish","type":"post","link":"https:\/\/www.enorsai.com\/noticias\/politica\/argra-y-sipreba-piden-la-renuncia-de-bullrich-y-la-denunciaran-penalmente-junto-al-cels\/","title":{"rendered":"Argra y Sipreba piden la renuncia de Bullrich y la denunciar\u00e1n penalmente junto al CELS"},"content":{"rendered":"\n<p>Es por la brutal represi\u00f3n de las fuerzas de seguridad en la jornada de ayer en las inmediaciones del Congreso, donde jubilados y otros miles de personas rechazaron el ajuste del gobierno de Javier Milei. El ataque dej\u00f3 al fot\u00f3grafo Pablo Grillo en grave estado por una granada de gas que le dispararon a la cabeza en la manifestaci\u00f3n.<\/p>\n\n\n\n<p>La Asociaci\u00f3n de Reporteros Gr\u00e1ficos de la Rep\u00fablica Argentina (Argra), el Sindicato de Prensa de Buenos Aires (Sipreba) y el Centro de Estudios Legales y Sociales (Cels) exigen la renuncia de la ministra de Seguridad, Patricia Bullrich, tras la brutal represi\u00f3n de las fuerzas de seguridad en la jornada de ayer en las inmediaciones del Congreso, donde jubilados y otros miles de personas rechazaron el ajuste del gobierno de Javier Milei.<\/p>\n\n\n\n<p>\u201cEs una situaci\u00f3n que no podemos naturalizar, tolerar ni permitir que se vuelva normal, que en cada protesta haya represi\u00f3n y que en cada represi\u00f3n la prensa sea el blanco predilecto de las fuerzas represivas\u201d, expres\u00f3 el secretario general de Sipreba, Agust\u00edn Lecchi durante la conferencia de prensa conjunta que los sindicatos de prensa realizaron esta ma\u00f1ana.<\/p>\n\n\n\n<figure class=\"wp-block-embed is-type-rich is-provider-instagram wp-block-embed-instagram\"><div class=\"wp-block-embed__wrapper\">\nhttps:\/\/www.instagram.com\/p\/DHIBjc_tIY9\/?utm_source=ig_web_copy_link\n<\/div><\/figure>\n\n\n\n<p>Tambi\u00e9n asegur\u00f3 que el ataque de las fuerzas de seguridad a la prensa tiene un motivo: \u201cLo que quieren es construir escenarios falsos, ficticios de operaci\u00f3n medi\u00e1tica, en donde escondan el brutal ajuste, el saqueo, la entrega de recursos que est\u00e1 sufriendo nuestra patria, nuestro pa\u00eds. Ese es el plan central de este gobierno\u201d.<\/p>\n\n\n\n<p>Lecchi opin\u00f3 que el objetivo del gobierno nacional \u201ces ajustar a los trabajadores y trabajadoras, jubilados y jubiladas y por eso quieren una sociedad desinformada\u201d. Y agreg\u00f3: \u201cSi no hubi\u00e9semos tenido el registro de fot\u00f3grafos y de compa\u00f1eros que estaban filmando, posiblemente hubiesen querido instalar una fake news sobre el ataque que sufri\u00f3 Pablo Grillo. Por eso nos sumamos, y en el primer momento lo dijimos, a la exigencia de renuncia de la ministra Patricia Bullrich\u201d.<\/p>\n\n\n\n<figure class=\"wp-block-embed is-type-rich is-provider-instagram wp-block-embed-instagram\"><div class=\"wp-block-embed__wrapper\">\nhttps:\/\/www.instagram.com\/reel\/DHFVv1_xbw8\/?utm_source=ig_web_copy_link\n<\/div><\/figure>\n\n\n\n<p>Las tres organizaciones realizar\u00e1n una denuncia penal contra la ministra por la represi\u00f3n. Mientras tanto, los reporteros gr\u00e1ficos convocaron a para esta tarde en la zona del Congreso a un \u201ccamarazo por Pablo Grasso\u201d, que contin\u00faa en estado cr\u00edtico.<\/p>\n\n\n\n<p>Por FARCO Noticias<\/p>\n","protected":false},"excerpt":{"rendered":"<p>Es por la brutal represi\u00f3n de las fuerzas de seguridad en la jornada de ayer en las inmediaciones del Congreso, donde jubilados y otros miles de personas rechazaron el ajuste del gobierno de Javier Milei. El ataque dej\u00f3 al fot\u00f3grafo Pablo Grillo en grave estado por una granada de gas que le dispararon a la&#8230;<\/p>\n","protected":false},"author":5,"featured_media":2488,"comment_status":"open","ping_status":"open","sticky":false,"template":"","format":"standard","meta":{"_monsterinsights_skip_tracking":false,"_monsterinsights_sitenote_active":false,"_monsterinsights_sitenote_note":"","_monsterinsights_sitenote_category":0,"footnotes":"","jetpack_publicize_message":"","jetpack_publicize_feature_enabled":true,"jetpack_social_post_already_shared":true,"jetpack_social_options":{"image_generator_settings":{"template":"highway","default_image_id":0,"font":"","enabled":false},"version":2}},"categories":[2],"tags":[43,45,431,887],"class_list":["post-2487","post","type-post","status-publish","format-standard","has-post-thumbnail","hentry","category-politica","tag-crisis","tag-milei","tag-patricia-bullrich","tag-represion-congreso"],"jetpack_publicize_connections":[],"_links":{"self":[{"href":"https:\/\/www.enorsai.com\/noticias\/wp-json\/wp\/v2\/posts\/2487","targetHints":{"allow":["GET"]}}],"collection":[{"href":"https:\/\/www.enorsai.com\/noticias\/wp-json\/wp\/v2\/posts"}],"about":[{"href":"https:\/\/www.enorsai.com\/noticias\/wp-json\/wp\/v2\/types\/post"}],"author":[{"embeddable":true,"href":"https:\/\/www.enorsai.com\/noticias\/wp-json\/wp\/v2\/users\/5"}],"replies":[{"embeddable":true,"href":"https:\/\/www.enorsai.com\/noticias\/wp-json\/wp\/v2\/comments?post=2487"}],"version-history":[{"count":1,"href":"https:\/\/www.enorsai.com\/noticias\/wp-json\/wp\/v2\/posts\/2487\/revisions"}],"predecessor-version":[{"id":2489,"href":"https:\/\/www.enorsai.com\/noticias\/wp-json\/wp\/v2\/posts\/2487\/revisions\/2489"}],"wp:featuredmedia":[{"embeddable":true,"href":"https:\/\/www.enorsai.com\/noticias\/wp-json\/wp\/v2\/media\/2488"}],"wp:attachment":[{"href":"https:\/\/www.enorsai.com\/noticias\/wp-json\/wp\/v2\/media?parent=2487"}],"wp:term":[{"taxonomy":"category","embeddable":true,"href":"https:\/\/www.enorsai.com\/noticias\/wp-json\/wp\/v2\/categories?post=2487"},{"taxonomy":"post_tag","embeddable":true,"href":"https:\/\/www.enorsai.com\/noticias\/wp-json\/wp\/v2\/tags?post=2487"}],"curies":[{"name":"wp","href":"https:\/\/api.w.org\/{rel}","templated":true}]}}