{"id":2479,"date":"2025-03-13T18:10:59","date_gmt":"2025-03-13T21:10:59","guid":{"rendered":"https:\/\/www.enorsai.com\/noticias\/?p=2479"},"modified":"2025-03-13T18:14:44","modified_gmt":"2025-03-13T21:14:44","slug":"renunciabullrich-es-tendencia-en-las-redes","status":"publish","type":"post","link":"https:\/\/www.enorsai.com\/noticias\/politica\/renunciabullrich-es-tendencia-en-las-redes\/","title":{"rendered":"#RenunciaBullrich es tendencia en las redes"},"content":{"rendered":"\n<p>La reciente represi\u00f3n a jubilados y manifestantes frente al Congreso ha desatado una ola de indignaci\u00f3n en las redes sociales, consolidando el hashtag #RenunciaBullrich como tendencia principal. La ministra de Seguridad, Patricia Bullrich, enfrenta cr\u00edticas severas por el operativo que dej\u00f3 m\u00e1s de 120 detenidos y al menos 45 heridos, entre ellos el fotoperiodista Pablo Grillo, quien se encuentra en estado grave tras recibir el impacto de un cartucho de gas lacrim\u00f3geno. <br><br>La protesta, organizada por jubilados que exig\u00edan mejoras en sus pensiones y la restituci\u00f3n de beneficios eliminados, cont\u00f3 con el apoyo de hinchas de f\u00fatbol y diversos colectivos sociales. La respuesta de las fuerzas de seguridad, que incluy\u00f3 el uso de balas de goma, gases lacrim\u00f3genos y camiones hidrantes, ha sido ampliamente cuestionada por su desproporcionalidad y violencia. <br><br>En Twitter, miles de usuarios han expresado su repudio a la actuaci\u00f3n de Bullrich, exigiendo su renuncia inmediata. Uno de los tuits destacados se\u00f1ala: \u00abSolo bajo el efecto de la droga pueden hacer tantas atrocidades Bullrich es la proveedora #BullrichAsesina #RenunciaBullrich\u00bb. <\/p>\n\n\n\n<p><br>Otro usuario comparti\u00f3 su indignaci\u00f3n: \u00abSolo queda una cosa para decir: El mi\u00e9rcoles que viene tenemos que ser el doble. #RenunciaBullrich #BullrichAsesina\u00bb. <\/p>\n\n\n\n<figure class=\"wp-block-embed is-type-rich is-provider-twitter wp-block-embed-twitter\"><div class=\"wp-block-embed__wrapper\">\n<blockquote class=\"twitter-tweet\" data-width=\"550\" data-dnt=\"true\"><p lang=\"es\" dir=\"ltr\">S\u00f3lo bajo el efecto de la droga pueden hacer tantas atrocidades <br>Bullrich es la proveedora <a href=\"https:\/\/twitter.com\/hashtag\/BullrichAsesina?src=hash&amp;ref_src=twsrc%5Etfw\">#BullrichAsesina<\/a> <a href=\"https:\/\/twitter.com\/hashtag\/RenunciaBullrich?src=hash&amp;ref_src=twsrc%5Etfw\">#RenunciaBullrich<\/a> <a href=\"https:\/\/t.co\/Yan1XBhVuu\">pic.twitter.com\/Yan1XBhVuu<\/a><\/p>&mdash; Mirta sin H.\ud83e\udd8b (@topuzi_mirta) <a href=\"https:\/\/twitter.com\/topuzi_mirta\/status\/1900055789328343414?ref_src=twsrc%5Etfw\">March 13, 2025<\/a><\/blockquote><script async src=\"https:\/\/platform.twitter.com\/widgets.js\" charset=\"utf-8\"><\/script>\n<\/div><\/figure>\n\n\n\n<p><br><br>La situaci\u00f3n se agrav\u00f3 cuando un polic\u00eda agredi\u00f3 brutalmente a una jubilada que se encontraba en las inmediaciones del Congreso, hecho que fue captado en video y difundido ampliamente en redes sociales. <br><br>Adem\u00e1s, la ministra Bullrich justific\u00f3 la represi\u00f3n y atac\u00f3 a la Justicia, anunciando denuncias contra una jueza que orden\u00f3 la liberaci\u00f3n de los detenidos. Esta postura ha sido interpretada como un intento de criminalizar la protesta social y coartar la independencia del Poder Judicial. <br><br>La creciente tensi\u00f3n social y la respuesta represiva del gobierno de Javier Milei han generado preocupaci\u00f3n tanto a nivel nacional como internacional. Diversos sectores pol\u00edticos y organizaciones de derechos humanos han condenado la violencia ejercida contra manifestantes pac\u00edficos y han solicitado la renuncia de Patricia Bullrich como ministra de Seguridad. <br><br>Es fundamental que las autoridades escuchen las leg\u00edtimas demandas de la ciudadan\u00eda y garanticen el derecho a la protesta pac\u00edfica, evitando el uso excesivo de la fuerza y promoviendo el di\u00e1logo como herramienta para resolver conflictos sociales.<\/p>\n\n\n\n<figure class=\"wp-block-embed is-type-rich is-provider-twitter wp-block-embed-twitter\"><div class=\"wp-block-embed__wrapper\">\n<blockquote class=\"twitter-tweet\" data-width=\"550\" data-dnt=\"true\"><p lang=\"es\" dir=\"ltr\">Solo queda una cosa para decir: El mi\u00e9rcoles que viene tenemos que ser el doble.<a href=\"https:\/\/twitter.com\/hashtag\/RenunciaBullrich?src=hash&amp;ref_src=twsrc%5Etfw\">#RenunciaBullrich<\/a> <a href=\"https:\/\/twitter.com\/hashtag\/BullrichAsesina?src=hash&amp;ref_src=twsrc%5Etfw\">#BullrichAsesina<\/a> <a href=\"https:\/\/t.co\/lwcePYpQRf\">pic.twitter.com\/lwcePYpQRf<\/a><\/p>&mdash; raquel (@calraquel63) <a href=\"https:\/\/twitter.com\/calraquel63\/status\/1900238742428017073?ref_src=twsrc%5Etfw\">March 13, 2025<\/a><\/blockquote><script async src=\"https:\/\/platform.twitter.com\/widgets.js\" charset=\"utf-8\"><\/script>\n<\/div><\/figure>\n","protected":false},"excerpt":{"rendered":"<p>La reciente represi\u00f3n a jubilados y manifestantes frente al Congreso ha desatado una ola de indignaci\u00f3n en las redes sociales, consolidando el hashtag #RenunciaBullrich como tendencia principal. La ministra de Seguridad, Patricia Bullrich, enfrenta cr\u00edticas severas por el operativo que dej\u00f3 m\u00e1s de 120 detenidos y al menos 45 heridos, entre ellos el fotoperiodista Pablo&#8230;<\/p>\n","protected":false},"author":1,"featured_media":2480,"comment_status":"open","ping_status":"open","sticky":false,"template":"","format":"standard","meta":{"_monsterinsights_skip_tracking":false,"_monsterinsights_sitenote_active":false,"_monsterinsights_sitenote_note":"","_monsterinsights_sitenote_category":0,"footnotes":"","jetpack_publicize_message":"","jetpack_publicize_feature_enabled":true,"jetpack_social_post_already_shared":true,"jetpack_social_options":{"image_generator_settings":{"template":"highway","default_image_id":0,"font":"","enabled":false},"version":2}},"categories":[2],"tags":[431],"class_list":["post-2479","post","type-post","status-publish","format-standard","has-post-thumbnail","hentry","category-politica","tag-patricia-bullrich"],"jetpack_publicize_connections":[],"_links":{"self":[{"href":"https:\/\/www.enorsai.com\/noticias\/wp-json\/wp\/v2\/posts\/2479","targetHints":{"allow":["GET"]}}],"collection":[{"href":"https:\/\/www.enorsai.com\/noticias\/wp-json\/wp\/v2\/posts"}],"about":[{"href":"https:\/\/www.enorsai.com\/noticias\/wp-json\/wp\/v2\/types\/post"}],"author":[{"embeddable":true,"href":"https:\/\/www.enorsai.com\/noticias\/wp-json\/wp\/v2\/users\/1"}],"replies":[{"embeddable":true,"href":"https:\/\/www.enorsai.com\/noticias\/wp-json\/wp\/v2\/comments?post=2479"}],"version-history":[{"count":1,"href":"https:\/\/www.enorsai.com\/noticias\/wp-json\/wp\/v2\/posts\/2479\/revisions"}],"predecessor-version":[{"id":2481,"href":"https:\/\/www.enorsai.com\/noticias\/wp-json\/wp\/v2\/posts\/2479\/revisions\/2481"}],"wp:featuredmedia":[{"embeddable":true,"href":"https:\/\/www.enorsai.com\/noticias\/wp-json\/wp\/v2\/media\/2480"}],"wp:attachment":[{"href":"https:\/\/www.enorsai.com\/noticias\/wp-json\/wp\/v2\/media?parent=2479"}],"wp:term":[{"taxonomy":"category","embeddable":true,"href":"https:\/\/www.enorsai.com\/noticias\/wp-json\/wp\/v2\/categories?post=2479"},{"taxonomy":"post_tag","embeddable":true,"href":"https:\/\/www.enorsai.com\/noticias\/wp-json\/wp\/v2\/tags?post=2479"}],"curies":[{"name":"wp","href":"https:\/\/api.w.org\/{rel}","templated":true}]}}