{"id":2473,"date":"2025-03-13T17:26:00","date_gmt":"2025-03-13T20:26:00","guid":{"rendered":"http:\/\/www.enorsai.com\/noticias\/?p=2473"},"modified":"2025-03-13T17:29:49","modified_gmt":"2025-03-13T20:29:49","slug":"cuneo-libarona-y-la-persecucion-a-la-justicia-el-gobierno-de-milei-avanza-contra-la-independencia-judicial","status":"publish","type":"post","link":"https:\/\/www.enorsai.com\/noticias\/politica\/cuneo-libarona-y-la-persecucion-a-la-justicia-el-gobierno-de-milei-avanza-contra-la-independencia-judicial\/","title":{"rendered":"C\u00faneo Libarona y la persecuci\u00f3n a la Justicia: el Gobierno de Milei avanza contra la independencia judicial"},"content":{"rendered":"\n<p><strong><em>El ministro de Justicia se lanza contra una jueza por liberar detenidos en la represi\u00f3n del Congreso<\/em><\/strong><\/p>\n\n\n\n<p>En un nuevo cap\u00edtulo de atropello institucional, el ministro de Justicia, Mariano C\u00faneo Libarona, arremeti\u00f3 contra la jueza Karina Andrade por liberar a manifestantes detenidos durante la brutal represi\u00f3n del Congreso. La reacci\u00f3n del funcionario confirma la intenci\u00f3n del Gobierno de Javier Milei de someter al Poder Judicial a su arbitraria voluntad.<\/p>\n\n\n\n<p>El gobierno libertario ha dejado en claro que su versi\u00f3n de la \u00ablibertad\u00bb se reduce a la represi\u00f3n y el control absoluto sobre los otros poderes del Estado. La \u00faltima demostraci\u00f3n de esta l\u00f3gica autoritaria lleg\u00f3 con los dichos del ministro de Justicia, Mariano C\u00faneo Libarona, quien, lejos de defender la independencia del Poder Judicial, se convirti\u00f3 en un inquisidor pol\u00edtico contra la jueza Karina Andrade. Su delito: haber otorgado la libertad a manifestantes que fueron salvajemente reprimidos por las fuerzas de seguridad en las protestas contra la Ley \u00d3mnibus.<\/p>\n\n\n\n<p>El episodio revela una matriz preocupante. No solo por el intento expl\u00edcito de disciplinar a la Justicia, sino por la impunidad con la que el oficialismo busca imponer su relato. Mientras C\u00faneo Libarona clama por una justicia subordinada, las fuerzas de seguridad act\u00faan con un nivel de violencia desmedida, deteniendo a ni\u00f1os y reprimiendo sin miramientos. Sin embargo, el ministro prefiere criminalizar la protesta antes que cuestionar el abuso policial.<\/p>\n\n\n\n<p><strong>El discurso de la represi\u00f3n: barras bravas, criminales y el relato oficial<\/strong><\/p>\n\n\n\n<p>En un mensaje publicado en redes sociales, C\u00faneo Libarona lanz\u00f3 una dura acusaci\u00f3n contra los manifestantes detenidos, calific\u00e1ndolos de \u00abbarras bravas\u00bb y \u00abcriminales organizados\u00bb. Seg\u00fan su versi\u00f3n, la represi\u00f3n desatada en las inmediaciones del Congreso no fue contra ciudadanos ejerciendo su derecho a la protesta, sino contra \u00abdelincuentes cometiendo delitos a la vista de toda la sociedad\u00bb.<\/p>\n\n\n\n<p>El problema con esta afirmaci\u00f3n es que est\u00e1 construida sobre una falacia. Las im\u00e1genes y testimonios de la jornada muestran c\u00f3mo las fuerzas de seguridad actuaron con una violencia indiscriminada, sin hacer distinciones entre manifestantes pac\u00edficos y quienes pudieran estar generando disturbios. La detenci\u00f3n arbitraria de personas, el uso desmedido de la fuerza y la represi\u00f3n sobre menores de edad fueron la verdadera cara del operativo.<\/p>\n\n\n\n<p>Sin embargo, en la versi\u00f3n oficial, el problema no es la brutalidad estatal, sino la decisi\u00f3n de la jueza Andrade de liberar a los detenidos en menos de ocho horas. Para C\u00faneo Libarona, esto es motivo suficiente para que la magistrada sea investigada por el Consejo de la Magistratura de la Ciudad de Buenos Aires por \u00abposible incumplimiento de sus funciones\u00bb. Es decir, un ministro de Justicia llamando a disciplinar a una jueza por aplicar la ley.<\/p>\n\n\n\n<p><strong>El intento de control sobre el Poder Judicial<\/strong><\/p>\n\n\n\n<p>La reacci\u00f3n del ministro encierra una amenaza peligrosa. El Poder Ejecutivo, a trav\u00e9s de su titular de Justicia, busca condicionar las decisiones judiciales bajo un mecanismo de presi\u00f3n p\u00fablica. El mensaje es claro: si un juez o jueza no se alinea con el discurso oficial, ser\u00e1 perseguido, escrachado y eventualmente removido.<\/p>\n\n\n\n<p>El antecedente es preocupante. Durante la gesti\u00f3n de Mauricio Macri, el macrismo utiliz\u00f3 el Consejo de la Magistratura para impulsar la remoci\u00f3n de jueces que investigaban casos de corrupci\u00f3n ligados al oficialismo, como ocurri\u00f3 con el juez Alejo Ramos Padilla. Ahora, el gobierno de Milei parece seguir la misma receta, pero con un grado de violencia institucional a\u00fan mayor.<\/p>\n\n\n\n<p>El caso de la jueza Andrade es solo el comienzo. Si el Gobierno logra instalar el precedente de que puede intervenir en el Poder Judicial a su antojo, cualquier magistrado que ose contrariar sus intereses ser\u00e1 blanco de represalias. En una democracia, los jueces no est\u00e1n para obedecer al Ejecutivo, sino para garantizar el respeto por la Constituci\u00f3n. Pero para el libertarismo en el poder, la justicia solo es v\u00e1lida cuando act\u00faa en sinton\u00eda con sus intereses.<\/p>\n\n\n\n<p><strong>La respuesta de Malena Galmarini: \u00abDejen de hambrear a la gente\u00bb<\/strong><\/p>\n\n\n\n<p>Ante el ataque de C\u00faneo Libarona, la dirigente pol\u00edtica Malena Galmarini sali\u00f3 al cruce con una respuesta contundente. A trav\u00e9s de la red social X, le record\u00f3 al ministro que \u00e9l mismo \u00abno es un simple abogado de la matr\u00edcula\u00bb y le pregunt\u00f3 directamente: \u00ab\u00bfAmenaza a una jueza?\u00bb.<\/p>\n\n\n\n<p>Galmarini tambi\u00e9n puso el foco en la brutal represi\u00f3n del Congreso y expuso el doble est\u00e1ndar del Gobierno: \u00abA esos que reprimieron sin piedad, o que maniataron y detuvieron a dos ni\u00f1os sin ninguna raz\u00f3n, \u00bflos investiga o los protege?\u00bb. La pregunta desarma la hipocres\u00eda oficialista: mientras persiguen jueces que no les son funcionales, protegen el accionar violento de las fuerzas de seguridad.<\/p>\n\n\n\n<p>Pero el punto m\u00e1s demoledor lleg\u00f3 al final: \u00abNo busquen convencer con mentiras, solo provocar\u00e1n m\u00e1s enojo. El pa\u00eds necesita tranquilidad para salir del pozo al que ustedes nos tiraron. Se resuelve f\u00e1cil: suban las jubilaciones y dejen de hambrear a la gente\u00bb.<\/p>\n\n\n\n<p>Las palabras de Galmarini sintetizan la estrategia del Gobierno: mientras avanzan en la destrucci\u00f3n del Estado y empobrecen a la poblaci\u00f3n, intentan desviar la atenci\u00f3n con cruzadas autoritarias contra jueces, dirigentes opositores y cualquier voz disidente. La crisis social que han generado no se resuelve con persecuci\u00f3n judicial, sino con medidas econ\u00f3micas que devuelvan el poder adquisitivo y la dignidad a la gente.<\/p>\n\n\n\n<p><strong>Milei, C\u00faneo Libarona y el avance del autoritarismo judicial<\/strong><\/p>\n\n\n\n<p>Lo que est\u00e1 en juego en este conflicto no es solo el destino de una jueza. Es el intento de un Gobierno de establecer un r\u00e9gimen donde el \u00fanico poder v\u00e1lido sea el del Ejecutivo y donde la Justicia deba actuar como un brazo disciplinador de sus intereses.<\/p>\n\n\n\n<p>El ataque de C\u00faneo Libarona a Karina Andrade es una se\u00f1al de alerta. Si se permite que el Poder Ejecutivo avasalle al Judicial sin consecuencias, el pr\u00f3ximo paso ser\u00e1 la eliminaci\u00f3n de cualquier instancia de control democr\u00e1tico. El libertarismo de Milei no es m\u00e1s que una excusa para imponer un Estado donde el \u00fanico derecho garantizado sea el de la sumisi\u00f3n.<\/p>\n\n\n\n<p>La independencia judicial es un pilar fundamental de cualquier democracia. Defenderla no es un asunto de ideolog\u00edas, sino una cuesti\u00f3n de principios. Hoy, el gobierno de Javier Milei ha demostrado que no tiene l\u00edmites en su af\u00e1n de concentraci\u00f3n de poder. Frente a este avance autoritario, la resistencia democr\u00e1tica es m\u00e1s urgente que nunca.<\/p>\n","protected":false},"excerpt":{"rendered":"<p>El ministro de Justicia se lanza contra una jueza por liberar detenidos en la represi\u00f3n del Congreso En un nuevo cap\u00edtulo de atropello institucional, el ministro de Justicia, Mariano C\u00faneo Libarona, arremeti\u00f3 contra la jueza Karina Andrade por liberar a manifestantes detenidos durante la brutal represi\u00f3n del Congreso. La reacci\u00f3n del funcionario confirma la intenci\u00f3n&#8230;<\/p>\n","protected":false},"author":1,"featured_media":2474,"comment_status":"open","ping_status":"open","sticky":false,"template":"","format":"standard","meta":{"_monsterinsights_skip_tracking":false,"_monsterinsights_sitenote_active":false,"_monsterinsights_sitenote_note":"","_monsterinsights_sitenote_category":0,"footnotes":"","jetpack_publicize_message":"","jetpack_publicize_feature_enabled":true,"jetpack_social_post_already_shared":true,"jetpack_social_options":{"image_generator_settings":{"template":"highway","default_image_id":0,"font":"","enabled":false},"version":2}},"categories":[2],"tags":[896,431,529,365],"class_list":["post-2473","post","type-post","status-publish","format-standard","has-post-thumbnail","hentry","category-politica","tag-cuneo-libarona","tag-patricia-bullrich","tag-poder-judicial","tag-represion"],"jetpack_publicize_connections":[],"_links":{"self":[{"href":"https:\/\/www.enorsai.com\/noticias\/wp-json\/wp\/v2\/posts\/2473","targetHints":{"allow":["GET"]}}],"collection":[{"href":"https:\/\/www.enorsai.com\/noticias\/wp-json\/wp\/v2\/posts"}],"about":[{"href":"https:\/\/www.enorsai.com\/noticias\/wp-json\/wp\/v2\/types\/post"}],"author":[{"embeddable":true,"href":"https:\/\/www.enorsai.com\/noticias\/wp-json\/wp\/v2\/users\/1"}],"replies":[{"embeddable":true,"href":"https:\/\/www.enorsai.com\/noticias\/wp-json\/wp\/v2\/comments?post=2473"}],"version-history":[{"count":1,"href":"https:\/\/www.enorsai.com\/noticias\/wp-json\/wp\/v2\/posts\/2473\/revisions"}],"predecessor-version":[{"id":2475,"href":"https:\/\/www.enorsai.com\/noticias\/wp-json\/wp\/v2\/posts\/2473\/revisions\/2475"}],"wp:featuredmedia":[{"embeddable":true,"href":"https:\/\/www.enorsai.com\/noticias\/wp-json\/wp\/v2\/media\/2474"}],"wp:attachment":[{"href":"https:\/\/www.enorsai.com\/noticias\/wp-json\/wp\/v2\/media?parent=2473"}],"wp:term":[{"taxonomy":"category","embeddable":true,"href":"https:\/\/www.enorsai.com\/noticias\/wp-json\/wp\/v2\/categories?post=2473"},{"taxonomy":"post_tag","embeddable":true,"href":"https:\/\/www.enorsai.com\/noticias\/wp-json\/wp\/v2\/tags?post=2473"}],"curies":[{"name":"wp","href":"https:\/\/api.w.org\/{rel}","templated":true}]}}