{"id":2472,"date":"2025-03-17T05:46:29","date_gmt":"2025-03-17T08:46:29","guid":{"rendered":"http:\/\/www.enorsai.com\/noticias\/?p=2472"},"modified":"2025-03-17T05:46:29","modified_gmt":"2025-03-17T08:46:29","slug":"martin-menem-y-la-estafa-cripto-el-titular-de-la-camara-de-diputados-y-su-presunta-participacion-en-el-criptogate","status":"publish","type":"post","link":"https:\/\/www.enorsai.com\/noticias\/politica\/martin-menem-y-la-estafa-cripto-el-titular-de-la-camara-de-diputados-y-su-presunta-participacion-en-el-criptogate\/","title":{"rendered":"Mart\u00edn Menem y la estafa cripto: El titular de la C\u00e1mara de Diputados y su presunta participaci\u00f3n en el Criptogate"},"content":{"rendered":"\n<p><strong><em>Las acusaciones de Marcela Pagano contra Mart\u00edn Menem reavivan el esc\u00e1ndalo de la estafa cripto LIBRA. En medio de una crisis interna que desangra a La Libertad Avanza, las sospechas sobre el titular de la C\u00e1mara Baja ponen en jaque al oficialismo y a Javier Milei.<br><\/em><\/strong><br>El gobierno libertario tambalea. La brutal pelea entre los diputados Oscar Zago y Lisandro Almir\u00f3n en plena sesi\u00f3n fue solo la punta del iceberg. Ahora, la diputada Marcela Pagano arroj\u00f3 una bomba que amenaza con dinamitar los cimientos de La Libertad Avanza: sugiere que Mart\u00edn Menem est\u00e1 vinculado con la criptoestafa de LIBRA. La revelaci\u00f3n estalla en un momento de m\u00e1xima tensi\u00f3n dentro del bloque oficialista, donde las traiciones y el caos parecen ser moneda corriente.<br><br>La periodista y diputada nacional, a quien el oficialismo intent\u00f3 desplazar de la Comisi\u00f3n de Juicio Pol\u00edtico, utiliz\u00f3 la red social X para lanzar una serie de mensajes enigm\u00e1ticos pero contundentes. \u00abLos que traicionan al presidente son los que roban en su nombre\u00bb, dispar\u00f3 en su cuenta personal, sugiriendo que la verdadera amenaza para Milei no viene de la oposici\u00f3n, sino de sus propios aliados. En los pasillos del Congreso, no hubo dudas: el destinatario era Mart\u00edn Menem, quien semanas atr\u00e1s hab\u00eda retuiteado el posteo de Javier Milei promoviendo la criptoestafa LIBRA.<br><br>Pero las sospechas no se detienen en un simple retuit. La gran pregunta que resuena en el recinto es si Menem tuvo alg\u00fan tipo de participaci\u00f3n activa en la operatoria fraudulenta que, seg\u00fan estimaciones, dej\u00f3 a miles de ahorristas en la ruina. La gravedad del esc\u00e1ndalo es tal que algunos diputados opositores ya piden su renuncia. \u00abUsted, presidente, con todo respeto, es uno de los que tiene que dar explicaciones\u00bb, le espet\u00f3 el diputado Nicol\u00e1s Massot en plena sesi\u00f3n, antes de que Menem, visiblemente nervioso, lo interrumpiera y le cortara el micr\u00f3fono.<\/p>\n\n\n\n<p><\/p>\n\n\n\n<div class=\"wp-block-jetpack-related-posts\">\n<h2 class=\"wp-block-heading\"><\/h2>\n<\/div>\n\n\n\n<p><br>La bronca dentro del bloque libertario es palpable. Pagano volvi\u00f3 a la carga al d\u00eda siguiente y fue incluso m\u00e1s all\u00e1: \u00abEsta vez qued\u00f3 en evidencia ante el recinto qui\u00e9n es el verdadero titiritero, que huy\u00f3 como una RATA. \u00a1El verdadero mariscal de las derrotas!\u00bb. La diputada, que viene resistiendo los embates del oficialismo para apartarla, dej\u00f3 en claro que no se va a callar. El impacto de sus palabras fue inmediato: dentro del bloque libertario ya se rumorea su inminente ruptura, lo que podr\u00eda significar un quiebre sin precedentes en la bancada de La Libertad Avanza.<br><br>Mientras el esc\u00e1ndalo cripto sigue creciendo, Menem qued\u00f3 expuesto por otro hecho que lo compromete a\u00fan m\u00e1s: su accionar irregular para levantar la sesi\u00f3n del Congreso. En una maniobra que indign\u00f3 a la oposici\u00f3n, el titular de la C\u00e1mara Baja huy\u00f3 del recinto en medio de los gritos y el caos desatado por su intento de clausurar abruptamente el debate. La imagen de un Menem escapando entre empujones se volvi\u00f3 el s\u00edmbolo de un gobierno que se desmorona.<\/p>\n\n\n\n<p><br>La bronca dentro del bloque libertario es palpable. Pagano volvi\u00f3 a la carga al d\u00eda siguiente y fue incluso m\u00e1s all\u00e1: \u00abEsta vez qued\u00f3 en evidencia ante el recinto qui\u00e9n es el verdadero titiritero, que huy\u00f3 como una RATA. \u00a1El verdadero mariscal de las derrotas!\u00bb. La diputada, que viene resistiendo los embates del oficialismo para apartarla, dej\u00f3 en claro que no se va a callar. El impacto de sus palabras fue inmediato: dentro del bloque libertario ya se rumorea su inminente ruptura, lo que podr\u00eda significar un quiebre sin precedentes en la bancada de La Libertad Avanza.<br><br>Mientras el esc\u00e1ndalo cripto sigue creciendo, Menem qued\u00f3 expuesto por otro hecho que lo compromete a\u00fan m\u00e1s: su accionar irregular para levantar la sesi\u00f3n del Congreso. En una maniobra que indign\u00f3 a la oposici\u00f3n, el titular de la C\u00e1mara Baja huy\u00f3 del recinto en medio de los gritos y el caos desatado por su intento de clausurar abruptamente el debate. La imagen de un Menem escapando entre empujones se volvi\u00f3 el s\u00edmbolo de un gobierno que se desmorona.<br><br>El caso LIBRA es un fantasma que persigue al oficialismo desde hace meses. La promocionada \u00abcripto revoluci\u00f3n\u00bb result\u00f3 ser una burda estafa que dej\u00f3 a miles de inversores sin sus ahorros, y el hecho de que varios altos funcionarios del gobierno hayan impulsado el fraude genera sospechas sobre el alcance real de la operaci\u00f3n. M\u00e1s preocupante a\u00fan es el silencio de Javier Milei, quien hasta ahora ha evitado pronunciarse sobre la posible implicaci\u00f3n de su presidente de la C\u00e1mara de Diputados.<br><br>Pero el esc\u00e1ndalo no solo pone en riesgo la credibilidad del gobierno, sino que tambi\u00e9n acelera el proceso de implosi\u00f3n interna dentro de La Libertad Avanza. La propia estructura del partido est\u00e1 en crisis, con cada vez m\u00e1s legisladores desconfiando de la conducci\u00f3n de Karina Milei y del propio Menem. La posibilidad de que otros diputados sigan los pasos de Pagano y abandonen el bloque es real. El legislador porte\u00f1o Eugenio Casielles ya trabaja en la conformaci\u00f3n de una bancada alternativa, lo que podr\u00eda generar una fractura irreversible.<br><br>El oficialismo intenta apagar el incendio a cualquier precio. Desde Casa Rosada enviaron un mensaje tajante: \u00abDel bloque no se va nadie\u00bb. Pero el descontento dentro de las filas libertarias es innegable. La agresi\u00f3n verbal y f\u00edsica entre legisladores, el esc\u00e1ndalo cripto y la falta de liderazgo est\u00e1n llevando al gobierno de Milei a un punto de no retorno.<br><br>Menem, apodado en los pasillos del Congreso como \u00abEl Se\u00f1or de la Wallet\u00bb, enfrenta el mayor desaf\u00edo de su carrera pol\u00edtica. Si las denuncias de Pagano y las sospechas de la oposici\u00f3n se confirman, su continuidad al frente de la C\u00e1mara de Diputados ser\u00e1 insostenible. Y, con \u00e9l, tambi\u00e9n podr\u00eda venirse abajo el fr\u00e1gil castillo de naipes que sostiene a La Libertad Avanza.<\/p>\n\n\n\n<p><strong>Fuente:<\/strong><\/p>\n\n\n\n<ul class=\"wp-block-list\">\n<li><a href=\"https:\/\/www.lapoliticaonline.com\/congreso\/marcela-pagano-acusa-a-martin-menem-de-rata-y-se-especula-con-su-salida-del-bloque-libertario\/\">https:\/\/www.lapoliticaonline.com\/congreso\/marcela-pagano-acusa-a-martin-menem-de-rata-y-se-especula-con-su-salida-del-bloque-libertario\/<\/a><\/li>\n<\/ul>\n\n\n","protected":false},"excerpt":{"rendered":"<p>Mart\u00edn Menem, presidente de la C\u00e1mara de Diputados y hombre clave del mile\u00edsmo, est\u00e1 vinculado a un esc\u00e1ndalo de criptoestafa. Mientras Milei predica la \u00ablibertad de mercado\u00bb, su c\u00edrculo cercano se enreda en maniobras turbias. \u00bfCorrupci\u00f3n o simple descuido? La impunidad sigue intacta bajo este gobierno.<\/p>\n","protected":false},"author":9,"featured_media":2521,"comment_status":"open","ping_status":"open","sticky":false,"template":"","format":"standard","meta":{"_monsterinsights_skip_tracking":false,"_monsterinsights_sitenote_active":false,"_monsterinsights_sitenote_note":"","_monsterinsights_sitenote_category":0,"footnotes":"","jetpack_publicize_message":"\ud83d\udcb8 Esc\u00e1ndalo en el mile\u00edsmo: Mart\u00edn Menem y la criptoestafa \ud83d\udcb8\nEl presidente de Diputados, Mart\u00edn Menem, en el ojo de la tormenta por un fraude con criptomonedas. Mientras Milei habla de transparencia, el gobierno se enreda en corrupci\u00f3n","jetpack_publicize_feature_enabled":true,"jetpack_social_post_already_shared":false,"jetpack_social_options":{"image_generator_settings":{"template":"highway","enabled":false},"version":2}},"categories":[2],"tags":[257,75,633,165,232,556,98,903,45],"class_list":["post-2472","post","type-post","status-publish","format-standard","has-post-thumbnail","hentry","category-politica","tag-congreso","tag-corrupcion","tag-criptoestafa","tag-criptomonedas","tag-estafa","tag-fraude","tag-impunidad","tag-menem","tag-milei"],"jetpack_publicize_connections":[],"_links":{"self":[{"href":"https:\/\/www.enorsai.com\/noticias\/wp-json\/wp\/v2\/posts\/2472","targetHints":{"allow":["GET"]}}],"collection":[{"href":"https:\/\/www.enorsai.com\/noticias\/wp-json\/wp\/v2\/posts"}],"about":[{"href":"https:\/\/www.enorsai.com\/noticias\/wp-json\/wp\/v2\/types\/post"}],"author":[{"embeddable":true,"href":"https:\/\/www.enorsai.com\/noticias\/wp-json\/wp\/v2\/users\/9"}],"replies":[{"embeddable":true,"href":"https:\/\/www.enorsai.com\/noticias\/wp-json\/wp\/v2\/comments?post=2472"}],"version-history":[{"count":3,"href":"https:\/\/www.enorsai.com\/noticias\/wp-json\/wp\/v2\/posts\/2472\/revisions"}],"predecessor-version":[{"id":2522,"href":"https:\/\/www.enorsai.com\/noticias\/wp-json\/wp\/v2\/posts\/2472\/revisions\/2522"}],"wp:featuredmedia":[{"embeddable":true,"href":"https:\/\/www.enorsai.com\/noticias\/wp-json\/wp\/v2\/media\/2521"}],"wp:attachment":[{"href":"https:\/\/www.enorsai.com\/noticias\/wp-json\/wp\/v2\/media?parent=2472"}],"wp:term":[{"taxonomy":"category","embeddable":true,"href":"https:\/\/www.enorsai.com\/noticias\/wp-json\/wp\/v2\/categories?post=2472"},{"taxonomy":"post_tag","embeddable":true,"href":"https:\/\/www.enorsai.com\/noticias\/wp-json\/wp\/v2\/tags?post=2472"}],"curies":[{"name":"wp","href":"https:\/\/api.w.org\/{rel}","templated":true}]}}