{"id":2470,"date":"2025-03-13T15:28:39","date_gmt":"2025-03-13T18:28:39","guid":{"rendered":"http:\/\/www.enorsai.com\/noticias\/?p=2470"},"modified":"2025-03-13T15:28:39","modified_gmt":"2025-03-13T18:28:39","slug":"desquiciada-victor-hugo-cruzo-a-bullrich-por-el-papelon-y-la-caceria-represiva","status":"publish","type":"post","link":"https:\/\/www.enorsai.com\/noticias\/opinion\/desquiciada-victor-hugo-cruzo-a-bullrich-por-el-papelon-y-la-caceria-represiva\/","title":{"rendered":"\u00abDesquiciada\u00bb: V\u00edctor Hugo cruz\u00f3 a Bullrich por el papel\u00f3n y la cacer\u00eda represiva\u00a0"},"content":{"rendered":"\n<p>En su editorial de La Ma\u00f1ana, el conductor de la AM 750 analiza la violenta represi\u00f3n a jubilados e hinchas de f\u00fatbol durante la marcha de jubilados al Congreso.\u00a0<br><br><strong>V\u00edctor Hugo Morales<\/strong>&nbsp;lanz\u00f3 una lapidaria cr\u00edtica al presidente<strong>&nbsp;Javier Milei&nbsp;<\/strong>y la ministra de Seguridad,&nbsp;<strong>Patricia Bullrich,<\/strong>&nbsp;por la<strong><a href=\"https:\/\/www.pagina12.com.ar\/810418-el-gobierno-festeja-su-brutal-represion\">&nbsp;brutal represi\u00f3n a los jubilados<\/a><\/strong>&nbsp;que marcharon junto con hinchas de f\u00fatbol a inmediaciones del Congreso para reclamar contra el ajuste del Gobierno.&nbsp;<\/p>\n\n\n\n<h2 class=\"wp-block-heading\">El editorial completo de V\u00edctor Hugo Morales<\/h2>\n\n\n\n<iframe loading=\"lazy\" width=\"100%\" height=\"65px\" scrolling=\"no\" frameborder=\"no\" src=\"\/\/ar.radiocut.fm\/audiocut\/embed\/mini\/editorial-victor-hugo-morales-tras-represion-bullrich-y-milei\/\" ><\/iframe>\n\n\n\n<p>\u00bfQui\u00e9n fue el que dijo \u00ab<strong>Vengan zurdos de mier&#8230;, los vamos a buscar donde est\u00e9n\u00bb?<\/strong>&nbsp;\u00bfQui\u00e9n amenaz\u00f3 durante una semana sobre la represi\u00f3n que finalmente se desencaden\u00f3?&nbsp;\u00bfC\u00f3mo contenerse cuando la marcha empieza y un polic\u00eda descarga un palazo atroz sobre una mujer de 80 a\u00f1os?&nbsp;<strong>\u00bfEra una barra brava?<\/strong><\/p>\n\n\n\n<p>A la noche, el sistema informativo de la extorsi\u00f3n se bas\u00f3 en los patrulleros y los contenedores incendiados por la rabia y la desesperaci\u00f3n. No ten\u00edan los palazos a los viejos, los heridos de cinco balas de goma en el cuerpo, al periodista&nbsp;<strong><a href=\"https:\/\/www.pagina12.com.ar\/810425-que-dice-el-parte-medico-sobre-la-salud-del-fotografo-pablo-\">Pablo Grillo<\/a><\/strong>, que ahora se debate para salvar su vida, que recibi\u00f3 la atrocidad, la c\u00e1psula de una c\u00e1psula de gas en la cabeza, que puso en juego su vida.<\/p>\n\n\n\n<p>Un sistema represivo y cobarde puesto en marcha en una batalla desigual de piedras y gritos contra las armas mucho m\u00e1s poderosas de la polic\u00eda, preparados, arengados por una ministra desquiciada en su brutalidad y un presidente que esconde sus estafas&nbsp; de todo reiteradas bajo la alfombra roja del incendio de la ciudad.<\/p>\n\n\n\n<p>Era imposible no imaginar lo que sucedi\u00f3: la provocaci\u00f3n de Bullrich y el desenfreno moral del Presidente. Las tapas de los diarios mafiosos preparando el terreno para lo que sab\u00edan que inexorablemente suceder\u00eda, alentando la violencia.<\/p>\n\n\n\n<p>Incitaci\u00f3n&#8230; hostigamiento&#8230; bravata&#8230; ofensa deliberada para que, al terminar el d\u00eda,&nbsp;en vez de hablar del fin de las facultades especiales del inadaptado social que conduce el pa\u00eds (eso deb\u00edan resolver en el Congreso y terminaron en un bochorno de trompadas), en lugar de criptomonedas, del abandono de Bah\u00eda Blanca, del viaje tard\u00edo y vergonzoso a la ciudad, el t\u00edtulo fuese \u00abLos heridos, los detenidos\u00bb.<\/p>\n\n\n\n<p>Que la Bullrich, en su brindis trasnochado, dijese en la Naci\u00f3n + \u00abvamos ganando\u00bb<br>Lo cual son\u00f3 a \u00abqu\u00e9dense tranquilos ustedes y los Magnetto de TN&#8230; vamos ganando\u00bb.<br>Le estaban ganando a Pablo Grillo, al cura \u00abPaco\u00bb, a la jubilada de 80 golpeada en la cabeza.<\/p>\n\n\n\n<p>En&nbsp;<em>El Gatopardo<\/em>, el sobrino le dice al pr\u00edncipe que hay que cambiar para que nada cambie.<br><br>\u00bfDictadura por Macri, Milei? Ese es el cambio para que todo siga como siempre entre el establishmente y el pueblo.<\/p>\n","protected":false},"excerpt":{"rendered":"<p>En su editorial de La Ma\u00f1ana, el conductor de la AM 750 analiza la violenta represi\u00f3n a jubilados e hinchas de f\u00fatbol durante la marcha de jubilados al Congreso.\u00a0 V\u00edctor Hugo Morales&nbsp;lanz\u00f3 una lapidaria cr\u00edtica al presidente&nbsp;Javier Milei&nbsp;y la ministra de Seguridad,&nbsp;Patricia Bullrich,&nbsp;por la&nbsp;brutal represi\u00f3n a los jubilados&nbsp;que marcharon junto con hinchas de f\u00fatbol a&#8230;<\/p>\n","protected":false},"author":1,"featured_media":2156,"comment_status":"open","ping_status":"open","sticky":false,"template":"","format":"standard","meta":{"_monsterinsights_skip_tracking":false,"_monsterinsights_sitenote_active":false,"_monsterinsights_sitenote_note":"","_monsterinsights_sitenote_category":0,"footnotes":"","jetpack_publicize_message":"","jetpack_publicize_feature_enabled":true,"jetpack_social_post_already_shared":true,"jetpack_social_options":{"image_generator_settings":{"template":"highway","default_image_id":0,"font":"","enabled":false},"version":2}},"categories":[17],"tags":[811],"class_list":["post-2470","post","type-post","status-publish","format-standard","has-post-thumbnail","hentry","category-opinion","tag-victor-hugo-morales"],"jetpack_publicize_connections":[],"_links":{"self":[{"href":"https:\/\/www.enorsai.com\/noticias\/wp-json\/wp\/v2\/posts\/2470","targetHints":{"allow":["GET"]}}],"collection":[{"href":"https:\/\/www.enorsai.com\/noticias\/wp-json\/wp\/v2\/posts"}],"about":[{"href":"https:\/\/www.enorsai.com\/noticias\/wp-json\/wp\/v2\/types\/post"}],"author":[{"embeddable":true,"href":"https:\/\/www.enorsai.com\/noticias\/wp-json\/wp\/v2\/users\/1"}],"replies":[{"embeddable":true,"href":"https:\/\/www.enorsai.com\/noticias\/wp-json\/wp\/v2\/comments?post=2470"}],"version-history":[{"count":1,"href":"https:\/\/www.enorsai.com\/noticias\/wp-json\/wp\/v2\/posts\/2470\/revisions"}],"predecessor-version":[{"id":2471,"href":"https:\/\/www.enorsai.com\/noticias\/wp-json\/wp\/v2\/posts\/2470\/revisions\/2471"}],"wp:featuredmedia":[{"embeddable":true,"href":"https:\/\/www.enorsai.com\/noticias\/wp-json\/wp\/v2\/media\/2156"}],"wp:attachment":[{"href":"https:\/\/www.enorsai.com\/noticias\/wp-json\/wp\/v2\/media?parent=2470"}],"wp:term":[{"taxonomy":"category","embeddable":true,"href":"https:\/\/www.enorsai.com\/noticias\/wp-json\/wp\/v2\/categories?post=2470"},{"taxonomy":"post_tag","embeddable":true,"href":"https:\/\/www.enorsai.com\/noticias\/wp-json\/wp\/v2\/tags?post=2470"}],"curies":[{"name":"wp","href":"https:\/\/api.w.org\/{rel}","templated":true}]}}