{"id":2466,"date":"2025-03-13T15:19:44","date_gmt":"2025-03-13T18:19:44","guid":{"rendered":"http:\/\/www.enorsai.com\/noticias\/?p=2466"},"modified":"2025-03-13T15:31:04","modified_gmt":"2025-03-13T18:31:04","slug":"un-gobierno-fracasado-que-se-sostiene-a-sangre-y-fuego-el-ajuste-no-cierra-sin-represion","status":"publish","type":"post","link":"https:\/\/www.enorsai.com\/noticias\/opinion\/un-gobierno-fracasado-que-se-sostiene-a-sangre-y-fuego-el-ajuste-no-cierra-sin-represion\/","title":{"rendered":"Un gobierno fracasado que se sostiene a sangre y fuego: El ajuste no cierra sin represi\u00f3n"},"content":{"rendered":"\n<p><strong><em>La brutal represi\u00f3n en las calles de Buenos Aires expone el verdadero rostro del gobierno de Javier Milei. Balas de goma, gases lacrim\u00f3genos y detenciones arbitrarias son la respuesta de un Ejecutivo que, incapaz de ofrecer soluciones, decide criminalizar la protesta social.<\/em><\/strong><\/p>\n\n\n\n<p>El gobierno de Javier Milei ha dejado en claro que su plan econ\u00f3mico no es compatible con la democracia ni con la paz social. Su administraci\u00f3n, que desde el primer d\u00eda se caracteriz\u00f3 por la concentraci\u00f3n del poder en manos del mercado financiero y las grandes corporaciones, se tambalea ante la evidencia de su propio fracaso. Y cuando la resistencia popular se hace sentir, la respuesta es la represi\u00f3n feroz.<\/p>\n\n\n\n<p>La editorial de Roberto Navarro en El Destape lo se\u00f1ala sin rodeos: el gobierno le ha declarado la guerra a su propio pueblo. La violenta jornada de represi\u00f3n en Buenos Aires no fue un hecho aislado, sino la expresi\u00f3n de una estrategia de gobierno basada en el miedo y la violencia. La utilizaci\u00f3n del protocolo antipiquetes de Patricia Bullrich ha sido, en realidad, una excusa para imponer a sangre y fuego un plan econ\u00f3mico de saqueo y miseria.<\/p>\n\n\n\n<figure class=\"wp-block-embed is-type-video is-provider-youtube wp-block-embed-youtube wp-embed-aspect-16-9 wp-has-aspect-ratio\"><div class=\"wp-block-embed__wrapper\">\n<iframe loading=\"lazy\" title=\"UN GOBIERNO FRACASADO QUE SE SOSTIENE A SANGRE Y FUEGO | Editorial de Roberto Navarro\" width=\"640\" height=\"360\" src=\"https:\/\/www.youtube.com\/embed\/WCjeuQz1yLY?feature=oembed\" frameborder=\"0\" allow=\"accelerometer; autoplay; clipboard-write; encrypted-media; gyroscope; picture-in-picture; web-share\" referrerpolicy=\"strict-origin-when-cross-origin\" allowfullscreen><\/iframe>\n<\/div><\/figure>\n\n\n\n<p>La ca\u00edda de la actividad econ\u00f3mica, el estancamiento del consumo y la asfixia de los sectores m\u00e1s vulnerables han sido el resultado directo del ajuste m\u00e1s brutal de la historia argentina. Los jubilados, los trabajadores y los sectores medios son quienes pagan el precio de un modelo que s\u00f3lo favorece a la especulaci\u00f3n financiera y las empresas energ\u00e9ticas.<\/p>\n\n\n\n<p>El informe de la Cruz Roja es contundente: uno de cada tres jubilados en Argentina pasa hambre. El 40% no puede acceder a sus medicamentos. Mientras tanto, el gobierno de Milei les arrebata recursos a trav\u00e9s de decretos y recortes presupuestarios. A este panorama desolador se suma la creciente fuga de reservas del Banco Central, el incremento del d\u00f3lar y la falta de respuestas del FMI, dejando al pa\u00eds en un callej\u00f3n sin salida.<\/p>\n\n\n\n<p>Ante el desmoronamiento de su modelo, la Casa Rosada elige la represi\u00f3n como \u00fanica estrategia de supervivencia. Patricia Bullrich no dud\u00f3 en calificar de \u00abkirchnerista\u00bb al trabajador herido de bala en la cabeza por la Polic\u00eda de la Ciudad. \u00bfAcaso el gobierno cree que ser kirchnerista es motivo suficiente para recibir un disparo? La deshumanizaci\u00f3n del oponente pol\u00edtico es un viejo recurso de las dictaduras, y hoy Milei y Bullrich lo ponen en pr\u00e1ctica sin disimulo.<\/p>\n\n\n\n<figure class=\"wp-block-embed is-type-wp-embed is-provider-incrustado wp-block-embed-incrustado\"><div class=\"wp-block-embed__wrapper\">\n<blockquote class=\"wp-embedded-content\" data-secret=\"u9hbNYDYiz\"><a href=\"https:\/\/www.enorsai.com\/noticias\/sociedad\/la-policia-de-bullrich-dos-chicos-detenidos-con-precintos-y-tirados-al-piso-al-salir-de-la-escuela-hablo-la-madre-de-uno-de-ellos\/\">La polic\u00eda de Bullrich: Dos chicos detenidos con precintos y tirados al piso al salir de la escuela, habl\u00f3 la madre de uno de ellos<\/a><\/blockquote><iframe loading=\"lazy\" class=\"wp-embedded-content\" sandbox=\"allow-scripts\" security=\"restricted\" style=\"position: absolute; visibility: hidden;\" title=\"\u00abLa polic\u00eda de Bullrich: Dos chicos detenidos con precintos y tirados al piso al salir de la escuela, habl\u00f3 la madre de uno de ellos\u00bb \u2014 \" src=\"https:\/\/www.enorsai.com\/noticias\/sociedad\/la-policia-de-bullrich-dos-chicos-detenidos-con-precintos-y-tirados-al-piso-al-salir-de-la-escuela-hablo-la-madre-de-uno-de-ellos\/embed\/#?secret=dZNi3cIiQI#?secret=u9hbNYDYiz\" data-secret=\"u9hbNYDYiz\" width=\"600\" height=\"338\" frameborder=\"0\" marginwidth=\"0\" marginheight=\"0\" scrolling=\"no\"><\/iframe>\n<\/div><\/figure>\n\n\n\n<p>La escalada represiva no es una muestra de fortaleza, sino de debilidad. El oficialismo pierde respaldo en las encuestas, sufre derrotas parlamentarias y observa con preocupaci\u00f3n el creciente malestar social. Ayer fueron los jubilados y trabajadores; ma\u00f1ana ser\u00e1n los docentes, los estudiantes y los peque\u00f1os comerciantes, todos aquellos que ven c\u00f3mo su calidad de vida se deteriora d\u00eda tras d\u00eda.<\/p>\n\n\n\n<p>El uso de la violencia estatal se complementa con una operaci\u00f3n medi\u00e1tica para justificar lo injustificable. Los mismos periodistas que callan frente a la inflaci\u00f3n descontrolada, la corrupci\u00f3n en el entorno presidencial y la fuga de capitales, salen en bloque a defender la represi\u00f3n. Se inventan enemigos, se exageran incidentes, se plantan pruebas. \u00bfD\u00f3nde est\u00e1n los famosos \u00abbarras bravas\u00bb que Bullrich y los medios aseguraban que participaron en la protesta? No hay nombres, no hay pruebas, no hay detenciones. Solo un montaje para justificar la brutalidad policial.<\/p>\n\n\n\n<p>El gobierno de Milei parece no comprender que el miedo no es eterno. El pueblo argentino ha resistido dictaduras, ajustes salvajes y crisis devastadoras. Y siempre, tarde o temprano, ha salido a las calles para poner fin a los atropellos.<\/p>\n\n\n\n<div class=\"wp-block-jetpack-related-posts\">\n<h2 class=\"wp-block-heading\"><\/h2>\n<\/div>\n\n\n\n<p>Los vecinos de Chacarita, muchos de ellos votantes de la derecha, reaccionaron con furia al ver la violencia desatada por la Polic\u00eda. A patadas, enfrentaron a los patrulleros en una escena impensada hace apenas unos meses. No eran militantes ni activistas, eran ciudadanos hartos de la brutalidad y la impunidad.<\/p>\n\n\n\n<p>El presidente prometi\u00f3 \u00ab\u00e9pocas de volatilidad\u00bb en su discurso de apertura del Congreso. Lo que no dijo es que su gobierno est\u00e1 acelerando esa inestabilidad con sus propios actos. Cada balazo, cada detenci\u00f3n arbitraria, cada mentira medi\u00e1tica acerca el final de un proyecto pol\u00edtico que ya muestra signos de agotamiento.<\/p>\n\n\n\n<p>Si Milei cree que puede sostener su gobierno con sangre y fuego, est\u00e1 profundamente equivocado. La historia argentina demuestra que los pueblos no se rinden ante la represi\u00f3n. Por el contrario, cuando los gobernantes cruzan ciertos l\u00edmites, la resistencia se vuelve inevitable. Y en Argentina, cuando la paciencia se agota, las calles hablan.<\/p>\n\n\n","protected":false},"excerpt":{"rendered":"<p>El gobierno de Javier Milei enfrenta cr\u00edticas por su pol\u00edtica econ\u00f3mica, la subordinaci\u00f3n a intereses financieros y el ajuste brutal. Mientras el discurso oficial habla de \u00ablibertad\u00bb, la realidad muestra pobreza creciente, represi\u00f3n y entrega de soberan\u00eda. \u00bfHasta cu\u00e1ndo soportar\u00e1 la sociedad este modelo de exclusi\u00f3n y sumisi\u00f3n?<\/p>\n","protected":false},"author":1,"featured_media":2467,"comment_status":"open","ping_status":"open","sticky":false,"template":"","format":"standard","meta":{"_monsterinsights_skip_tracking":false,"_monsterinsights_sitenote_active":false,"_monsterinsights_sitenote_note":"","_monsterinsights_sitenote_category":0,"footnotes":"","jetpack_publicize_message":"","jetpack_publicize_feature_enabled":true,"jetpack_social_post_already_shared":true,"jetpack_social_options":{"image_generator_settings":{"template":"highway","default_image_id":0,"font":"","enabled":false},"version":2}},"categories":[17],"tags":[58,93,43,26,15,90,227,45,463,475,861],"class_list":["post-2466","post","type-post","status-publish","format-standard","has-post-thumbnail","hentry","category-opinion","tag-ajuste","tag-argentina","tag-crisis","tag-deuda","tag-economia","tag-fmi","tag-inflacion","tag-milei","tag-neoliberalismo","tag-pobreza","tag-roberto-navarro"],"jetpack_publicize_connections":[],"_links":{"self":[{"href":"https:\/\/www.enorsai.com\/noticias\/wp-json\/wp\/v2\/posts\/2466","targetHints":{"allow":["GET"]}}],"collection":[{"href":"https:\/\/www.enorsai.com\/noticias\/wp-json\/wp\/v2\/posts"}],"about":[{"href":"https:\/\/www.enorsai.com\/noticias\/wp-json\/wp\/v2\/types\/post"}],"author":[{"embeddable":true,"href":"https:\/\/www.enorsai.com\/noticias\/wp-json\/wp\/v2\/users\/1"}],"replies":[{"embeddable":true,"href":"https:\/\/www.enorsai.com\/noticias\/wp-json\/wp\/v2\/comments?post=2466"}],"version-history":[{"count":2,"href":"https:\/\/www.enorsai.com\/noticias\/wp-json\/wp\/v2\/posts\/2466\/revisions"}],"predecessor-version":[{"id":2469,"href":"https:\/\/www.enorsai.com\/noticias\/wp-json\/wp\/v2\/posts\/2466\/revisions\/2469"}],"wp:featuredmedia":[{"embeddable":true,"href":"https:\/\/www.enorsai.com\/noticias\/wp-json\/wp\/v2\/media\/2467"}],"wp:attachment":[{"href":"https:\/\/www.enorsai.com\/noticias\/wp-json\/wp\/v2\/media?parent=2466"}],"wp:term":[{"taxonomy":"category","embeddable":true,"href":"https:\/\/www.enorsai.com\/noticias\/wp-json\/wp\/v2\/categories?post=2466"},{"taxonomy":"post_tag","embeddable":true,"href":"https:\/\/www.enorsai.com\/noticias\/wp-json\/wp\/v2\/tags?post=2466"}],"curies":[{"name":"wp","href":"https:\/\/api.w.org\/{rel}","templated":true}]}}