{"id":2463,"date":"2025-03-13T14:34:57","date_gmt":"2025-03-13T17:34:57","guid":{"rendered":"https:\/\/www.enorsai.com\/noticias\/?p=2463"},"modified":"2025-03-13T14:34:57","modified_gmt":"2025-03-13T17:34:57","slug":"la-policia-de-bullrich-dos-chicos-detenidos-con-precintos-y-tirados-al-piso-al-salir-de-la-escuela-hablo-la-madre-de-uno-de-ellos","status":"publish","type":"post","link":"https:\/\/www.enorsai.com\/noticias\/sociedad\/la-policia-de-bullrich-dos-chicos-detenidos-con-precintos-y-tirados-al-piso-al-salir-de-la-escuela-hablo-la-madre-de-uno-de-ellos\/","title":{"rendered":"La polic\u00eda de Bullrich: Dos chicos detenidos con precintos y tirados al piso al salir de la escuela, habl\u00f3 la madre de uno de ellos"},"content":{"rendered":"\n<p><strong>Terror policial en Plaza de Mayo: dos menores detenidos con precintos tras la marcha de jubilados<\/strong><\/p>\n\n\n\n<p>Dos adolescentes de 14 y 12 a\u00f1os fueron arrestados arbitrariamente en medio de la brutal represi\u00f3n policial del mi\u00e9rcoles en Plaza de Mayo. Sal\u00edan del colegio y fueron interceptados por la polic\u00eda sin justificaci\u00f3n alguna. Durante horas, estuvieron incomunicados, esposados con precintos y sin que sus familias fueran notificadas.<\/p>\n\n\n\n<p>El relato de Mariela G\u00f3mez, madre de Lautaro, de 14 a\u00f1os, es aterrador. Su hijo y otro compa\u00f1ero de colegio intentaban volver a casa cuando se encontraron con el despliegue represivo. \u00abSalieron del colegio, fueron a tomar el colectivo y al no venir, se movieron por la zona sin conocer bien el lugar. De repente, se encontraron con corridas, tiros y todo ese caos. Como cualquiera en esa situaci\u00f3n, empezaron a correr. Ah\u00ed los agarr\u00f3 la polic\u00eda. Los redujeron y les pusieron precintos\u00bb, relat\u00f3 Mariela.<\/p>\n\n\n\n<p>El otro menor detenido tiene 12 a\u00f1os. \u00abImaginate, un nene de 12 a\u00f1os, esposado con precintos como si fuera un delincuente\u00bb, se lament\u00f3 la madre de Lautaro. La detenci\u00f3n arbitraria y el uso de la fuerza contra dos chicos que simplemente sal\u00edan de clases deja expuesta la brutalidad con la que el gobierno de Javier Milei est\u00e1 dispuesto a manejar la protesta social y la calle en general.<\/p>\n\n\n\n<h2 class=\"wp-block-heading\">Dos horas de incertidumbre y abuso de poder<\/h2>\n\n\n\n<p>Lo m\u00e1s aterrador es que durante horas, nadie les inform\u00f3 a las familias el paradero de los chicos. \u00abNo sab\u00edamos nada de ellos hasta las 8:30 de la noche. Nadie nos avis\u00f3, nadie nos llam\u00f3. No les dejaron usar el celular para avisarnos, y gracias a dos mujeres que se solidarizaron con ellos, no los trasladaron a otro lugar antes de que lleguemos\u00bb, explic\u00f3 Mariela.<\/p>\n\n\n\n<figure class=\"wp-block-embed is-type-wp-embed is-provider-incrustado wp-block-embed-incrustado\"><div class=\"wp-block-embed__wrapper\">\n<blockquote class=\"wp-embedded-content\" data-secret=\"iTisk4Xr3J\"><a href=\"https:\/\/www.enorsai.com\/noticias\/politica\/criptogate-el-escandalo-que-sacude-al-congreso-y-desnuda-la-tremenda-crisis-libertaria\/\">Criptogate: El esc\u00e1ndalo que sacude al Congreso y desnuda la tremenda crisis libertaria<\/a><\/blockquote><iframe loading=\"lazy\" class=\"wp-embedded-content\" sandbox=\"allow-scripts\" security=\"restricted\" style=\"position: absolute; visibility: hidden;\" title=\"\u00abCriptogate: El esc\u00e1ndalo que sacude al Congreso y desnuda la tremenda crisis libertaria\u00bb \u2014 \" src=\"https:\/\/www.enorsai.com\/noticias\/politica\/criptogate-el-escandalo-que-sacude-al-congreso-y-desnuda-la-tremenda-crisis-libertaria\/embed\/#?secret=k3ZpH1VntZ#?secret=iTisk4Xr3J\" data-secret=\"iTisk4Xr3J\" width=\"600\" height=\"338\" frameborder=\"0\" marginwidth=\"0\" marginheight=\"0\" scrolling=\"no\"><\/iframe>\n<\/div><\/figure>\n\n\n\n<p>Estas dos mujeres, presuntas manifestantes que se encontraron con la situaci\u00f3n, fueron las \u00fanicas que protegieron a los menores de una situaci\u00f3n a\u00fan peor. \u00abEllas se quedaron con ellos hasta que llegamos. No dejaron que los movieran a otro lado y trataron de hablar con abogados para que les sacaran los precintos. Pero ni as\u00ed dejaron que los chicos nos llamaran. Mi hijo, de los nervios, se olvid\u00f3 mi n\u00famero de tel\u00e9fono. Imaginate el miedo que debi\u00f3 haber sentido\u00bb.<\/p>\n\n\n\n<h2 class=\"wp-block-heading\">La criminalizaci\u00f3n de la infancia<\/h2>\n\n\n\n<p>El otro chico, de 12 a\u00f1os, fue sometido a un trato a\u00fan m\u00e1s brutal. \u00abEl polic\u00eda que lo agarr\u00f3 lo tir\u00f3 al piso para esposarlo y en la ca\u00edda le rompieron el celular. Es una criatura, una criatura que sali\u00f3 de la escuela y la trataron como un criminal\u00bb, denunci\u00f3 Mariela.<\/p>\n\n\n\n<figure class=\"wp-block-embed is-type-wp-embed is-provider-incrustado wp-block-embed-incrustado\"><div class=\"wp-block-embed__wrapper\">\n<blockquote class=\"wp-embedded-content\" data-secret=\"VENfjHhYMy\"><a href=\"https:\/\/www.enorsai.com\/noticias\/politica\/bullrich-en-la-cuerda-floja-la-represion-desato-la-furia-en-las-calles-y-un-pasado-judicial-que-la-persigue\/\">Bullrich, en la cuerda floja: La represi\u00f3n desat\u00f3 la furia en las calles y un pasado judicial que la persigue<\/a><\/blockquote><iframe loading=\"lazy\" class=\"wp-embedded-content\" sandbox=\"allow-scripts\" security=\"restricted\" style=\"position: absolute; visibility: hidden;\" title=\"\u00abBullrich, en la cuerda floja: La represi\u00f3n desat\u00f3 la furia en las calles y un pasado judicial que la persigue\u00bb \u2014 \" src=\"https:\/\/www.enorsai.com\/noticias\/politica\/bullrich-en-la-cuerda-floja-la-represion-desato-la-furia-en-las-calles-y-un-pasado-judicial-que-la-persigue\/embed\/#?secret=RxImEqQ9LT#?secret=VENfjHhYMy\" data-secret=\"VENfjHhYMy\" width=\"600\" height=\"338\" frameborder=\"0\" marginwidth=\"0\" marginheight=\"0\" scrolling=\"no\"><\/iframe>\n<\/div><\/figure>\n\n\n\n<p>El caso estremece porque deja al descubierto c\u00f3mo la polic\u00eda act\u00faa con total impunidad. No solo detienen de manera arbitraria, sino que justifican cualquier acci\u00f3n bajo el paraguas de la \u00abseguridad\u00bb. En un contexto donde el gobierno promueve la baja de la edad de imputabilidad, estas escenas son peligrosamente funcionales a su discurso. \u00abSi est\u00e1n tratando de imponer que los chicos sean imputables desde los 12 a\u00f1os, este es el escenario perfecto para decir: &#8216;Miren, ya tenemos delincuentes desde chicos'\u00bb, analiz\u00f3 Mariela, con una mezcla de indignaci\u00f3n y miedo.<\/p>\n\n\n\n<h2 class=\"wp-block-heading\">La represi\u00f3n descontrolada y el silencio oficial<\/h2>\n\n\n\n<p>Las im\u00e1genes que circulan son impactantes. Dos nenes sentados en la vereda, con las manos precintadas, rodeados de polic\u00edas. No hab\u00eda una raz\u00f3n, no hab\u00eda una justificaci\u00f3n, solo la brutalidad desmedida de una fuerza de seguridad desatada. \u00abEs un horror ver las fotos. Los ten\u00edan en el piso como delincuentes. No se puede tolerar esto\u00bb, denunci\u00f3 la madre de Lautaro.<\/p>\n\n\n\n<p>Mientras tanto, en el plano pol\u00edtico, las tensiones dentro del propio gobierno comienzan a notarse. Victoria Villarruel, vicepresidenta de la Naci\u00f3n, tom\u00f3 distancia de la postura oficial de Patricia Bullrich y de la doctrina represiva que viene aplicando el Ministerio de Seguridad. \u00abLa violencia no es una herramienta para manifestarse ni para defender ninguna causa\u00bb, declar\u00f3 Villarruel en Expo Agro, en lo que pareci\u00f3 un mensaje con doble sentido.<\/p>\n\n\n\n<p>Lo cierto es que la represi\u00f3n del mi\u00e9rcoles en Plaza de Mayo dej\u00f3 un saldo aterrador: jubilados golpeados, trabajadores reprimidos y, ahora, ni\u00f1os detenidos arbitrariamente. La pregunta es hasta d\u00f3nde est\u00e1 dispuesto a llegar este gobierno para imponer su agenda de ajuste sin encontrar resistencia en la calle. <\/p>\n","protected":false},"excerpt":{"rendered":"<p>Terror policial en Plaza de Mayo: dos menores detenidos con precintos tras la marcha de jubilados Dos adolescentes de 14 y 12 a\u00f1os fueron arrestados arbitrariamente en medio de la brutal represi\u00f3n policial del mi\u00e9rcoles en Plaza de Mayo. Sal\u00edan del colegio y fueron interceptados por la polic\u00eda sin justificaci\u00f3n alguna. Durante horas, estuvieron incomunicados,&#8230;<\/p>\n","protected":false},"author":13,"featured_media":2464,"comment_status":"open","ping_status":"open","sticky":false,"template":"","format":"standard","meta":{"_monsterinsights_skip_tracking":false,"_monsterinsights_sitenote_active":false,"_monsterinsights_sitenote_note":"","_monsterinsights_sitenote_category":0,"footnotes":"","jetpack_publicize_message":"","jetpack_publicize_feature_enabled":true,"jetpack_social_post_already_shared":true,"jetpack_social_options":{"image_generator_settings":{"template":"highway","default_image_id":0,"font":"","enabled":false},"version":2}},"categories":[4],"tags":[894,78,891,895,893,892],"class_list":["post-2463","post","type-post","status-publish","format-standard","has-post-thumbnail","hentry","category-sociedad","tag-baja-de-imputabilidad-argentina","tag-derechos-humanos","tag-detencion-de-menores-plaza-de-mayo","tag-gobierno-milei","tag-jubilados-marcha-represion","tag-represion-policial-argentina-milei"],"jetpack_publicize_connections":[],"_links":{"self":[{"href":"https:\/\/www.enorsai.com\/noticias\/wp-json\/wp\/v2\/posts\/2463","targetHints":{"allow":["GET"]}}],"collection":[{"href":"https:\/\/www.enorsai.com\/noticias\/wp-json\/wp\/v2\/posts"}],"about":[{"href":"https:\/\/www.enorsai.com\/noticias\/wp-json\/wp\/v2\/types\/post"}],"author":[{"embeddable":true,"href":"https:\/\/www.enorsai.com\/noticias\/wp-json\/wp\/v2\/users\/13"}],"replies":[{"embeddable":true,"href":"https:\/\/www.enorsai.com\/noticias\/wp-json\/wp\/v2\/comments?post=2463"}],"version-history":[{"count":1,"href":"https:\/\/www.enorsai.com\/noticias\/wp-json\/wp\/v2\/posts\/2463\/revisions"}],"predecessor-version":[{"id":2465,"href":"https:\/\/www.enorsai.com\/noticias\/wp-json\/wp\/v2\/posts\/2463\/revisions\/2465"}],"wp:featuredmedia":[{"embeddable":true,"href":"https:\/\/www.enorsai.com\/noticias\/wp-json\/wp\/v2\/media\/2464"}],"wp:attachment":[{"href":"https:\/\/www.enorsai.com\/noticias\/wp-json\/wp\/v2\/media?parent=2463"}],"wp:term":[{"taxonomy":"category","embeddable":true,"href":"https:\/\/www.enorsai.com\/noticias\/wp-json\/wp\/v2\/categories?post=2463"},{"taxonomy":"post_tag","embeddable":true,"href":"https:\/\/www.enorsai.com\/noticias\/wp-json\/wp\/v2\/tags?post=2463"}],"curies":[{"name":"wp","href":"https:\/\/api.w.org\/{rel}","templated":true}]}}