{"id":2450,"date":"2025-03-13T12:01:38","date_gmt":"2025-03-13T15:01:38","guid":{"rendered":"http:\/\/www.enorsai.com\/noticias\/?p=2450"},"modified":"2025-03-13T12:01:38","modified_gmt":"2025-03-13T15:01:38","slug":"para-el-jefe-de-gabinete-guillermo-francos-el-ataque-al-fotografo-fue-un-accidente","status":"publish","type":"post","link":"https:\/\/www.enorsai.com\/noticias\/politica\/para-el-jefe-de-gabinete-guillermo-francos-el-ataque-al-fotografo-fue-un-accidente\/","title":{"rendered":"Para el jefe de Gabinete, Guillermo Francos, el ataque al fot\u00f3grafo \u00abfue un accidente\u00bb\u00a0"},"content":{"rendered":"\n<p><strong><em>El gobierno de Javier Milei minimiza la brutal agresi\u00f3n al fot\u00f3grafo durante una protesta de jubilados, calific\u00e1ndola como un \u00abaccidente no previsto\u00bb.<\/em><\/strong><\/p>\n\n\n\n<p>En medio de una manifestaci\u00f3n pac\u00edfica de jubilados, la polic\u00eda, bajo las \u00f3rdenes de la ministra de Seguridad Patricia Bullrich, reprimi\u00f3 violentamente a los manifestantes. El fot\u00f3grafo Pablo Grillo result\u00f3 gravemente herido al recibir el impacto de un cartucho de gas lacrim\u00f3geno en la cabeza.<\/p>\n\n\n\n<p>El pasado mi\u00e9rcoles, una manifestaci\u00f3n de jubilados que exig\u00edan mejoras en sus pensiones frente al Congreso Nacional se convirti\u00f3 en escenario de una violenta represi\u00f3n policial. La protesta, que inicialmente transcurr\u00eda de manera pac\u00edfica, termin\u00f3 con m\u00e1s de 120 detenidos y al menos 45 heridos. Entre ellos, el fot\u00f3grafo independiente Pablo Grillo, de 35 a\u00f1os, sufri\u00f3 una fractura de cr\u00e1neo tras ser impactado por un cartucho de gas lacrim\u00f3geno disparado por la polic\u00eda. <\/p>\n\n\n\n<p>El momento del ataque qued\u00f3 registrado en un video donde se observa a Grillo arrodillado, capturando im\u00e1genes de la protesta, cuando es alcanzado por el proyectil en la cabeza. Actualmente, se encuentra en estado cr\u00edtico, internado en el Hospital Ramos Mej\u00eda, luchando por su vida. <\/p>\n\n\n\n<p>Lejos de asumir responsabilidad, el jefe de Gabinete, Guillermo Francos, minimiz\u00f3 el incidente calific\u00e1ndolo como un \u00abaccidente no previsto\u00bb. En declaraciones radiales, Francos afirm\u00f3: \u00abSon las lamentables consecuencias de un episodio violento como el que gener\u00f3 esta gente ayer\u00bb. Adem\u00e1s, sugiri\u00f3 que la manifestaci\u00f3n buscaba desestabilizar al gobierno, se\u00f1alando que \u00ablo que se pretende es una especie de golpe de Estado\u00bb. <\/p>\n\n\n\n<div class=\"wp-block-jetpack-related-posts\">\n<h2 class=\"wp-block-heading\"><\/h2>\n<\/div>\n\n\n\n<p>Estas declaraciones resultan alarmantes, ya que reflejan una postura oficial que justifica la violencia estatal y criminaliza la protesta social. La ministra de Seguridad, Patricia Bullrich, en lugar de condenar el accionar policial, intent\u00f3 deslegitimar a la v\u00edctima al afirmar que Grillo es \u00abun militante kirchnerista que hoy trabaja en la Municipalidad de Lan\u00fas con Juli\u00e1n \u00c1lvarez\u00bb. <\/p>\n\n\n\n<p>Esta no es la primera vez que la gesti\u00f3n de Bullrich se ve envuelta en episodios de represi\u00f3n. Durante su anterior mandato como ministra de Seguridad en 2017, se registraron fuertes represiones contra manifestantes que protestaban contra la reforma previsional, resultando en numerosos heridos y detenidos. <\/p>\n\n\n\n<p>La Asociaci\u00f3n de Reporteros Gr\u00e1ficos de la Rep\u00fablica Argentina (ARGRA) emiti\u00f3 un comunicado exigiendo la \u00abrenuncia indeclinable\u00bb de Bullrich, se\u00f1alando que \u00abla violencia contra los trabajadores de prensa es una constante en este gobierno\u00bb. <\/p>\n\n\n\n<p>La respuesta oficial ante estos hechos es preocupante. La minimizaci\u00f3n de la violencia estatal y la estigmatizaci\u00f3n de las v\u00edctimas reflejan una pol\u00edtica de gobierno que prioriza la represi\u00f3n por sobre el di\u00e1logo. Calificar una agresi\u00f3n directa como un \u00abaccidente no previsto\u00bb es una afrenta a la verdad y a los derechos humanos.<\/p>\n\n\n\n<p>Es imperativo que se realice una investigaci\u00f3n independiente y transparente sobre lo ocurrido, y que los responsables, tanto materiales como intelectuales, rindan cuentas por sus acciones. La democracia se fortalece con la participaci\u00f3n ciudadana y el respeto a las libertades, no con la represi\u00f3n y la violencia institucional.<\/p>\n\n\n\n<p>El caso de Pablo Grillo es un triste recordatorio de los riesgos que enfrentan quienes buscan documentar la realidad y ejercer su derecho a la protesta. La sociedad no puede permanecer indiferente ante estos atropellos. Es momento de exigir justicia y garant\u00edas para que hechos como este no se repitan.<\/p>\n\n\n\n<p>La comunidad internacional tambi\u00e9n debe prestar atenci\u00f3n a la situaci\u00f3n en Argentina. La violaci\u00f3n de los derechos humanos y la libertad de prensa son indicadores de un deterioro democr\u00e1tico que no puede ser ignorado. La solidaridad y el apoyo global son fundamentales para presionar al gobierno a rectificar su accionar y respetar las garant\u00edas constitucionales.<\/p>\n\n\n\n<p>Mientras tanto, Pablo Grillo contin\u00faa luchando por su vida, convertido en s\u00edmbolo de la resistencia y el compromiso con la verdad. Su caso nos interpela a todos y nos obliga a reflexionar sobre el pa\u00eds que queremos construir: uno donde la disidencia no sea reprimida y donde la justicia prevalezca sobre la impunidad.<\/p>\n\n\n\n<p>Fuentes:<\/p>\n\n\n\n<ul class=\"wp-block-list\">\n<li><a href=\"https:\/\/www.lapoliticaonline.com\/politica\/francos-minimizo-el-ataque-al-fotografo-fue-un-accidente-no-previsto\/\">https:\/\/www.lapoliticaonline.com\/politica\/francos-minimizo-el-ataque-al-fotografo-fue-un-accidente-no-previsto\/<\/a><\/li>\n<\/ul>\n","protected":false},"excerpt":{"rendered":"<p>La represi\u00f3n policial contra jubilados dej\u00f3 al fot\u00f3grafo Pablo Grillo gravemente herido. El gobierno de Milei minimiza el ataque, llam\u00e1ndolo un \u201caccidente no previsto\u201d. Patricia Bullrich, en vez de asumir responsabilidad, criminaliza a la v\u00edctima. La violencia estatal avanza y la democracia retrocede. \u00bfHasta cu\u00e1ndo la impunidad?<\/p>\n","protected":false},"author":9,"featured_media":2451,"comment_status":"open","ping_status":"open","sticky":false,"template":"","format":"standard","meta":{"_monsterinsights_skip_tracking":false,"_monsterinsights_sitenote_active":false,"_monsterinsights_sitenote_note":"","_monsterinsights_sitenote_category":0,"footnotes":"","jetpack_publicize_message":"Para el jefe de Gabinete, Guillermo Francos, el ataque al fot\u00f3grafo \"fue un accidente\"\u00a0","jetpack_publicize_feature_enabled":true,"jetpack_social_post_already_shared":false,"jetpack_social_options":{"image_generator_settings":{"template":"highway","enabled":false},"version":2}},"categories":[2],"tags":[262,209,69,882,98,509,45,371,365,711],"class_list":["post-2450","post","type-post","status-publish","format-standard","has-post-thumbnail","hentry","category-politica","tag-bullrich","tag-democracia","tag-derechos","tag-fotografia","tag-impunidad","tag-jubilados","tag-milei","tag-protesta","tag-represion","tag-violencia"],"jetpack_publicize_connections":[],"_links":{"self":[{"href":"https:\/\/www.enorsai.com\/noticias\/wp-json\/wp\/v2\/posts\/2450","targetHints":{"allow":["GET"]}}],"collection":[{"href":"https:\/\/www.enorsai.com\/noticias\/wp-json\/wp\/v2\/posts"}],"about":[{"href":"https:\/\/www.enorsai.com\/noticias\/wp-json\/wp\/v2\/types\/post"}],"author":[{"embeddable":true,"href":"https:\/\/www.enorsai.com\/noticias\/wp-json\/wp\/v2\/users\/9"}],"replies":[{"embeddable":true,"href":"https:\/\/www.enorsai.com\/noticias\/wp-json\/wp\/v2\/comments?post=2450"}],"version-history":[{"count":2,"href":"https:\/\/www.enorsai.com\/noticias\/wp-json\/wp\/v2\/posts\/2450\/revisions"}],"predecessor-version":[{"id":2455,"href":"https:\/\/www.enorsai.com\/noticias\/wp-json\/wp\/v2\/posts\/2450\/revisions\/2455"}],"wp:featuredmedia":[{"embeddable":true,"href":"https:\/\/www.enorsai.com\/noticias\/wp-json\/wp\/v2\/media\/2451"}],"wp:attachment":[{"href":"https:\/\/www.enorsai.com\/noticias\/wp-json\/wp\/v2\/media?parent=2450"}],"wp:term":[{"taxonomy":"category","embeddable":true,"href":"https:\/\/www.enorsai.com\/noticias\/wp-json\/wp\/v2\/categories?post=2450"},{"taxonomy":"post_tag","embeddable":true,"href":"https:\/\/www.enorsai.com\/noticias\/wp-json\/wp\/v2\/tags?post=2450"}],"curies":[{"name":"wp","href":"https:\/\/api.w.org\/{rel}","templated":true}]}}