{"id":2445,"date":"2025-03-13T06:20:46","date_gmt":"2025-03-13T09:20:46","guid":{"rendered":"http:\/\/www.enorsai.com\/noticias\/?p=2445"},"modified":"2025-03-13T06:20:46","modified_gmt":"2025-03-13T09:20:46","slug":"bullrich-en-la-cuerda-floja-la-represion-desato-la-furia-en-las-calles-y-un-pasado-judicial-que-la-persigue","status":"publish","type":"post","link":"https:\/\/www.enorsai.com\/noticias\/politica\/bullrich-en-la-cuerda-floja-la-represion-desato-la-furia-en-las-calles-y-un-pasado-judicial-que-la-persigue\/","title":{"rendered":"Bullrich, en la cuerda floja: La represi\u00f3n desat\u00f3 la furia en las calles y un pasado judicial que la persigue"},"content":{"rendered":"\n<p><strong><em>Las sombras que persiguen a su gesti\u00f3n: tr\u00e1fico de armas, muertes sin esclarecer y cuestionados acuerdos en la compra de armas.<\/em><\/strong><\/p>\n\n\n\n<p>La ministra de Seguridad, Patricia Bullrich, enfrenta una creciente presi\u00f3n social que exige su dimisi\u00f3n, mientras su historial se ve empa\u00f1ado por graves acusaciones que incluyen el tr\u00e1fico de armas a Bolivia, las controvertidas muertes de Santiago Maldonado y Rafael Nahuel, y pol\u00e9micos acuerdos de compra de armamento con Israel.<\/p>\n\n\n\n<p>En las \u00faltimas horas, las calles de Buenos Aires han sido escenario de multitudinarias manifestaciones que exigen la renuncia de la ministra de Seguridad, Patricia Bullrich. Las consignas apuntan a la represi\u00f3n desmedida que dej\u00f3 muchos heridos y a un historial cargado de controversias y decisiones cuestionables que han dejado una profunda huella en la memoria colectiva del pa\u00eds.<\/p>\n\n\n\n<p>Anoche, diversos barrios de la Ciudad de Buenos Aires y el conurbano bonaerense fueron escenario de un cacerolazo espont\u00e1neo que exig\u00eda la renuncia de la ministra de Seguridad, Patricia Bullrich. Esta manifestaci\u00f3n surgi\u00f3 como respuesta al descontento ciudadano por la reciente represi\u00f3n policial durante una protesta de jubilados que reclamaban mejoras en sus pensiones. El operativo dej\u00f3 un saldo de m\u00e1s de 120 detenidos y 45 heridos, incluyendo al fotoperiodista Pablo Grillo, quien sufri\u00f3 una fractura de cr\u00e1neo. <\/p>\n\n\n\n<p>La indignaci\u00f3n popular se materializ\u00f3 en cacerolazos en barrios como Palermo, Almagro, La Paternal, Colegiales, Chacarita, Villa Crespo, Caballito, Balvanera, Flores, N\u00fa\u00f1ez, Villa Urquiza, Parque Chacabuco y Recoleta. Adem\u00e1s, localidades del conurbano como Avellaneda, Ramos Mej\u00eda, Mor\u00f3n, San Mart\u00edn y Vicente L\u00f3pez tambi\u00e9n se sumaron a la protesta. Cerca de la medianoche, una multitud se congreg\u00f3 en la avenida Corrientes con rumbo a Plaza de Mayo, exigiendo la renuncia tanto del presidente Javier Milei como de la ministra Bullrich.<\/p>\n\n\n\n<p>Este cacerolazo refleja el creciente descontento social hacia las pol\u00edticas de seguridad implementadas por Bullrich, consideradas por amplios sectores como represivas y desproporcionadas. La ciudadan\u00eda demanda un cambio en la conducci\u00f3n del Ministerio de Seguridad, buscando garantizar el respeto a los derechos humanos y la libertad de expresi\u00f3n en el pa\u00eds.<\/p>\n\n\n\n<p><strong>El esc\u00e1ndalo del tr\u00e1fico de armas a Bolivia<\/strong><\/p>\n\n\n\n<p>Uno de los episodios m\u00e1s oscuros en la carrera de Bullrich es su presunta implicaci\u00f3n en el env\u00edo de material b\u00e9lico a Bolivia en 2019, durante el gobierno de Mauricio Macri. Este armamento habr\u00eda sido utilizado para reprimir protestas tras la destituci\u00f3n de Evo Morales, lo que muchos calificaron como un golpe de Estado. La gravedad de estas acciones llev\u00f3 a que figuras pol\u00edticas y sociales exigieran explicaciones y responsabilidades.<\/p>\n\n\n\n<p><strong>Las muertes de Santiago Maldonado y Rafael Nahuel<\/strong><\/p>\n\n\n\n<p>La gesti\u00f3n de Bullrich al frente del Ministerio de Seguridad tambi\u00e9n estuvo marcada por la muerte de Santiago Maldonado en 2017. El joven artesano desapareci\u00f3 durante una protesta mapuche en Chubut, y su cuerpo fue hallado sin vida semanas despu\u00e9s en circunstancias que generaron m\u00faltiples interrogantes. La actuaci\u00f3n de las fuerzas de seguridad bajo la \u00f3rbita de Bullrich fue duramente criticada por organismos de derechos humanos y amplios sectores de la sociedad.<\/p>\n\n\n\n<p>Meses despu\u00e9s, en noviembre de 2017, Rafael Nahuel, un joven mapuche, muri\u00f3 durante un operativo de las fuerzas federales en R\u00edo Negro. Este hecho aviv\u00f3 a\u00fan m\u00e1s las cr\u00edticas hacia la pol\u00edtica represiva del ministerio liderado por Bullrich, se\u00f1alada por su mano dura y falta de di\u00e1logo con las comunidades ind\u00edgenas.<\/p>\n\n\n\n<p><strong>Acuerdos cuestionados con Israel<\/strong><\/p>\n\n\n\n<p>Otra arista pol\u00e9mica de su gesti\u00f3n fue la adquisici\u00f3n de armamento a Israel. Estos acuerdos fueron cuestionados no solo por la falta de transparencia en las negociaciones, sino tambi\u00e9n por la pertinencia y necesidad de dicho equipamiento en el contexto argentino. Analistas y opositores se\u00f1alaron que estas compras respond\u00edan m\u00e1s a intereses geopol\u00edticos que a verdaderas necesidades de seguridad interna.<\/p>\n\n\n\n<p><strong>La represi\u00f3n bajo el gobierno de Javier Milei<\/strong><\/p>\n\n\n\n<p>Con la llegada de Javier Milei al poder en diciembre de 2023, Bullrich retom\u00f3 el control del Ministerio de Seguridad. Su gesti\u00f3n se caracteriz\u00f3 por una pol\u00edtica de mano dura frente a las manifestaciones sociales. Un ejemplo claro fue la represi\u00f3n de una protesta de jubilados que exig\u00edan mejoras en sus pensiones, la cual culmin\u00f3 con m\u00e1s de 120 detenidos y 45 heridos, incluyendo al fotoperiodista Pablo Grillo, quien sufri\u00f3 una fractura de cr\u00e1neo. Este episodio fue catalogado como el mayor ejercicio de fuerza desde la asunci\u00f3n del gobierno ultraderechista de Milei. \ue200cite\ue202turn0news12\ue201<\/p>\n\n\n\n<p><strong>El rechazo a la Ley de Bases y Puntos de Partida para la Libertad de los Argentinos<\/strong><\/p>\n\n\n\n<p>La implementaci\u00f3n de la denominada \u00abLey de Bases y Puntos de Partida para la Libertad de los Argentinos\u00bb en 2024 gener\u00f3 un amplio rechazo social. Durante su debate en el Congreso, miles de personas se manifestaron en contra, siendo reprimidas por las fuerzas de seguridad con balas de goma, gases lacrim\u00f3genos y camiones hidrantes. Entre los heridos se contabilizaron 26 periodistas, lo que provoc\u00f3 el repudio del Sindicato de Prensa de Buenos Aires (SiPreBA). La ministra Bullrich respald\u00f3 el accionar policial, calificando las protestas como intentos de desestabilizaci\u00f3n y justificando la represi\u00f3n como una medida necesaria para mantener el orden. \ue200cite\ue202turn0search15\ue201<\/p>\n\n\n\n<p><strong>Conclusi\u00f3n<\/strong><\/p>\n\n\n\n<p>La acumulaci\u00f3n de estos hechos ha erosionado la confianza de amplios sectores de la sociedad en la ministra Patricia Bullrich. Las demandas de renuncia no solo reflejan el descontento con su gesti\u00f3n actual, sino tambi\u00e9n un rechazo a un historial plagado de decisiones controvertidas y acciones que, para muchos, han vulnerado los derechos humanos y las libertades civiles en Argentina.<\/p>\n","protected":false},"excerpt":{"rendered":"<p>Las sombras que persiguen a su gesti\u00f3n: tr\u00e1fico de armas, muertes sin esclarecer y cuestionados acuerdos en la compra de armas. La ministra de Seguridad, Patricia Bullrich, enfrenta una creciente presi\u00f3n social que exige su dimisi\u00f3n, mientras su historial se ve empa\u00f1ado por graves acusaciones que incluyen el tr\u00e1fico de armas a Bolivia, las controvertidas&#8230;<\/p>\n","protected":false},"author":1,"featured_media":2446,"comment_status":"open","ping_status":"open","sticky":false,"template":"","format":"standard","meta":{"_monsterinsights_skip_tracking":false,"_monsterinsights_sitenote_active":false,"_monsterinsights_sitenote_note":"","_monsterinsights_sitenote_category":0,"footnotes":"","jetpack_publicize_message":"Bullrich, en la cuerda floja: La represi\u00f3n desat\u00f3 la furia en las calles y un pasado judicial que la persigue","jetpack_publicize_feature_enabled":true,"jetpack_social_post_already_shared":false,"jetpack_social_options":{"image_generator_settings":{"template":"highway","enabled":false},"version":2}},"categories":[2],"tags":[431],"class_list":["post-2445","post","type-post","status-publish","format-standard","has-post-thumbnail","hentry","category-politica","tag-patricia-bullrich"],"jetpack_publicize_connections":[],"_links":{"self":[{"href":"https:\/\/www.enorsai.com\/noticias\/wp-json\/wp\/v2\/posts\/2445","targetHints":{"allow":["GET"]}}],"collection":[{"href":"https:\/\/www.enorsai.com\/noticias\/wp-json\/wp\/v2\/posts"}],"about":[{"href":"https:\/\/www.enorsai.com\/noticias\/wp-json\/wp\/v2\/types\/post"}],"author":[{"embeddable":true,"href":"https:\/\/www.enorsai.com\/noticias\/wp-json\/wp\/v2\/users\/1"}],"replies":[{"embeddable":true,"href":"https:\/\/www.enorsai.com\/noticias\/wp-json\/wp\/v2\/comments?post=2445"}],"version-history":[{"count":1,"href":"https:\/\/www.enorsai.com\/noticias\/wp-json\/wp\/v2\/posts\/2445\/revisions"}],"predecessor-version":[{"id":2447,"href":"https:\/\/www.enorsai.com\/noticias\/wp-json\/wp\/v2\/posts\/2445\/revisions\/2447"}],"wp:featuredmedia":[{"embeddable":true,"href":"https:\/\/www.enorsai.com\/noticias\/wp-json\/wp\/v2\/media\/2446"}],"wp:attachment":[{"href":"https:\/\/www.enorsai.com\/noticias\/wp-json\/wp\/v2\/media?parent=2445"}],"wp:term":[{"taxonomy":"category","embeddable":true,"href":"https:\/\/www.enorsai.com\/noticias\/wp-json\/wp\/v2\/categories?post=2445"},{"taxonomy":"post_tag","embeddable":true,"href":"https:\/\/www.enorsai.com\/noticias\/wp-json\/wp\/v2\/tags?post=2445"}],"curies":[{"name":"wp","href":"https:\/\/api.w.org\/{rel}","templated":true}]}}