{"id":2442,"date":"2025-03-13T06:02:45","date_gmt":"2025-03-13T09:02:45","guid":{"rendered":"http:\/\/www.enorsai.com\/noticias\/?p=2442"},"modified":"2025-03-13T06:02:45","modified_gmt":"2025-03-13T09:02:45","slug":"milei-y-la-ministra-patricia-bullrich-desplegaron-una-violencia-sin-precedentes-contra-una-marcha-pacifica-de-jubilados-hinchas-y-trabajadores","status":"publish","type":"post","link":"https:\/\/www.enorsai.com\/noticias\/politica\/milei-y-la-ministra-patricia-bullrich-desplegaron-una-violencia-sin-precedentes-contra-una-marcha-pacifica-de-jubilados-hinchas-y-trabajadores\/","title":{"rendered":"Milei y la ministra Patricia Bullrich desplegaron una violencia sin precedentes contra una marcha pac\u00edfica de jubilados, hinchas y trabajadores"},"content":{"rendered":"\n<p>Con m\u00e1s de 150 detenidos, heridos graves y un mensaje claro: la protesta ser\u00e1 castigada. En una jornada que quedar\u00e1 marcada por la brutalidad policial, el gobierno de Milei demostr\u00f3 que no hay l\u00edmites para reprimir a quienes se atreven a desafiar su ajuste. Jubilados, j\u00f3venes, familias y hasta un sacerdote fueron v\u00edctimas de una operaci\u00f3n que buscaba sembrar el miedo. <\/p>\n\n\n\n<p>El mi\u00e9rcoles 13 de marzo de 2025 no fue un d\u00eda cualquiera en Buenos Aires. Lo que comenz\u00f3 como una marcha masiva en apoyo a los jubilados, convocada por organizaciones sociales, sindicatos y hasta hinchas de f\u00fatbol, termin\u00f3 en una represi\u00f3n feroz que dej\u00f3 un saldo de m\u00e1s de 150 detenidos, decenas de heridos y un mensaje claro del gobierno de Javier Milei: la protesta social no ser\u00e1 tolerada.<\/p>\n\n\n\n<p>Desde temprano, las fuerzas de seguridad, bajo las \u00f3rdenes de la ministra de Seguridad, Patricia Bullrich, mostraron su disposici\u00f3n a actuar con violencia. A las 15:30, una hora y media antes de que comenzara oficialmente la movilizaci\u00f3n, la Polic\u00eda Federal avanz\u00f3 sobre los manifestantes que se congregaban frente al Congreso. No hubo di\u00e1logo, no hubo advertencias. Solo gases lacrim\u00f3genos, balas de goma y palos. La consigna era clara: disciplinar a cualquier costo.<\/p>\n\n\n\n<p>La marcha, que reuni\u00f3 a jubilados, trabajadores, j\u00f3venes y familias enteras, ten\u00eda reclamos justos y urgentes: un aumento en las jubilaciones (hoy la m\u00ednima es de 279 mil pesos m\u00e1s un bono de 70 mil), la recuperaci\u00f3n de los medicamentos gratuitos (eliminados por el gobierno de Milei) y la reapertura de la moratoria previsional, una herramienta vital para que miles de argentinos puedan acceder a una jubilaci\u00f3n digna. Sin embargo, el gobierno no solo ignor\u00f3 estos reclamos, sino que respondi\u00f3 con una violencia desproporcionada.<\/p>\n\n\n\n<iframe loading=\"lazy\" src=\"https:\/\/www.facebook.com\/plugins\/video.php?height=476&#038;href=https%3A%2F%2Fwww.facebook.com%2Fjavierproferomero%2Fvideos%2F1688551541697519%2F&#038;show_text=false&#038;width=267&#038;t=0\" width=\"267\" height=\"476\" style=\"border:none;overflow:hidden\" scrolling=\"no\" frameborder=\"0\" allowfullscreen=\"true\" allow=\"autoplay; clipboard-write; encrypted-media; picture-in-picture; web-share\" allowFullScreen=\"true\"><\/iframe>\n\n\n\n<p><strong>La represi\u00f3n: un operativo planificado para infundir miedo<\/strong><\/p>\n\n\n\n<p>La represi\u00f3n no fue espont\u00e1nea. Fue un operativo cuidadosamente orquestado para enviar un mensaje contundente: protestar tiene consecuencias. Las fuerzas de seguridad, compuestas por la Polic\u00eda Federal, Gendarmer\u00eda, Prefectura, Polic\u00eda de la Ciudad y el Servicio Penitenciario, actuaron con una sa\u00f1a que dej\u00f3 im\u00e1genes dif\u00edciles de olvidar.<\/p>\n\n\n\n<p>Pablo Grillo, un joven fot\u00f3grafo de FM La Tribu, recibi\u00f3 un impacto de gas lacrim\u00f3geno en la frente mientras documentaba la protesta. Sufri\u00f3 m\u00faltiples fracturas de cr\u00e1neo y da\u00f1o cerebral grave. Al cierre de esta nota, su vida pend\u00eda de un hilo. Beatriz Blanco, una jubilada de 87 a\u00f1os, fue golpeada brutalmente por un polic\u00eda y termin\u00f3 en el suelo, ensangrentada y desmayada. Seis manifestantes resultaron heridos, y 17 polic\u00edas tambi\u00e9n requirieron atenci\u00f3n m\u00e9dica, seg\u00fan inform\u00f3 el Ministerio de Seguridad.<\/p>\n\n\n\n<p>Las detenciones fueron masivas y arbitrarias. Cerca de 150 personas fueron privadas de su libertad, entre ellas el titular de ATE Capital, Daniel Catalano, y un monaguillo que acompa\u00f1aba al sacerdote Francisco \u00abPaco\u00bb Olveira, quien tambi\u00e9n fue agredido. Las condiciones de detenci\u00f3n fueron ca\u00f3ticas: patrulleros circulaban por el centro porte\u00f1o con detenidos en su interior, sin que los abogados pudieran obtener informaci\u00f3n sobre su paradero.<\/p>\n\n\n\n<div class=\"wp-block-jetpack-related-posts\">\n<h2 class=\"wp-block-heading\"><\/h2>\n<\/div>\n\n\n\n<p><strong>El relato oficial: estigmatizaci\u00f3n y mentiras<\/strong><\/p>\n\n\n\n<p>Frente a la contundencia de los hechos, el gobierno opt\u00f3 por la estigmatizaci\u00f3n y la desinformaci\u00f3n. Patricia Bullrich calific\u00f3 a los manifestantes como \u00abenerg\u00famenos\u00bb, \u00abl\u00fampenes\u00bb y \u00abmafiosos\u00bb, asegurando que estaban \u00abpreparados para matar\u00bb y que buscaban \u00abtomar el Congreso\u00bb. Como \u00abprueba\u00bb, mostr\u00f3 armas y facas supuestamente incautadas, aunque videos captados por los propios manifestantes revelaron que la polic\u00eda plant\u00f3 un arma en la plaza. <\/p>\n\n\n\n<p>El vocero presidencial, Manuel Adorni, sum\u00f3 m\u00e1s le\u00f1a al fuego al tildar a los manifestantes de \u00abviolentos\u00bb y \u00abcriminales\u00bb. Milei, por su parte, public\u00f3 en X una foto de una pintada que dec\u00eda \u00abHay que matar al Presidente\u00bb y la acompa\u00f1\u00f3 con un mensaje sarc\u00e1stico: \u00abLos demoKr\u00e1ticos&#8230;\u00bb. El gobierno intent\u00f3 justificar la represi\u00f3n como una medida necesaria para \u00abmantener el orden\u00bb, pero lo que mostr\u00f3 fue un desprecio absoluto por los derechos humanos y la democracia.<\/p>\n\n\n\n<p><strong>El mensaje final: miedo y autoritarismo<\/strong><\/p>\n\n\n\n<p>La represi\u00f3n del 13 de marzo no fue un hecho aislado, sino parte de una estrategia m\u00e1s amplia del gobierno de Milei para silenciar cualquier forma de disidencia. Desde su asunci\u00f3n, Bullrich ha desplegado un operativo sistem\u00e1tico para desarticular protestas, especialmente aquellas lideradas por sectores populares. La violencia no es casual: es un mensaje claro para quienes piensen salir a la calle a reclamar. \u00abTengan miedo\u00bb, parece decir el gobierno. \u00abProtestar puede costarles m\u00e1s que unas horas de detenci\u00f3n\u00bb.<\/p>\n\n\n\n<p>Pero la marcha de los jubilados y los hinchas demostr\u00f3 que hay sectores dispuestos a resistir. Los cacerolazos que resonaron en los barrios porte\u00f1os y en el interior del pa\u00eds esa misma noche fueron una respuesta contundente a la represi\u00f3n. El gobierno puede intentar infundir miedo, pero no podr\u00e1 silenciar a quienes luchan por sus derechos. La pregunta que queda es: \u00bfcu\u00e1nta m\u00e1s violencia est\u00e1 dispuesto a ejercer el gobierno de Milei para mantener su proyecto de ajuste y exclusi\u00f3n?<\/p>\n\n\n\n<p>Fuentes:<\/p>\n\n\n\n<ul class=\"wp-block-list\">\n<li><a href=\"https:\/\/www.pagina12.com.ar\/810367-cientos-de-detenidos-y-un-herido-de-gravedad\">https:\/\/www.pagina12.com.ar\/810367-cientos-de-detenidos-y-un-herido-de-gravedad<\/a><\/li>\n\n\n\n<li><a href=\"https:\/\/www.pagina12.com.ar\/810371-el-gobierno-de-milei-reprimio-a-jubilados-hinchas-y-a-todo-e\">https:\/\/www.pagina12.com.ar\/810371-el-gobierno-de-milei-reprimio-a-jubilados-hinchas-y-a-todo-e<\/a><\/li>\n<\/ul>\n\n\n","protected":false},"excerpt":{"rendered":"<p>El gobierno de Milei reprimi\u00f3 con violencia extrema una marcha de jubilados y hinchas. Heridos graves, detenciones masivas y un operativo desproporcionado marcaron la jornada. Bullrich justific\u00f3 la represi\u00f3n, pero testimonios e im\u00e1genes desmienten su relato. La protesta exig\u00eda aumentos jubilatorios y derechos b\u00e1sicos.<\/p>\n","protected":false},"author":1,"featured_media":2443,"comment_status":"open","ping_status":"open","sticky":false,"template":"","format":"standard","meta":{"_monsterinsights_skip_tracking":false,"_monsterinsights_sitenote_active":false,"_monsterinsights_sitenote_note":"","_monsterinsights_sitenote_category":0,"footnotes":"","jetpack_publicize_message":"Milei y la ministra Patricia Bullrich desplegaron una violencia sin precedentes contra una marcha pac\u00edfica de jubilados, hinchas y trabajadores\n","jetpack_publicize_feature_enabled":true,"jetpack_social_post_already_shared":false,"jetpack_social_options":{"image_generator_settings":{"template":"highway","enabled":false},"version":2}},"categories":[2],"tags":[58,804,262,69,881,509,45,371,365,711],"class_list":["post-2442","post","type-post","status-publish","format-standard","has-post-thumbnail","hentry","category-politica","tag-ajuste","tag-autoritarismo","tag-bullrich","tag-derechos","tag-detenidos","tag-jubilados","tag-milei","tag-protesta","tag-represion","tag-violencia"],"jetpack_publicize_connections":[],"_links":{"self":[{"href":"https:\/\/www.enorsai.com\/noticias\/wp-json\/wp\/v2\/posts\/2442","targetHints":{"allow":["GET"]}}],"collection":[{"href":"https:\/\/www.enorsai.com\/noticias\/wp-json\/wp\/v2\/posts"}],"about":[{"href":"https:\/\/www.enorsai.com\/noticias\/wp-json\/wp\/v2\/types\/post"}],"author":[{"embeddable":true,"href":"https:\/\/www.enorsai.com\/noticias\/wp-json\/wp\/v2\/users\/1"}],"replies":[{"embeddable":true,"href":"https:\/\/www.enorsai.com\/noticias\/wp-json\/wp\/v2\/comments?post=2442"}],"version-history":[{"count":1,"href":"https:\/\/www.enorsai.com\/noticias\/wp-json\/wp\/v2\/posts\/2442\/revisions"}],"predecessor-version":[{"id":2444,"href":"https:\/\/www.enorsai.com\/noticias\/wp-json\/wp\/v2\/posts\/2442\/revisions\/2444"}],"wp:featuredmedia":[{"embeddable":true,"href":"https:\/\/www.enorsai.com\/noticias\/wp-json\/wp\/v2\/media\/2443"}],"wp:attachment":[{"href":"https:\/\/www.enorsai.com\/noticias\/wp-json\/wp\/v2\/media?parent=2442"}],"wp:term":[{"taxonomy":"category","embeddable":true,"href":"https:\/\/www.enorsai.com\/noticias\/wp-json\/wp\/v2\/categories?post=2442"},{"taxonomy":"post_tag","embeddable":true,"href":"https:\/\/www.enorsai.com\/noticias\/wp-json\/wp\/v2\/tags?post=2442"}],"curies":[{"name":"wp","href":"https:\/\/api.w.org\/{rel}","templated":true}]}}