{"id":2422,"date":"2025-03-12T07:58:20","date_gmt":"2025-03-12T10:58:20","guid":{"rendered":"https:\/\/www.enorsai.com\/noticias\/?p=2422"},"modified":"2025-03-12T07:58:20","modified_gmt":"2025-03-12T10:58:20","slug":"le-lleno-la-cara-de-dedos-cristina-cruzo-a-milei-por-la-tragedia-de-bahia-blanca","status":"publish","type":"post","link":"https:\/\/www.enorsai.com\/noticias\/politica\/le-lleno-la-cara-de-dedos-cristina-cruzo-a-milei-por-la-tragedia-de-bahia-blanca\/","title":{"rendered":"Le llen\u00f3 la cara de dedos: Cristina cruz\u00f3 a Milei por la tragedia de Bah\u00eda Blanca"},"content":{"rendered":"\n<p><strong><em>Cristina le reclama a Milei por no viajar a Bah\u00eda Blanca tras la tragedia. \u00abHay que acompa\u00f1ar y reconstruir\u00bb, insiste con dureza.<\/em><\/strong><\/p>\n\n\n\n<p>La expresidenta Cristina Kirchner no dud\u00f3 en cargar contra el presidente Javier Milei tras la cat\u00e1strofe que devast\u00f3 Bah\u00eda Blanca, un temporal que dej\u00f3 16 muertos, m\u00e1s de 500 evacuados y miles de damnificados. A trav\u00e9s de un mensaje en sus redes sociales, Kirchner critic\u00f3 con dureza la falta de acci\u00f3n de Milei, quien no viaj\u00f3 a la ciudad afectada por la tragedia.<\/p>\n\n\n\n<p>Con un tono cargado de indignaci\u00f3n, la actual titular del Partido Justicialista (PJ) expres\u00f3 su desilusi\u00f3n. \u201c\u00a1Ay, Milei! Te juro que esper\u00e9. Pens\u00e9: &#8216;Seguro que este viaja a Bah\u00eda Blanca, porque lo que pas\u00f3 es apocal\u00edptico&#8217;. Y no\u2026 nada\u00bb, escribi\u00f3 Cristina en X (anteriormente Twitter). \u201c\u00a1Madre de Dios! \u00a1Qu\u00e9 desconexi\u00f3n emocional ten\u00e9s con los que sufren!\u201d, le espet\u00f3.<\/p>\n\n\n\n<p>La expresidenta remarc\u00f3 la importancia de que el presidente est\u00e9 presente ante una tragedia de esta magnitud. \u201cNo te imagin\u00e1s lo que significa para la gente que llegue un presidente, o presidenta, cuando sufre una tragedia y muertes provocadas por las fuerzas de la naturaleza\u201d, agreg\u00f3.<\/p>\n\n\n\n<p>El compromiso con el pueblo en tiempos de crisis<\/p>\n\n\n\n<p>En su mensaje, Kirchner record\u00f3 varias ocasiones en las que asumi\u00f3 un rol activo ante cat\u00e1strofes naturales. En 2009, por ejemplo, viaj\u00f3 a Salta para asistir a las v\u00edctimas del alud que sepult\u00f3 el pueblo de Tartagal. En 2013, estuvo en La Plata tras las inundaciones y tambi\u00e9n visit\u00f3 a los afectados por un tornado en Misiones. \u201cEn fin, se trata de estar, acompa\u00f1ar, ayudar y reconstruir. No es tan dif\u00edcil. Hay que poner voluntad y sobre todo plata\u201d, se\u00f1al\u00f3, apuntando directamente a la falta de acci\u00f3n de la administraci\u00f3n actual.<\/p>\n\n\n\n<p>En un claro reproche a la pol\u00edtica comunicacional de Milei, Cristina asegur\u00f3 que \u201cno sirve solo poner la cara para la tele\u201d. \u00abHay que poner la cara y la billetera para poder reconstruir Bah\u00eda Blanca\u00bb, sentenci\u00f3. El intendente de la ciudad, Federico Susbielles, hab\u00eda estimado los da\u00f1os en alrededor de 400 mil millones de pesos, casi 400 millones de d\u00f3lares, cifra que, seg\u00fan Cristina, se podr\u00eda haber destinado a la reconstrucci\u00f3n en lugar de ser utilizada por el gobierno en operaciones cambiarias.<\/p>\n\n\n\n<p>\u201cEn un d\u00eda, quemaste m\u00e1s de la mitad de lo que necesita Bah\u00eda Blanca para su reconstrucci\u00f3n. Fijate, Milei\u201d, le dijo, recordando que el presidente hab\u00eda gastado 224 millones de d\u00f3lares del Banco Central en la intervenci\u00f3n del mercado de los d\u00f3lares financieros.<\/p>\n\n\n\n<p>La situaci\u00f3n en Bah\u00eda Blanca<\/p>\n\n\n\n<p>La tragedia en Bah\u00eda Blanca no ha cesado. Seg\u00fan el \u00faltimo informe del intendente, 523 personas siguen evacuadas tras el temporal, aunque el n\u00famero de evacuados comenz\u00f3 con m\u00e1s de 900. Adem\u00e1s, se confirmaron 16 muertes, y entre los desaparecidos se encuentran dos hermanas de 1 y 5 a\u00f1os. El suministro de energ\u00eda el\u00e9ctrica ya fue recuperado en un 70%, pero los trabajos para drenar el agua estancada siguen en marcha, debido a las caracter\u00edsticas geogr\u00e1ficas de la ciudad y las localidades aleda\u00f1as.<\/p>\n\n\n\n<p>La situaci\u00f3n sigue siendo cr\u00edtica, y los habitantes de Bah\u00eda Blanca esperan una respuesta m\u00e1s contundente de las autoridades nacionales, algo que Cristina Kirchner consider\u00f3 esencial: \u00abHay que estar, acompa\u00f1ar y ayudar\u00bb.<\/p>\n\n\n\n<p>Por Juan Manuel Villarreal para Grupo La Provincia<\/p>\n","protected":false},"excerpt":{"rendered":"<p>Cristina le reclama a Milei por no viajar a Bah\u00eda Blanca tras la tragedia. \u00abHay que acompa\u00f1ar y reconstruir\u00bb, insiste con dureza. La expresidenta Cristina Kirchner no dud\u00f3 en cargar contra el presidente Javier Milei tras la cat\u00e1strofe que devast\u00f3 Bah\u00eda Blanca, un temporal que dej\u00f3 16 muertos, m\u00e1s de 500 evacuados y miles de&#8230;<\/p>\n","protected":false},"author":5,"featured_media":2423,"comment_status":"open","ping_status":"open","sticky":false,"template":"","format":"standard","meta":{"_monsterinsights_skip_tracking":false,"_monsterinsights_sitenote_active":false,"_monsterinsights_sitenote_note":"","_monsterinsights_sitenote_category":0,"footnotes":"","jetpack_publicize_message":"","jetpack_publicize_feature_enabled":true,"jetpack_social_post_already_shared":true,"jetpack_social_options":{"image_generator_settings":{"template":"highway","default_image_id":0,"font":"","enabled":false},"version":2}},"categories":[2],"tags":[58,43,235,45],"class_list":["post-2422","post","type-post","status-publish","format-standard","has-post-thumbnail","hentry","category-politica","tag-ajuste","tag-crisis","tag-cristina-kirchner","tag-milei"],"jetpack_publicize_connections":[],"_links":{"self":[{"href":"https:\/\/www.enorsai.com\/noticias\/wp-json\/wp\/v2\/posts\/2422","targetHints":{"allow":["GET"]}}],"collection":[{"href":"https:\/\/www.enorsai.com\/noticias\/wp-json\/wp\/v2\/posts"}],"about":[{"href":"https:\/\/www.enorsai.com\/noticias\/wp-json\/wp\/v2\/types\/post"}],"author":[{"embeddable":true,"href":"https:\/\/www.enorsai.com\/noticias\/wp-json\/wp\/v2\/users\/5"}],"replies":[{"embeddable":true,"href":"https:\/\/www.enorsai.com\/noticias\/wp-json\/wp\/v2\/comments?post=2422"}],"version-history":[{"count":1,"href":"https:\/\/www.enorsai.com\/noticias\/wp-json\/wp\/v2\/posts\/2422\/revisions"}],"predecessor-version":[{"id":2424,"href":"https:\/\/www.enorsai.com\/noticias\/wp-json\/wp\/v2\/posts\/2422\/revisions\/2424"}],"wp:featuredmedia":[{"embeddable":true,"href":"https:\/\/www.enorsai.com\/noticias\/wp-json\/wp\/v2\/media\/2423"}],"wp:attachment":[{"href":"https:\/\/www.enorsai.com\/noticias\/wp-json\/wp\/v2\/media?parent=2422"}],"wp:term":[{"taxonomy":"category","embeddable":true,"href":"https:\/\/www.enorsai.com\/noticias\/wp-json\/wp\/v2\/categories?post=2422"},{"taxonomy":"post_tag","embeddable":true,"href":"https:\/\/www.enorsai.com\/noticias\/wp-json\/wp\/v2\/tags?post=2422"}],"curies":[{"name":"wp","href":"https:\/\/api.w.org\/{rel}","templated":true}]}}