{"id":2404,"date":"2025-03-11T19:43:25","date_gmt":"2025-03-11T22:43:25","guid":{"rendered":"https:\/\/www.enorsai.com\/noticias\/?p=2404"},"modified":"2025-03-11T19:43:25","modified_gmt":"2025-03-11T22:43:25","slug":"gremios-del-transporte-se-suman-a-la-marcha-de-jubilados-de-manana","status":"publish","type":"post","link":"https:\/\/www.enorsai.com\/noticias\/sociedad\/gremios-del-transporte-se-suman-a-la-marcha-de-jubilados-de-manana\/","title":{"rendered":"Gremios del transporte se suman a la marcha de jubilados de ma\u00f1ana"},"content":{"rendered":"\n<p>La resistencia sindical contra el ajuste brutal de Milei. Exigen el fin de los recortes y la represi\u00f3n a las manifestaciones. La movilizaci\u00f3n frente al Congreso busca frenar el desguace del sistema previsional impulsado por el gobierno.<\/p>\n\n\n\n<p><br>La Confederaci\u00f3n Argentina de Trabajadores del Transporte (CATT) y la Uni\u00f3n General de Asociaciones de Trabajadores del Transporte (UGATT) respaldan la lucha de los jubilados contra las pol\u00edticas de ajuste de Javier Milei. La reducci\u00f3n de haberes, la eliminaci\u00f3n de derechos adquiridos y la represi\u00f3n estatal encendieron la alarma en los sindicatos, que advierten sobre un conflicto social en ascenso.<\/p>\n\n\n\n<p>El gobierno de Javier Milei avanza con una agenda de ajuste feroz que golpea con especial crudeza a los jubilados, convertidos en la variable de ajuste de un modelo econ\u00f3mico que prioriza el pago de la deuda y la concentraci\u00f3n de riqueza en manos de unos pocos. Ante este atropello, los gremios del transporte decidieron romper el cerco de la indiferencia y sumarse a la marcha convocada por los jubilados para este mi\u00e9rcoles 12 de marzo frente al Congreso.<\/p>\n\n\n\n<p>La Confederaci\u00f3n Argentina de Trabajadores del Transporte (CATT) y la Uni\u00f3n General de Asociaciones de Trabajadores del Transporte (UGATT) anunciaron su adhesi\u00f3n a la movilizaci\u00f3n en un claro gesto de unidad entre trabajadores activos y pasivos. El comunicado conjunto firmado por Omar Maturano (UGATT) y Juan Carlos Schmid (CATT) no dej\u00f3 lugar a dudas: \u00abLos jubilados son uno de los sectores m\u00e1s afectados por el ajuste, y no podemos permanecer indiferentes ante esta situaci\u00f3n\u00bb.<\/p>\n\n\n\n<p>El deterioro del sistema previsional bajo el gobierno de Milei se ha vuelto insostenible. La licuaci\u00f3n de los haberes jubilatorios a causa de la inflaci\u00f3n descontrolada, la eliminaci\u00f3n de bonos compensatorios y la reducci\u00f3n de prestaciones sociales han sumido en la desesperaci\u00f3n a millones de jubilados que ven c\u00f3mo su calidad de vida se deteriora a pasos agigantados. Pero el ajuste no se limita a lo econ\u00f3mico: la respuesta del gobierno a las protestas ha sido la represi\u00f3n. Marchas pac\u00edficas de jubilados han sido reprimidas por fuerzas de seguridad con el argumento de \u00abgarantizar el orden p\u00fablico\u00bb, una f\u00f3rmula que en los hechos se traduce en criminalizar la protesta social.<\/p>\n\n\n\n<div class=\"wp-block-jetpack-related-posts\">\n<h2 class=\"wp-block-heading\"><\/h2>\n<\/div>\n\n\n\n<h3 class=\"wp-block-heading\"><strong>La resistencia sindical ante el desmantelamiento del sistema previsional<\/strong><\/h3>\n\n\n\n<p>La participaci\u00f3n de los gremios del transporte en la movilizaci\u00f3n del 12 de marzo es un s\u00edntoma de que la indignaci\u00f3n ha superado las fronteras de los jubilados y ha comenzado a permear en otros sectores del movimiento obrero. No es casualidad que sean precisamente los sindicatos del transporte quienes tomen la iniciativa, ya que hist\u00f3ricamente han sido uno de los pilares de las luchas sociales en Argentina.<\/p>\n\n\n\n<p>Las consecuencias de la pol\u00edtica de ajuste de Milei son evidentes. La transferencia de recursos desde el sistema previsional hacia otros sectores financieros ha dejado en estado cr\u00edtico a millones de jubilados que apenas pueden costear sus medicamentos o alimentos b\u00e1sicos. Los recortes en PAMI, el intento de elevar la edad jubilatoria y la imposici\u00f3n de f\u00f3rmulas de movilidad que perpet\u00faan la p\u00e9rdida de poder adquisitivo forman parte de una estrategia de desmantelamiento del sistema p\u00fablico de jubilaciones en beneficio de los fondos privados.<\/p>\n\n\n\n<p>El sindicalismo advierte que la embestida contra los jubilados es solo el primer paso en un plan m\u00e1s amplio para destruir el sistema de seguridad social en su conjunto. Si la avanzada del gobierno sobre los jubilados no encuentra una resistencia efectiva, el siguiente paso ser\u00e1 la flexibilizaci\u00f3n de los derechos laborales, la eliminaci\u00f3n de las paritarias y la reforma laboral regresiva que el oficialismo intenta imponer.<\/p>\n\n\n\n<h3 class=\"wp-block-heading\"><strong>Un conflicto social en ascenso<\/strong><\/h3>\n\n\n\n<p>La movilizaci\u00f3n del 12 de marzo ser\u00e1 una prueba de fuego para la capacidad de organizaci\u00f3n y resistencia de los jubilados y de los gremios que los acompa\u00f1an. La participaci\u00f3n de sindicatos clave en la protesta marca un punto de inflexi\u00f3n en la conflictividad social, y el gobierno de Milei deber\u00e1 evaluar hasta qu\u00e9 punto est\u00e1 dispuesto a sostener un ajuste que podr\u00eda derivar en una crisis de gobernabilidad.<\/p>\n\n\n\n<p>Las im\u00e1genes de jubilados reprimidos por manifestarse pac\u00edficamente son el s\u00edmbolo de una Argentina que se debate entre el ajuste brutal y la resistencia popular. Mientras Milei y su equipo econ\u00f3mico insisten en profundizar la pol\u00edtica de recortes, el malestar social crece y se expande a sectores que hasta ahora se manten\u00edan en la expectativa.<\/p>\n\n\n\n<p>Lo que est\u00e1 en juego en esta lucha no es solo el futuro de los jubilados, sino el modelo de pa\u00eds que se pretende imponer. La batalla por las jubilaciones es la primera l\u00ednea de defensa de un sistema de seguridad social que ha sido hist\u00f3ricamente un derecho conquistado por la lucha de los trabajadores.<\/p>\n\n\n\n<p>El 12 de marzo no ser\u00e1 solo una marcha m\u00e1s. Ser\u00e1 el term\u00f3metro de un pa\u00eds que enfrenta una encrucijada hist\u00f3rica: rendirse ante la voracidad del ajuste o salir a las calles a defender lo que tanto cost\u00f3 conseguir.<\/p>\n\n\n\n<p>Fuente:<\/p>\n\n\n\n<ul class=\"wp-block-list\">\n<li><\/li>\n<\/ul>\n\n\n\n<ul class=\"wp-block-list\">\n<li>https:\/\/www.infogremiales.com.ar\/gremios-del-transporte-se-suman-a-la-marcha-de-jubilados-para-exigir-el-cese-del-ajuste-y-la-represion-no-podemos-permanecer-indiferentes-ante-esta-situacion\/<\/li>\n<\/ul>\n\n\n","protected":false},"excerpt":{"rendered":"<p>La resistencia sindical contra el ajuste brutal de Milei. Exigen el fin de los recortes y la represi\u00f3n a las manifestaciones. La movilizaci\u00f3n frente al Congreso busca frenar el desguace del sistema previsional impulsado por el gobierno. La Confederaci\u00f3n Argentina de Trabajadores del Transporte (CATT) y la Uni\u00f3n General de Asociaciones de Trabajadores del Transporte&#8230;<\/p>\n","protected":false},"author":1,"featured_media":2405,"comment_status":"open","ping_status":"open","sticky":false,"template":"","format":"standard","meta":{"_monsterinsights_skip_tracking":false,"_monsterinsights_sitenote_active":false,"_monsterinsights_sitenote_note":"","_monsterinsights_sitenote_category":0,"footnotes":"","jetpack_publicize_message":"","jetpack_publicize_feature_enabled":true,"jetpack_social_post_already_shared":true,"jetpack_social_options":{"image_generator_settings":{"template":"highway","default_image_id":0,"font":"","enabled":false},"version":2}},"categories":[4],"tags":[],"class_list":["post-2404","post","type-post","status-publish","format-standard","has-post-thumbnail","hentry","category-sociedad"],"jetpack_publicize_connections":[],"_links":{"self":[{"href":"https:\/\/www.enorsai.com\/noticias\/wp-json\/wp\/v2\/posts\/2404","targetHints":{"allow":["GET"]}}],"collection":[{"href":"https:\/\/www.enorsai.com\/noticias\/wp-json\/wp\/v2\/posts"}],"about":[{"href":"https:\/\/www.enorsai.com\/noticias\/wp-json\/wp\/v2\/types\/post"}],"author":[{"embeddable":true,"href":"https:\/\/www.enorsai.com\/noticias\/wp-json\/wp\/v2\/users\/1"}],"replies":[{"embeddable":true,"href":"https:\/\/www.enorsai.com\/noticias\/wp-json\/wp\/v2\/comments?post=2404"}],"version-history":[{"count":1,"href":"https:\/\/www.enorsai.com\/noticias\/wp-json\/wp\/v2\/posts\/2404\/revisions"}],"predecessor-version":[{"id":2406,"href":"https:\/\/www.enorsai.com\/noticias\/wp-json\/wp\/v2\/posts\/2404\/revisions\/2406"}],"wp:featuredmedia":[{"embeddable":true,"href":"https:\/\/www.enorsai.com\/noticias\/wp-json\/wp\/v2\/media\/2405"}],"wp:attachment":[{"href":"https:\/\/www.enorsai.com\/noticias\/wp-json\/wp\/v2\/media?parent=2404"}],"wp:term":[{"taxonomy":"category","embeddable":true,"href":"https:\/\/www.enorsai.com\/noticias\/wp-json\/wp\/v2\/categories?post=2404"},{"taxonomy":"post_tag","embeddable":true,"href":"https:\/\/www.enorsai.com\/noticias\/wp-json\/wp\/v2\/tags?post=2404"}],"curies":[{"name":"wp","href":"https:\/\/api.w.org\/{rel}","templated":true}]}}