{"id":2395,"date":"2025-03-11T17:50:25","date_gmt":"2025-03-11T20:50:25","guid":{"rendered":"https:\/\/www.enorsai.com\/noticias\/?p=2395"},"modified":"2025-03-11T17:54:37","modified_gmt":"2025-03-11T20:54:37","slug":"laura-arrieta-la-valijera-que-compromete-a-los-libertarios","status":"publish","type":"post","link":"https:\/\/www.enorsai.com\/noticias\/politica\/laura-arrieta-la-valijera-que-compromete-a-los-libertarios\/","title":{"rendered":"Laura Arrieta, la \u00abvalijera\u00bb que compromete a los libertarios"},"content":{"rendered":"\n<p>El gobierno de Javier Milei enfrenta un nuevo esc\u00e1ndalo que involucra a una de las figuras de la ultraderecha internacional. La denuncia de que Laura Bel\u00e9n Arrieta, representante de la CPAC (Conferencia de Acci\u00f3n Pol\u00edtica Conservadora), ingres\u00f3 a Argentina con m\u00faltiples valijas sin ser sometida a control aduanero \u00abpor orden de arriba\u00bb ha desatado una ola de interrogantes. La revelaci\u00f3n, realizada por el periodista Carlos Pagni en LN+, ha generado un pedido de acceso a la informaci\u00f3n p\u00fablica impulsado por el diputado Maximiliano Ferraro, de la Coalici\u00f3n C\u00edvica, quien exige explicaciones oficiales.<\/p>\n\n\n\n<p>Sin embargo, hasta el momento, ning\u00fan funcionario del gobierno libertario ha dado respuesta ni la justicia ha intervenido para esclarecer los hechos. La Casa Rosada, una vez m\u00e1s, opta por el silencio ante un caso que pone en duda la transparencia de sus pr\u00e1cticas.<\/p>\n\n\n\n<p><\/p>\n\n\n\n<p><strong>La<\/strong> <strong>conexi\u00f3n con la ultraderecha global<\/strong><\/p>\n\n\n\n<p>La CPAC es una cumbre que re\u00fane a los principales exponentes de la ultraderecha mundial, incluyendo a Donald Trump, Elon Musk, Jair Bolsonaro, Santiago Abascal y, por supuesto, Javier Milei. En diciembre pasado, Buenos Aires fue sede de uno de estos encuentros, en el que participaron dirigentes nacionales e internacionales.<\/p>\n\n\n\n<p>Laura Arrieta, la mujer en el centro del esc\u00e1ndalo, habr\u00eda sido clave en la organizaci\u00f3n del evento. D\u00edas atr\u00e1s, al arribar al pa\u00eds con una cantidad inusual de equipaje, personal de la Polic\u00eda de Seguridad Aeroportuaria (PSA) y de la Aduana intent\u00f3 realizar un control de rutina. Pero seg\u00fan la denuncia de Pagni, recibieron una orden tajante: \u00abNo hay que mirar nada ac\u00e1\u00bb.<\/p>\n\n\n\n<p>La frase no es menor. En el contexto de un gobierno que se autoproclama defensor de la transparencia, la existencia de una \u201czona liberada\u201d en el ingreso de equipajes despierta todo tipo de suspicacias. \u00bfQu\u00e9 conten\u00edan esas valijas? \u00bfQui\u00e9n autoriz\u00f3 su paso sin control? \u00bfResponde este privilegio a la relaci\u00f3n de Milei con la CPAC y los intereses que representa?<\/p>\n\n\n\n<p><\/p>\n\n\n\n<p><strong>Las preguntas sin respuesta y la presi\u00f3n de la oposici\u00f3n<\/strong><\/p>\n\n\n\n<p>El diputado Ferraro no tard\u00f3 en reaccionar y present\u00f3 un pedido de acceso a la informaci\u00f3n p\u00fablica para que el gobierno explique el episodio. Desde la oposici\u00f3n, exigen conocer:<\/p>\n\n\n\n<p>Qui\u00e9n dio la orden de liberar el equipaje de Arrieta.<\/p>\n\n\n\n<p>Qu\u00e9 tipo de vuelo la trajo al pa\u00eds y en qu\u00e9 aerol\u00ednea.<\/p>\n\n\n\n<p>Cu\u00e1l es la matr\u00edcula del avi\u00f3n en el que viaj\u00f3.<\/p>\n\n\n\n<p>Si existen registros f\u00edlmicos de su ingreso.<\/p>\n\n\n\n<p>Qu\u00e9 personal de la PSA y de la Aduana estuvo involucrado en el procedimiento.<\/p>\n\n\n\n<p>Ferraro fue contundente: \u201cSi el gobierno de Milei predica la transparencia, deber\u00eda esclarecer de inmediato este episodio\u201d. Tambi\u00e9n advirti\u00f3 que la discrecionalidad en los controles aduaneros no solo pone en riesgo la seguridad del comercio exterior, sino que deja en evidencia un doble est\u00e1ndar.<\/p>\n\n\n\n<p>La preocupaci\u00f3n no es menor. Un gobierno que se jacta de luchar contra la \u201ccasta\u201d y la corrupci\u00f3n no puede permitirse silencios en casos como este. Si la justicia y los organismos de control no act\u00faan, el mensaje es claro: las reglas solo rigen para algunos, mientras otros operan con impunidad.<\/p>\n\n\n\n<p><\/p>\n\n\n\n<p><strong>Un modus operandi con antecedentes<\/strong><\/p>\n\n\n\n<p>No es la primera vez que el gobierno de Milei queda en la mira por manejos turbios con figuras del exterior. Desde su asunci\u00f3n, el mandatario ha tejido relaciones estrechas con sectores ultraconservadores que promueven una agenda de desregulaci\u00f3n extrema, privatizaci\u00f3n y ataques a los derechos laborales y sociales.<\/p>\n\n\n\n<p>El episodio de las valijas sin control recuerda otros esc\u00e1ndalos donde el oficialismo ha intentado beneficiar a aliados internacionales sin rendir cuentas. La connivencia entre Milei y la CPAC no es un dato menor: implica una apertura a la influencia directa de sectores que buscan imponer su agenda en Argentina, sin pasar por los mecanismos institucionales tradicionales.<\/p>\n\n\n\n<p><\/p>\n\n\n\n<p><strong>El silencio oficial y la sombra de la impunidad<\/strong><\/p>\n\n\n\n<p>Mientras la denuncia crece y la presi\u00f3n aumenta, el gobierno de Milei mantiene una estrategia de evasi\u00f3n. Ning\u00fan funcionario ha salido a dar explicaciones y el caso sigue sin una investigaci\u00f3n judicial en curso.<\/p>\n\n\n\n<p>El silencio oficial no hace m\u00e1s que reforzar las sospechas: \u00bfse trat\u00f3 de un caso aislado o de una pr\u00e1ctica sistem\u00e1tica? \u00bfQu\u00e9 conten\u00edan esas valijas que deb\u00edan pasar sin control?<\/p>\n\n\n\n<p>La falta de respuestas solo profundiza la sensaci\u00f3n de que el pa\u00eds est\u00e1 gobernado bajo una l\u00f3gica de impunidad, donde los amigos del poder tienen privilegios que el resto de los ciudadanos jam\u00e1s podr\u00eda so\u00f1ar.<\/p>\n\n\n\n<p>Si Milei realmente quiere diferenciarse de la \u201ccasta\u201d que tanto critica, deber\u00eda empezar por rendir cuentas sobre este esc\u00e1ndalo. De lo contrario, quedar\u00e1 claro que su discurso de transparencia es solo una m\u00e1scara para encubrir el mismo tipo de corrupci\u00f3n que dice combatir.<\/p>\n\n\n\n<p><\/p>\n","protected":false},"excerpt":{"rendered":"<p>El gobierno de Javier Milei enfrenta un nuevo esc\u00e1ndalo que involucra a una de las figuras de la ultraderecha internacional. La denuncia de que Laura Bel\u00e9n Arrieta, representante de la CPAC (Conferencia de Acci\u00f3n Pol\u00edtica Conservadora), ingres\u00f3 a Argentina con m\u00faltiples valijas sin ser sometida a control aduanero \u00abpor orden de arriba\u00bb ha desatado una&#8230;<\/p>\n","protected":false},"author":1,"featured_media":2396,"comment_status":"open","ping_status":"open","sticky":false,"template":"","format":"standard","meta":{"_monsterinsights_skip_tracking":false,"_monsterinsights_sitenote_active":false,"_monsterinsights_sitenote_note":"","_monsterinsights_sitenote_category":0,"footnotes":"","jetpack_publicize_message":"","jetpack_publicize_feature_enabled":true,"jetpack_social_post_already_shared":true,"jetpack_social_options":{"image_generator_settings":{"template":"highway","default_image_id":0,"font":"","enabled":false},"version":2}},"categories":[2],"tags":[],"class_list":["post-2395","post","type-post","status-publish","format-standard","has-post-thumbnail","hentry","category-politica"],"jetpack_publicize_connections":[],"_links":{"self":[{"href":"https:\/\/www.enorsai.com\/noticias\/wp-json\/wp\/v2\/posts\/2395","targetHints":{"allow":["GET"]}}],"collection":[{"href":"https:\/\/www.enorsai.com\/noticias\/wp-json\/wp\/v2\/posts"}],"about":[{"href":"https:\/\/www.enorsai.com\/noticias\/wp-json\/wp\/v2\/types\/post"}],"author":[{"embeddable":true,"href":"https:\/\/www.enorsai.com\/noticias\/wp-json\/wp\/v2\/users\/1"}],"replies":[{"embeddable":true,"href":"https:\/\/www.enorsai.com\/noticias\/wp-json\/wp\/v2\/comments?post=2395"}],"version-history":[{"count":1,"href":"https:\/\/www.enorsai.com\/noticias\/wp-json\/wp\/v2\/posts\/2395\/revisions"}],"predecessor-version":[{"id":2397,"href":"https:\/\/www.enorsai.com\/noticias\/wp-json\/wp\/v2\/posts\/2395\/revisions\/2397"}],"wp:featuredmedia":[{"embeddable":true,"href":"https:\/\/www.enorsai.com\/noticias\/wp-json\/wp\/v2\/media\/2396"}],"wp:attachment":[{"href":"https:\/\/www.enorsai.com\/noticias\/wp-json\/wp\/v2\/media?parent=2395"}],"wp:term":[{"taxonomy":"category","embeddable":true,"href":"https:\/\/www.enorsai.com\/noticias\/wp-json\/wp\/v2\/categories?post=2395"},{"taxonomy":"post_tag","embeddable":true,"href":"https:\/\/www.enorsai.com\/noticias\/wp-json\/wp\/v2\/tags?post=2395"}],"curies":[{"name":"wp","href":"https:\/\/api.w.org\/{rel}","templated":true}]}}