{"id":2363,"date":"2025-03-10T14:12:12","date_gmt":"2025-03-10T17:12:12","guid":{"rendered":"http:\/\/www.enorsai.com\/noticias\/?p=2363"},"modified":"2025-03-10T14:12:12","modified_gmt":"2025-03-10T17:12:12","slug":"inundacion-la-culpa-es-de-milei-el-editorial-de-roberto-navarro","status":"publish","type":"post","link":"https:\/\/www.enorsai.com\/noticias\/opinion\/inundacion-la-culpa-es-de-milei-el-editorial-de-roberto-navarro\/","title":{"rendered":"Inundaci\u00f3n: La culpa es de Milei, el editorial de Roberto Navarro"},"content":{"rendered":"\n<p><a href=\"https:\/\/www.youtube.com\/@ElDestapeTV\"><\/a><\/p>\n\n\n\n<p><strong><em>Los recortes de Javier Milei desmantelaron el Estado y dejaron a la intemperie a miles de argentinos. Las recientes inundaciones no son una tragedia natural, sino una consecuencia directa de la motosierra libertaria.<\/em><\/strong> <strong><em>El gobierno de Javier Milei, asegur\u00f3 Navarro, se jacta de su ajuste brutal mientras Argentina se hunde, literalmente. La falta de inversi\u00f3n en infraestructura, la destrucci\u00f3n de organismos clave y el desmantelamiento de equipos de emergencia exponen el verdadero costo del modelo libertario: vidas humanas.<\/em><\/strong><\/p>\n\n\n\n<hr class=\"wp-block-separator has-alpha-channel-opacity\"\/>\n\n\n\n<p>Las im\u00e1genes de calles anegadas, familias evacuadas y rescates desesperados en las recientes inundaciones de Argentina no son solo escenas de un desastre natural. Son la postal de un pa\u00eds que fue entregado a la desidia, un pa\u00eds donde la motosierra de Javier Milei se convirti\u00f3 en una guada\u00f1a que siega derechos, servicios esenciales y, en \u00faltima instancia, vidas humanas.<\/p>\n\n\n\n<p>Mientras el agua arrastraba viviendas y pertenencias, el discurso oficial segu\u00eda inmutable: el Estado es el enemigo. Pero, \u00bfd\u00f3nde est\u00e1 la \u00ablibertad\u00bb en una ciudad sin luz, sin rescatistas, sin un servicio meteorol\u00f3gico funcional que advierta a tiempo del peligro?<\/p>\n\n\n\n<figure class=\"wp-block-embed is-type-video is-provider-youtube wp-block-embed-youtube wp-embed-aspect-16-9 wp-has-aspect-ratio\"><div class=\"wp-block-embed__wrapper\">\n<iframe loading=\"lazy\" title=\"INUNDACI\u00d3N: LA CULPA ES DE MILEI | Editorial de Roberto Navarro\" width=\"640\" height=\"360\" src=\"https:\/\/www.youtube.com\/embed\/rQUY6HA5DQY?feature=oembed\" frameborder=\"0\" allow=\"accelerometer; autoplay; clipboard-write; encrypted-media; gyroscope; picture-in-picture; web-share\" referrerpolicy=\"strict-origin-when-cross-origin\" allowfullscreen><\/iframe>\n<\/div><\/figure>\n\n\n\n<p>La tragedia que hoy golpea a miles de argentinos no es casualidad, ni un capricho del clima. Es la consecuencia de un ajuste despiadado que desfinanci\u00f3 organismos clave, despidi\u00f3 personal especializado y dej\u00f3 a la poblaci\u00f3n sin asistencia ante una emergencia clim\u00e1tica. Hace apenas unas semanas, el gobierno de Milei despidi\u00f3 trabajadores del Servicio Meteorol\u00f3gico Nacional, precisamente aquellos encargados de emitir alertas tempranas que podr\u00edan haber prevenido v\u00edctimas fatales. Sin previsi\u00f3n, sin coordinaci\u00f3n y sin infraestructura de respuesta, las lluvias se transformaron en muerte y desesperaci\u00f3n.<\/p>\n\n\n\n<p>El libertarianismo de Milei se pavonea de haber \u00abeliminado de cuajo\u00bb la obra p\u00fablica, como si el asfalto, los desag\u00fces pluviales y las defensas contra inundaciones fueran lujos y no necesidades b\u00e1sicas. Con un 95% de las obras p\u00fablicas paralizadas, los municipios quedaron hu\u00e9rfanos de inversi\u00f3n, condenando a miles de ciudadanos a la furia del agua. La \u00ab\u00e9pica del recorte\u00bb vendida desde el gobierno como un triunfo econ\u00f3mico se traduce en calles intransitables, barrios enteros bajo el agua y un Estado ausente en el momento en que m\u00e1s se lo necesita.<\/p>\n\n\n\n<div class=\"wp-block-jetpack-related-posts\">\n<h2 class=\"wp-block-heading\"><\/h2>\n<\/div>\n\n\n\n<p>No es solo el clima, es la pol\u00edtica. Cada metro cuadrado anegado es un testimonio del desmantelamiento del Estado. Cada familia que lo perdi\u00f3 todo es una v\u00edctima de la doctrina del \u00abs\u00e1lvese quien pueda\u00bb impuesta desde la Casa Rosada. Las fuerzas de seguridad, que deber\u00edan haber estado dirigiendo el tr\u00e1nsito cuando colapsaron los sem\u00e1foros por los cortes de luz, estaban ocupadas reprimiendo jubilados. Los equipos de asistencia en emergencias, reducidos a su m\u00ednima expresi\u00f3n, miran impotentes desde sus casas porque ya no tienen trabajo.<\/p>\n\n\n\n<p>El ajuste, defendido con fervor mesi\u00e1nico por Milei y sus ministros, no es una abstracci\u00f3n contable: es una decisi\u00f3n pol\u00edtica con consecuencias reales y tr\u00e1gicas. Se le dijo a la sociedad que la inflaci\u00f3n se combat\u00eda \u00abdestruyendo el Estado\u00bb; hoy, la gente se pregunta c\u00f3mo sobrevive sin infraestructura, sin servicios, sin un m\u00ednimo de seguridad. Los empresarios que aplauden el desguace del sector p\u00fablico no son los que pierden sus casas cuando llueve.<\/p>\n\n\n\n<p>Y en medio de este desastre, el gobierno se limita a una indiferencia feroz. No hay un plan de contingencia, no hay asistencia inmediata, solo el eco de un Milei ensimismado en su relato, deslig\u00e1ndose de toda responsabilidad. Pero la realidad es tozuda: la crisis humanitaria desatada por las inundaciones lleva su firma.<\/p>\n\n\n\n<p>La Argentina que se nos prometi\u00f3 con \u00ablibertad\u00bb es la Argentina donde los pobres se ahogan mientras los ricos miran desde arriba. No es el Estado el enemigo, como brama Milei en su ret\u00f3rica incendiaria. El verdadero enemigo es un gobierno que decidi\u00f3 abandonar a su pueblo en el momento en que m\u00e1s lo necesitaba. Y mientras el agua sigue subiendo, la indignaci\u00f3n tambi\u00e9n lo hace.<\/p>\n\n\n","protected":false},"excerpt":{"rendered":"<p>Los recortes de Javier Milei desmantelaron el Estado y dejaron a la intemperie a miles de argentinos. Las recientes inundaciones no son una tragedia natural, sino una consecuencia directa de la motosierra libertaria. El gobierno de Javier Milei, asegur\u00f3 Navarro, se jacta de su ajuste brutal mientras Argentina se hunde, literalmente. La falta de inversi\u00f3n&#8230;<\/p>\n","protected":false},"author":1,"featured_media":2364,"comment_status":"open","ping_status":"open","sticky":false,"template":"","format":"standard","meta":{"_monsterinsights_skip_tracking":false,"_monsterinsights_sitenote_active":false,"_monsterinsights_sitenote_note":"","_monsterinsights_sitenote_category":0,"footnotes":"","jetpack_publicize_message":"","jetpack_publicize_feature_enabled":true,"jetpack_social_post_already_shared":true,"jetpack_social_options":{"image_generator_settings":{"template":"highway","default_image_id":0,"font":"","enabled":false},"version":2}},"categories":[17],"tags":[828,45,861],"class_list":["post-2363","post","type-post","status-publish","format-standard","has-post-thumbnail","hentry","category-opinion","tag-bahia-blanca","tag-milei","tag-roberto-navarro"],"jetpack_publicize_connections":[],"_links":{"self":[{"href":"https:\/\/www.enorsai.com\/noticias\/wp-json\/wp\/v2\/posts\/2363","targetHints":{"allow":["GET"]}}],"collection":[{"href":"https:\/\/www.enorsai.com\/noticias\/wp-json\/wp\/v2\/posts"}],"about":[{"href":"https:\/\/www.enorsai.com\/noticias\/wp-json\/wp\/v2\/types\/post"}],"author":[{"embeddable":true,"href":"https:\/\/www.enorsai.com\/noticias\/wp-json\/wp\/v2\/users\/1"}],"replies":[{"embeddable":true,"href":"https:\/\/www.enorsai.com\/noticias\/wp-json\/wp\/v2\/comments?post=2363"}],"version-history":[{"count":1,"href":"https:\/\/www.enorsai.com\/noticias\/wp-json\/wp\/v2\/posts\/2363\/revisions"}],"predecessor-version":[{"id":2365,"href":"https:\/\/www.enorsai.com\/noticias\/wp-json\/wp\/v2\/posts\/2363\/revisions\/2365"}],"wp:featuredmedia":[{"embeddable":true,"href":"https:\/\/www.enorsai.com\/noticias\/wp-json\/wp\/v2\/media\/2364"}],"wp:attachment":[{"href":"https:\/\/www.enorsai.com\/noticias\/wp-json\/wp\/v2\/media?parent=2363"}],"wp:term":[{"taxonomy":"category","embeddable":true,"href":"https:\/\/www.enorsai.com\/noticias\/wp-json\/wp\/v2\/categories?post=2363"},{"taxonomy":"post_tag","embeddable":true,"href":"https:\/\/www.enorsai.com\/noticias\/wp-json\/wp\/v2\/tags?post=2363"}],"curies":[{"name":"wp","href":"https:\/\/api.w.org\/{rel}","templated":true}]}}