{"id":2353,"date":"2025-03-10T12:45:20","date_gmt":"2025-03-10T15:45:20","guid":{"rendered":"http:\/\/www.enorsai.com\/noticias\/?p=2353"},"modified":"2025-03-10T12:45:20","modified_gmt":"2025-03-10T15:45:20","slug":"el-gobierno-dice-que-a-bahia-blanca-la-deben-reconstruir-la-municipalidad-y-la-provincia-de-buenos-aires","status":"publish","type":"post","link":"https:\/\/www.enorsai.com\/noticias\/politica\/el-gobierno-dice-que-a-bahia-blanca-la-deben-reconstruir-la-municipalidad-y-la-provincia-de-buenos-aires\/","title":{"rendered":"El Gobierno dice que a Bah\u00eda Blanca la deben reconstruir la Municipalidad y la Provincia de Buenos Aires"},"content":{"rendered":"\n<p><strong><em>El jefe de Gabinete, Guillermo Francos, sostuvo que Naci\u00f3n apoyar\u00e1 econ\u00f3micamente la tarea. \u00abEllos tienen que tener un plan para hacerlo y nosotros colaboraremos en ese plan\u00bb, afirm\u00f3.<\/em><\/strong><\/p>\n\n\n\n<p>El jefe de Gabinete,&nbsp;<strong>Guillermo Francos,<\/strong>&nbsp;asegur\u00f3 que el<a href=\"https:\/\/noticiasargentinas.com\/temporal-en-bahia-blanca_t67cae0454c5669f7f2b7304e\">&nbsp;plan de reconstrucci\u00f3n de la ciudad de Bah\u00eda Blanca<\/a>&nbsp;tras el fuerte temporal debe ser<strong>&nbsp;dise\u00f1ado por la provincia de Buenos Aires y el municipio,&nbsp;<\/strong>aunque aclar\u00f3 que<strong>&nbsp;la Naci\u00f3n \u201cacompa\u00f1ar\u00e1\u201d.&nbsp;<\/strong><\/p>\n\n\n\n<p>\u201cEl plan de para reconstruir la ciudad es un tema que tiene que ver con el municipio y con la provincia y&nbsp;<strong>todo que la Naci\u00f3n puede hacer econ\u00f3micamente para apoyar esta circunstancia o la har\u00e1<\/strong>\u201d, defini\u00f3 en declaraciones radiales.&nbsp;<\/p>\n\n\n\n<p>En la misma l\u00ednea, resalt\u00f3: \u201cNo es que est\u00e9 tirando en absoluto la pelota para la provincia, pero la organizaci\u00f3n de eso es de la provincia de Buenos Aires y<strong>&nbsp;ellos tienen que decirnos de qu\u00e9 manera podemos colaborar con ellos y ayudarlos\u00bb.<\/strong><\/p>\n\n\n\n<p>Tras el fuerte temporal que azot\u00f3 a Bah\u00eda Blanca, que gener\u00f3 destrozos y 16 v\u00edctimas fatales, el titular de ministros admiti\u00f3 que<strong>&nbsp;demandar\u00e1 tiempo recuperar a la ciudad<\/strong>, y sostuvo que desde el Poder Ejecutivo tratar\u00e1n de \u201cayudar al gobierno de la provincia en todo lo que sea necesario\u201d.&nbsp;<\/p>\n\n\n\n<div class=\"wp-block-jetpack-related-posts\">\n<h2 class=\"wp-block-heading\"><\/h2>\n<\/div>\n\n\n\n<p>\u201c<strong>Ni siquiera creo que se nos ocurre no estar juntos, trabajando unidos para dar una mano y solucionar los problemas que existan.&nbsp;<\/strong>Cada uno dentro de la esfera de sus responsabilidades\u201d, destac\u00f3 sobre la coordinaci\u00f3n existente entre el gobierno municipal, el provincial y el nacional. &nbsp;<\/p>\n\n\n\n<p>Asimismo, insisti\u00f3: \u201cLa reestructuraci\u00f3n tendr\u00e1 que ser una planificaci\u00f3n que haga la provincia de Buenos Aires y el Gobierno Nacional acompa\u00f1ar\u00e1 en todo lo que pueda en la situaci\u00f3n.&nbsp;<strong>Uno tiene que respetar un poco las jurisdicciones y la responsabilidad que tiene cada uno\u201d.<\/strong><\/p>\n\n\n\n<p>Luego de que el Ministerio de Econom\u00eda enviara 10 mil millones para la asistencia a la ciudad, a ra\u00edz de un pedido del ministro de Gobierno bonaerense,<strong>&nbsp;Carlos Bianco,&nbsp;<\/strong>con quien Francos mantiene permanente comunicaci\u00f3n, el funcionario nacional aclar\u00f3 que<strong>&nbsp;se trat\u00f3 de un primer pedido y no descarta un nuevo giro.<\/strong><\/p>\n\n\n\n<figure class=\"wp-block-embed is-type-wp-embed is-provider-incrustado wp-block-embed-incrustado\"><div class=\"wp-block-embed__wrapper\">\n<blockquote class=\"wp-embedded-content\" data-secret=\"CJGR0yoFEv\"><a href=\"https:\/\/www.enorsai.com\/noticias\/sociedad\/las-inundaciones-en-bahia-blanca-dejan-16-muertos-y-miles-de-evacuados-el-municipio-y-la-provincia-luchan-por-contener-la-crisis\/\">Las inundaciones en Bah\u00eda Blanca dejan 16 muertos y miles de evacuados: El municipio y la provincia luchan por contener la crisis<\/a><\/blockquote><iframe loading=\"lazy\" class=\"wp-embedded-content\" sandbox=\"allow-scripts\" security=\"restricted\" style=\"position: absolute; visibility: hidden;\" title=\"\u00abLas inundaciones en Bah\u00eda Blanca dejan 16 muertos y miles de evacuados: El municipio y la provincia luchan por contener la crisis\u00bb \u2014 \" src=\"https:\/\/www.enorsai.com\/noticias\/sociedad\/las-inundaciones-en-bahia-blanca-dejan-16-muertos-y-miles-de-evacuados-el-municipio-y-la-provincia-luchan-por-contener-la-crisis\/embed\/#?secret=FbpgRKXFLF#?secret=CJGR0yoFEv\" data-secret=\"CJGR0yoFEv\" width=\"600\" height=\"338\" frameborder=\"0\" marginwidth=\"0\" marginheight=\"0\" scrolling=\"no\"><\/iframe>\n<\/div><\/figure>\n\n\n\n<p>\u201cDespu\u00e9s iremos viendo c\u00f3mo la provincia con sus fondos y la Naci\u00f3n con sus fondos, arman esta reconstrucci\u00f3n de la que estamos hablando\u201d, afirm\u00f3, y aclar\u00f3:&nbsp;<strong>\u201cEl Gobierno Nacional est\u00e1 dispuesto a apoyar porque es una responsabilidad.&nbsp;<\/strong>No hay un monto establecido, hay una voluntad y vocaci\u00f3n de colaborar con el gobierno de la provincia y con el municipio de Bah\u00eda Blanca\u201d.&nbsp;<\/p>\n\n\n\n<p>En otro pasaje de la entrevista, Francos revel\u00f3 que el presidente<strong>&nbsp;Javier Milei<\/strong>&nbsp;eval\u00faa la posibilidad de viajar a la ciudad afectada, aunque especific\u00f3 que&nbsp;<strong>\u201cevaluar\u00e1 cu\u00e1l es el momento en que m\u00e1s se necesita ese apoyo emocional\u201d para asistir.&nbsp;<\/strong><\/p>\n\n\n\n<p>\u201cEl Presidente est\u00e1 siguiendo y le da instrucciones a sus ministros para participar en c\u00f3mo se elabora la planificaci\u00f3n para la reconstrucci\u00f3n.&nbsp;<strong>Est\u00e1 atento a lo que sucede\u201d<\/strong>, destac\u00f3.<\/p>\n\n\n\n<figure class=\"wp-block-embed is-type-wp-embed is-provider-incrustado wp-block-embed-incrustado\"><div class=\"wp-block-embed__wrapper\">\n<blockquote class=\"wp-embedded-content\" data-secret=\"zT499uDISk\"><a href=\"https:\/\/www.enorsai.com\/noticias\/politica\/el-canal-maldonado-la-obra-peronista-que-milei-jamas-haria-hoy-salvo-miles-de-vidas-en-bahia-blanca\/\">El Canal Maldonado: la obra peronista que Milei jam\u00e1s har\u00eda hoy salv\u00f3 miles de vidas en Bah\u00eda Blanca<\/a><\/blockquote><iframe loading=\"lazy\" class=\"wp-embedded-content\" sandbox=\"allow-scripts\" security=\"restricted\" style=\"position: absolute; visibility: hidden;\" title=\"\u00abEl Canal Maldonado: la obra peronista que Milei jam\u00e1s har\u00eda hoy salv\u00f3 miles de vidas en Bah\u00eda Blanca\u00bb \u2014 \" src=\"https:\/\/www.enorsai.com\/noticias\/politica\/el-canal-maldonado-la-obra-peronista-que-milei-jamas-haria-hoy-salvo-miles-de-vidas-en-bahia-blanca\/embed\/#?secret=6anSyiNWy3#?secret=zT499uDISk\" data-secret=\"zT499uDISk\" width=\"600\" height=\"338\" frameborder=\"0\" marginwidth=\"0\" marginheight=\"0\" scrolling=\"no\"><\/iframe>\n<\/div><\/figure>\n\n\n\n<p>Por \u00faltimo, reafirm\u00f3 la decisi\u00f3n del libertario de que la construcci\u00f3n de la obra p\u00fablica la impulse el sector privado, y acus\u00f3 a la administraci\u00f3n peronista por las consecuencias de las cat\u00e1strofes naturales.&nbsp;<\/p>\n\n\n\n<p>\u201cNo es que estemos cerrados a analizar un tema y dentro de las competencias que tiene Provincia y Naci\u00f3n, estamos&nbsp;<strong>dispuestos a hacer lo que corresponda para aliviar la situaci\u00f3n y para prevenir futuro\u201d,<\/strong>&nbsp;resalt\u00f3, y concluy\u00f3: \u201cEste Gobierno lleva un a\u00f1o en el ejercicio de la administraci\u00f3n nacional. Hubo 20 a\u00f1os anteriores en los que la responsabilidad estuvo a cargo del que gobierna la provincia de Buenos Aires, salvo cuatro a\u00f1os de gobierno del PRO\u00bb.&nbsp;<\/p>\n\n\n\n<p>Fuente:<\/p>\n\n\n\n<ul class=\"wp-block-list\">\n<li><a href=\"https:\/\/noticiasargentinas.com\/politica\/el-gobierno-dice-que-a-bahia-blanca-la-deben-reconstruir-la-municipalidad-y-la-provincia-de-buenos-aires_a67cee4bfffd8068d5b4bc01d\">https:\/\/noticiasargentinas.com\/politica\/el-gobierno-dice-que-a-bahia-blanca-la-deben-reconstruir-la-municipalidad-y-la-provincia-de-buenos-aires_a67cee4bfffd8068d5b4bc01d<\/a><\/li>\n<\/ul>\n\n\n","protected":false},"excerpt":{"rendered":"<p>El jefe de Gabinete, Guillermo Francos, afirm\u00f3 que la reconstrucci\u00f3n de Bah\u00eda Blanca tras el temporal debe ser responsabilidad de la provincia y el municipio, mientras la Naci\u00f3n solo \u00abacompa\u00f1ar\u00e1\u00bb. En un discurso que elude compromisos concretos, el gobierno de Javier Milei sigue priorizando el ajuste antes que la emergencia.<\/p>\n","protected":false},"author":1,"featured_media":2355,"comment_status":"open","ping_status":"open","sticky":false,"template":"","format":"standard","meta":{"_monsterinsights_skip_tracking":false,"_monsterinsights_sitenote_active":false,"_monsterinsights_sitenote_note":"","_monsterinsights_sitenote_category":0,"footnotes":"","jetpack_publicize_message":"","jetpack_publicize_feature_enabled":true,"jetpack_social_post_already_shared":false,"jetpack_social_options":{"image_generator_settings":{"template":"highway","enabled":false},"version":2}},"categories":[2],"tags":[58,833,537,27,45,860,858,859,853,857],"class_list":["post-2353","post","type-post","status-publish","format-standard","has-post-thumbnail","hentry","category-politica","tag-ajuste","tag-bahiablanca","tag-financiamiento","tag-gobierno","tag-milei","tag-municipio","tag-nacion","tag-provincia","tag-reconstruccion","tag-temporal"],"jetpack_publicize_connections":[],"_links":{"self":[{"href":"https:\/\/www.enorsai.com\/noticias\/wp-json\/wp\/v2\/posts\/2353","targetHints":{"allow":["GET"]}}],"collection":[{"href":"https:\/\/www.enorsai.com\/noticias\/wp-json\/wp\/v2\/posts"}],"about":[{"href":"https:\/\/www.enorsai.com\/noticias\/wp-json\/wp\/v2\/types\/post"}],"author":[{"embeddable":true,"href":"https:\/\/www.enorsai.com\/noticias\/wp-json\/wp\/v2\/users\/1"}],"replies":[{"embeddable":true,"href":"https:\/\/www.enorsai.com\/noticias\/wp-json\/wp\/v2\/comments?post=2353"}],"version-history":[{"count":1,"href":"https:\/\/www.enorsai.com\/noticias\/wp-json\/wp\/v2\/posts\/2353\/revisions"}],"predecessor-version":[{"id":2356,"href":"https:\/\/www.enorsai.com\/noticias\/wp-json\/wp\/v2\/posts\/2353\/revisions\/2356"}],"wp:featuredmedia":[{"embeddable":true,"href":"https:\/\/www.enorsai.com\/noticias\/wp-json\/wp\/v2\/media\/2355"}],"wp:attachment":[{"href":"https:\/\/www.enorsai.com\/noticias\/wp-json\/wp\/v2\/media?parent=2353"}],"wp:term":[{"taxonomy":"category","embeddable":true,"href":"https:\/\/www.enorsai.com\/noticias\/wp-json\/wp\/v2\/categories?post=2353"},{"taxonomy":"post_tag","embeddable":true,"href":"https:\/\/www.enorsai.com\/noticias\/wp-json\/wp\/v2\/tags?post=2353"}],"curies":[{"name":"wp","href":"https:\/\/api.w.org\/{rel}","templated":true}]}}